{"id":114891,"date":"2020-01-04T12:58:37","date_gmt":"2020-01-04T09:58:37","guid":{"rendered":"http:\/\/arantv.az\/?p=114891"},"modified":"2020-01-04T12:58:37","modified_gmt":"2020-01-04T09:58:37","slug":"%c9%99rdogan-az%c9%99rbaycanla-bagli-s%c9%99n%c9%99di-t%c9%99sdiql%c9%99di","status":"publish","type":"post","link":"https:\/\/arantv.az\/?p=114891","title":{"rendered":"\u018frdo\u011fan Az\u0259rbaycanla ba\u011fl\u0131 s\u0259n\u0259di t\u0259sdiql\u0259di"},"content":{"rendered":"<p>T\u00fcrkiy\u0259 Prezidenti R\u0259c\u0259b Tayyib \u018frdo\u011fan Az\u0259rbaycanla iqtisadi \u0259m\u0259kda\u015fl\u0131\u011f\u0131 \u00f6z\u00fcnd\u0259 ehtiva ed\u0259n protokolu t\u0259sdiql\u0259yib.<\/p>\n<p><b>ARANTV.AZ<\/b>-\u0131n x\u0259b\u0259rin\u0259 g\u00f6r\u0259, R.T.\u018frdo\u011fan\u0131n t\u0259sdiq etdiyi s\u0259n\u0259d Az\u0259rbaycan Respublikas\u0131 il\u0259 T\u00fcrkiy\u0259 Respublikas\u0131 aras\u0131nda iqtisadi \u0259m\u0259kda\u015fl\u0131q \u00fczr\u0259 Birg\u0259 H\u00f6kum\u0259tl\u0259raras\u0131 Komissiyan\u0131n s\u0259kkizinci iclas\u0131n\u0131n protokoludur.<\/p>\n<p>Qeyd ed\u0259k ki, 2019-cu ilin sentyabr\u0131n 16-da Bak\u0131da Az\u0259rbaycanla T\u00fcrkiy\u0259 aras\u0131nda iqtisadi \u0259m\u0259kda\u015fl\u0131q \u00fczr\u0259 Birg\u0259 H\u00f6kum\u0259tl\u0259raras\u0131 Komissiyan\u0131n s\u0259kkizinci iclas\u0131 ke\u00e7irilib.<\/p>\n<div id=\"AdviadNativeVideo0\" class=\"AdviadNativeVideo\"><\/div>\n<p>\u0130clasda Az\u0259rbaycan v\u0259 T\u00fcrkiy\u0259 aras\u0131nda m\u00fcxt\u0259lif sah\u0259l\u0259rd\u0259 \u0259laq\u0259l\u0259rin inki\u015faf etdirilm\u0259sin\u0259 m\u00fcsb\u0259t t\u0259sir g\u00f6st\u0259r\u0259c\u0259yin\u0259 \u0259minlik ifad\u0259 edilib.<\/p>\n<p>H\u0259m\u00e7inin, Az\u0259rbaycan v\u0259 T\u00fcrkiy\u0259 aras\u0131nda m\u00fcxt\u0259lif sah\u0259l\u0259rd\u0259 \u0259m\u0259kda\u015fl\u0131\u011fa dair m\u00fczakir\u0259l\u0259rin n\u0259tic\u0259si olaraq, iclas\u0131n protokoluna \u0259lav\u0259 kimi t\u0259rtib edilmi\u015f F\u0259aliyy\u0259t Plan\u0131 da q\u0259bul edilib.<\/p>\n<p>Qeyd ed\u0259k ki, protokolu Az\u0259rbaycan\u0131n h\u0259min d\u00f6vrd\u0259 Ba\u015f naziri olan Novruz M\u0259mm\u0259dov (art\u0131q ke\u00e7mi\u015f Ba\u015f nazir) v\u0259 T\u00fcrkiy\u0259nin vitse-prezidenti Fuat Oktay imzalam\u0131\u015fd\u0131lar.Oxu.Az<\/p>\n","protected":false},"excerpt":{"rendered":"<p>T\u00fcrkiy\u0259 Prezidenti R\u0259c\u0259b Tayyib \u018frdo\u011fan Az\u0259rbaycanla iqtisadi \u0259m\u0259kda\u015fl\u0131\u011f\u0131 \u00f6z\u00fcnd\u0259 ehtiva ed\u0259n protokolu t\u0259sdiql\u0259yib. ARANTV.AZ-\u0131n x\u0259b\u0259rin\u0259 g\u00f6r\u0259, R.T.\u018frdo\u011fan\u0131n t\u0259sdiq etdiyi s\u0259n\u0259d Az\u0259rbaycan Respublikas\u0131 il\u0259 T\u00fcrkiy\u0259 Respublikas\u0131 aras\u0131nda iqtisadi \u0259m\u0259kda\u015fl\u0131q \u00fczr\u0259 Birg\u0259 H\u00f6kum\u0259tl\u0259raras\u0131 Komissiyan\u0131n s\u0259kkizinci iclas\u0131n\u0131n protokoludur. Qeyd ed\u0259k ki, 2019-cu ilin sentyabr\u0131n 16-da Bak\u0131da Az\u0259rbaycanla T\u00fcrkiy\u0259 aras\u0131nda iqtisadi \u0259m\u0259kda\u015fl\u0131q \u00fczr\u0259 Birg\u0259 H\u00f6kum\u0259tl\u0259raras\u0131 Komissiyan\u0131n s\u0259kkizinci iclas\u0131 ke\u00e7irilib. \u0130clasda Az\u0259rbaycan v\u0259 T\u00fcrkiy\u0259 aras\u0131nda m\u00fcxt\u0259lif sah\u0259l\u0259rd\u0259 \u0259laq\u0259l\u0259rin inki\u015faf etdirilm\u0259sin\u0259 m\u00fcsb\u0259t t\u0259sir g\u00f6st\u0259r\u0259c\u0259yin\u0259 \u0259minlik ifad\u0259 edilib. H\u0259m\u00e7inin, Az\u0259rbaycan v\u0259 T\u00fcrkiy\u0259 aras\u0131nda m\u00fcxt\u0259lif sah\u0259l\u0259rd\u0259 \u0259m\u0259kda\u015fl\u0131\u011fa dair m\u00fczakir\u0259l\u0259rin n\u0259tic\u0259si olaraq, iclas\u0131n protokoluna \u0259lav\u0259 kimi t\u0259rtib edilmi\u015f F\u0259aliyy\u0259t&hellip;<\/p>\n","protected":false},"author":2,"featured_media":114892,"comment_status":"closed","ping_status":"closed","sticky":false,"template":"","format":"standard","meta":{"om_disable_all_campaigns":false,"_monsterinsights_skip_tracking":false,"_monsterinsights_sitenote_active":false,"_monsterinsights_sitenote_note":"","_monsterinsights_sitenote_category":0},"categories":[19],"tags":[],"aioseo_notices":[],"gutentor_comment":0,"rttpg_featured_image_url":{"full":["https:\/\/arantv.az\/wp-content\/uploads\/2020\/01\/5da438582269a20e1894d83b.jpg",620,364,false],"landscape":["https:\/\/arantv.az\/wp-content\/uploads\/2020\/01\/5da438582269a20e1894d83b.jpg",620,364,false],"portraits":["https:\/\/arantv.az\/wp-content\/uploads\/2020\/01\/5da438582269a20e1894d83b.jpg",620,364,false],"thumbnail":["https:\/\/arantv.az\/wp-content\/uploads\/2020\/01\/5da438582269a20e1894d83b-150x150.jpg",150,150,true],"medium":["https:\/\/arantv.az\/wp-content\/uploads\/2020\/01\/5da438582269a20e1894d83b-300x176.jpg",300,176,true],"large":["https:\/\/arantv.az\/wp-content\/uploads\/2020\/01\/5da438582269a20e1894d83b.jpg",620,364,false],"1536x1536":["https:\/\/arantv.az\/wp-content\/uploads\/2020\/01\/5da438582269a20e1894d83b.jpg",620,364,false],"2048x2048":["https:\/\/arantv.az\/wp-content\/uploads\/2020\/01\/5da438582269a20e1894d83b.jpg",620,364,false],"post-thumbnail":["https:\/\/arantv.az\/wp-content\/uploads\/2020\/01\/5da438582269a20e1894d83b-240x172.jpg",240,172,true],"advps-thumb-one":["https:\/\/arantv.az\/wp-content\/uploads\/2020\/01\/5da438582269a20e1894d83b.jpg",620,364,false]},"rttpg_author":{"display_name":"V\u00fcsal Rafiqo\u011flu","author_link":"https:\/\/arantv.az\/?author=2"},"rttpg_comment":0,"rttpg_category":"<a href=\"https:\/\/arantv.az\/?cat=19\" rel=\"category\">G\u00fcnd\u0259m<\/a>","rttpg_excerpt":"T\u00fcrkiy\u0259 Prezidenti R\u0259c\u0259b Tayyib \u018frdo\u011fan Az\u0259rbaycanla iqtisadi \u0259m\u0259kda\u015fl\u0131\u011f\u0131 \u00f6z\u00fcnd\u0259 ehtiva ed\u0259n protokolu t\u0259sdiql\u0259yib. ARANTV.AZ-\u0131n x\u0259b\u0259rin\u0259 g\u00f6r\u0259, R.T.\u018frdo\u011fan\u0131n t\u0259sdiq etdiyi s\u0259n\u0259d Az\u0259rbaycan Respublikas\u0131 il\u0259 T\u00fcrkiy\u0259 Respublikas\u0131 aras\u0131nda iqtisadi \u0259m\u0259kda\u015fl\u0131q \u00fczr\u0259 Birg\u0259 H\u00f6kum\u0259tl\u0259raras\u0131 Komissiyan\u0131n s\u0259kkizinci iclas\u0131n\u0131n protokoludur. Qeyd ed\u0259k ki, 2019-cu ilin sentyabr\u0131n 16-da Bak\u0131da Az\u0259rbaycanla T\u00fcrkiy\u0259 aras\u0131nda iqtisadi \u0259m\u0259kda\u015fl\u0131q \u00fczr\u0259 Birg\u0259 H\u00f6kum\u0259tl\u0259raras\u0131 Komissiyan\u0131n s\u0259kkizinci iclas\u0131 ke\u00e7irilib.&hellip;","_links":{"self":[{"href":"https:\/\/arantv.az\/index.php?rest_route=\/wp\/v2\/posts\/114891"}],"collection":[{"href":"https:\/\/arantv.az\/index.php?rest_route=\/wp\/v2\/posts"}],"about":[{"href":"https:\/\/arantv.az\/index.php?rest_route=\/wp\/v2\/types\/post"}],"author":[{"embeddable":true,"href":"https:\/\/arantv.az\/index.php?rest_route=\/wp\/v2\/users\/2"}],"replies":[{"embeddable":true,"href":"https:\/\/arantv.az\/index.php?rest_route=%2Fwp%2Fv2%2Fcomments&post=114891"}],"version-history":[{"count":0,"href":"https:\/\/arantv.az\/index.php?rest_route=\/wp\/v2\/posts\/114891\/revisions"}],"wp:featuredmedia":[{"embeddable":true,"href":"https:\/\/arantv.az\/index.php?rest_route=\/wp\/v2\/media\/114892"}],"wp:attachment":[{"href":"https:\/\/arantv.az\/index.php?rest_route=%2Fwp%2Fv2%2Fmedia&parent=114891"}],"wp:term":[{"taxonomy":"category","embeddable":true,"href":"https:\/\/arantv.az\/index.php?rest_route=%2Fwp%2Fv2%2Fcategories&post=114891"},{"taxonomy":"post_tag","embeddable":true,"href":"https:\/\/arantv.az\/index.php?rest_route=%2Fwp%2Fv2%2Ftags&post=114891"}],"curies":[{"name":"wp","href":"https:\/\/api.w.org\/{rel}","templated":true}]}}