{"id":114895,"date":"2020-01-04T12:59:12","date_gmt":"2020-01-04T09:59:12","guid":{"rendered":"http:\/\/arantv.az\/?p=114895"},"modified":"2020-01-04T12:59:12","modified_gmt":"2020-01-04T09:59:12","slug":"az%c9%99rbaycanli-rus-qadina-t%c9%99cavuz-etdi","status":"publish","type":"post","link":"https:\/\/arantv.az\/?p=114895","title":{"rendered":"Az\u0259rbaycanl\u0131 rus qad\u0131na t\u0259cav\u00fcz etdi"},"content":{"rendered":"<p>Rusiyan\u0131n Vsevolojski rayonunda az\u0259rbaycanl\u0131 ki\u015fi bir qad\u0131na t\u0259cav\u00fcz edib.<\/p>\n<p>Konkretno.ru-nun x\u0259b\u0259rin\u0259 g\u00f6r\u0259, 40 ya\u015fl\u0131 qad\u0131n polis\u0259 m\u00fcraci\u0259t ed\u0259r\u0259k, \u201c\u015eaurma\u201d kafesind\u0259 i\u015fl\u0259y\u0259n 25 ya\u015fl\u0131 az\u0259rbaycanl\u0131n\u0131n kafed\u0259 ona t\u0259cav\u00fcz etdiyini bildirib.<\/p>\n<div id=\"AdviadNativeVideo0\" class=\"AdviadNativeVideo\"><\/div>\n<p>Polisin \u0259razid\u0259 apard\u0131\u011f\u0131 axtar\u0131\u015f n\u0259tic\u0259sind\u0259 \u015fampan \u015f\u00fc\u015f\u0259si s\u00fcbut olaraq g\u00f6t\u00fcr\u00fcl\u00fcb.<\/p>\n<p>Az\u0259rbaycanl\u0131 g\u0259nc tutularaq istintaqa c\u0259lb olunub.<\/p>\n","protected":false},"excerpt":{"rendered":"<p>Rusiyan\u0131n Vsevolojski rayonunda az\u0259rbaycanl\u0131 ki\u015fi bir qad\u0131na t\u0259cav\u00fcz edib. Konkretno.ru-nun x\u0259b\u0259rin\u0259 g\u00f6r\u0259, 40 ya\u015fl\u0131 qad\u0131n polis\u0259 m\u00fcraci\u0259t ed\u0259r\u0259k, \u201c\u015eaurma\u201d kafesind\u0259 i\u015fl\u0259y\u0259n 25 ya\u015fl\u0131 az\u0259rbaycanl\u0131n\u0131n kafed\u0259 ona t\u0259cav\u00fcz etdiyini bildirib. Polisin \u0259razid\u0259 apard\u0131\u011f\u0131 axtar\u0131\u015f n\u0259tic\u0259sind\u0259 \u015fampan \u015f\u00fc\u015f\u0259si s\u00fcbut olaraq g\u00f6t\u00fcr\u00fcl\u00fcb. Az\u0259rbaycanl\u0131 g\u0259nc tutularaq istintaqa c\u0259lb olunub.<\/p>\n","protected":false},"author":2,"featured_media":114896,"comment_status":"closed","ping_status":"closed","sticky":false,"template":"","format":"standard","meta":{"om_disable_all_campaigns":false,"_monsterinsights_skip_tracking":false,"_monsterinsights_sitenote_active":false,"_monsterinsights_sitenote_note":"","_monsterinsights_sitenote_category":0},"categories":[5],"tags":[],"aioseo_notices":[],"gutentor_comment":0,"rttpg_featured_image_url":{"full":["https:\/\/arantv.az\/wp-content\/uploads\/2020\/01\/nasiliya.jpg",620,331,false],"landscape":["https:\/\/arantv.az\/wp-content\/uploads\/2020\/01\/nasiliya.jpg",620,331,false],"portraits":["https:\/\/arantv.az\/wp-content\/uploads\/2020\/01\/nasiliya.jpg",620,331,false],"thumbnail":["https:\/\/arantv.az\/wp-content\/uploads\/2020\/01\/nasiliya-150x150.jpg",150,150,true],"medium":["https:\/\/arantv.az\/wp-content\/uploads\/2020\/01\/nasiliya-300x160.jpg",300,160,true],"large":["https:\/\/arantv.az\/wp-content\/uploads\/2020\/01\/nasiliya.jpg",620,331,false],"1536x1536":["https:\/\/arantv.az\/wp-content\/uploads\/2020\/01\/nasiliya.jpg",620,331,false],"2048x2048":["https:\/\/arantv.az\/wp-content\/uploads\/2020\/01\/nasiliya.jpg",620,331,false],"post-thumbnail":["https:\/\/arantv.az\/wp-content\/uploads\/2020\/01\/nasiliya-240x172.jpg",240,172,true],"advps-thumb-one":["https:\/\/arantv.az\/wp-content\/uploads\/2020\/01\/nasiliya.jpg",620,331,false]},"rttpg_author":{"display_name":"V\u00fcsal Rafiqo\u011flu","author_link":"https:\/\/arantv.az\/?author=2"},"rttpg_comment":0,"rttpg_category":"<a href=\"https:\/\/arantv.az\/?cat=5\" rel=\"category\">Hadis\u0259<\/a>","rttpg_excerpt":"Rusiyan\u0131n Vsevolojski rayonunda az\u0259rbaycanl\u0131 ki\u015fi bir qad\u0131na t\u0259cav\u00fcz edib. Konkretno.ru-nun x\u0259b\u0259rin\u0259 g\u00f6r\u0259, 40 ya\u015fl\u0131 qad\u0131n polis\u0259 m\u00fcraci\u0259t ed\u0259r\u0259k, \u201c\u015eaurma\u201d kafesind\u0259 i\u015fl\u0259y\u0259n 25 ya\u015fl\u0131 az\u0259rbaycanl\u0131n\u0131n kafed\u0259 ona t\u0259cav\u00fcz etdiyini bildirib. Polisin \u0259razid\u0259 apard\u0131\u011f\u0131 axtar\u0131\u015f n\u0259tic\u0259sind\u0259 \u015fampan \u015f\u00fc\u015f\u0259si s\u00fcbut olaraq g\u00f6t\u00fcr\u00fcl\u00fcb. Az\u0259rbaycanl\u0131 g\u0259nc tutularaq istintaqa c\u0259lb olunub.","_links":{"self":[{"href":"https:\/\/arantv.az\/index.php?rest_route=\/wp\/v2\/posts\/114895"}],"collection":[{"href":"https:\/\/arantv.az\/index.php?rest_route=\/wp\/v2\/posts"}],"about":[{"href":"https:\/\/arantv.az\/index.php?rest_route=\/wp\/v2\/types\/post"}],"author":[{"embeddable":true,"href":"https:\/\/arantv.az\/index.php?rest_route=\/wp\/v2\/users\/2"}],"replies":[{"embeddable":true,"href":"https:\/\/arantv.az\/index.php?rest_route=%2Fwp%2Fv2%2Fcomments&post=114895"}],"version-history":[{"count":0,"href":"https:\/\/arantv.az\/index.php?rest_route=\/wp\/v2\/posts\/114895\/revisions"}],"wp:featuredmedia":[{"embeddable":true,"href":"https:\/\/arantv.az\/index.php?rest_route=\/wp\/v2\/media\/114896"}],"wp:attachment":[{"href":"https:\/\/arantv.az\/index.php?rest_route=%2Fwp%2Fv2%2Fmedia&parent=114895"}],"wp:term":[{"taxonomy":"category","embeddable":true,"href":"https:\/\/arantv.az\/index.php?rest_route=%2Fwp%2Fv2%2Fcategories&post=114895"},{"taxonomy":"post_tag","embeddable":true,"href":"https:\/\/arantv.az\/index.php?rest_route=%2Fwp%2Fv2%2Ftags&post=114895"}],"curies":[{"name":"wp","href":"https:\/\/api.w.org\/{rel}","templated":true}]}}