{"id":114911,"date":"2020-01-04T13:46:20","date_gmt":"2020-01-04T10:46:20","guid":{"rendered":"http:\/\/arantv.az\/?p=114911"},"modified":"2020-01-04T13:46:20","modified_gmt":"2020-01-04T10:46:20","slug":"bu-il-az%c9%99rbaycanda-bir-sira-s%c9%99hiyy%c9%99-mu%c9%99ssis%c9%99l%c9%99ri-istifad%c9%99y%c9%99-veril%c9%99c%c9%99k","status":"publish","type":"post","link":"https:\/\/arantv.az\/?p=114911","title":{"rendered":"Bu il Az\u0259rbaycanda bir s\u0131ra s\u0259hiyy\u0259 m\u00fc\u0259ssis\u0259l\u0259ri istifad\u0259y\u0259 veril\u0259c\u0259k"},"content":{"rendered":"<div class=\"spot\">Prezident \u0130lham \u018fliyevin v\u0259 Birinci vitse-prezident Mehriban xan\u0131m \u018fliyevan\u0131n sosialy\u00f6n\u00fcml\u00fc siyas\u0259tinin n\u0259tic\u0259si olaraq, Az\u0259rbaycanda yeni tibb ocaqlar\u0131 tikilir, s\u0259hiyy\u0259 m\u00fc\u0259ssis\u0259l\u0259rinin maddi-texniki bazas\u0131 g\u00fccl\u0259ndirilir, t\u0259minat\u0131 yax\u015f\u0131la\u015fd\u0131r\u0131l\u0131r. Bu siyas\u0259tin n\u0259tic\u0259si olaraq Az\u0259rbaycanda \u00e7oxsayl\u0131 s\u0259hiyy\u0259 m\u00fc\u0259ssis\u0259l\u0259rinin tikintisi, \u0259sasl\u0131 t\u0259miri v\u0259 m\u00fcasir avadanl\u0131qla t\u0259chiz edilm\u0259si 2019-cu ild\u0259 u\u011furla h\u0259yata ke\u00e7irilib.<\/div>\n<p><strong>ARANTV.AZ<\/strong> az\u0259rtac-a istinad\u0259n x\u0259b\u0259r verir ki, bunu S\u0259hiyy\u0259 Nazirliyinin tibbi yard\u0131m\u0131n t\u0259\u015fkili \u015f\u00f6b\u0259sinin m\u00fcdiri G\u00fclmirz\u0259 Poladov deyib.<\/p>\n<p>\u015e\u00f6b\u0259 m\u00fcdiri bildirib ki, 2019-cu ild\u0259 yeni tikilmi\u015f Qobustan Rayon M\u0259rk\u0259zi X\u0259st\u0259xanas\u0131 \u0259halinin istifad\u0259sin\u0259 verilib, Buzovnada yerl\u0259\u015f\u0259n Tibbi Reabilitasiya M\u0259rk\u0259zind\u0259, Qazax, \u015e\u0259mkir, Goranboy Rayon M\u0259rk\u0259zi x\u0259st\u0259xanalar\u0131nda t\u0259mir-tikinti i\u015fl\u0259ri ba\u015fa \u00e7atd\u0131r\u0131l\u0131b, tam t\u0259chiz olunub v\u0259 a\u00e7\u0131l\u0131\u015fa haz\u0131rd\u0131r. \u015e\u0259ki, G\u0259nc\u0259 Psixiatriya x\u0259st\u0259xanalar\u0131, 7 n\u00f6mr\u0259li Birl\u0259\u015fmi\u015f \u015e\u0259h\u0259r X\u0259st\u0259xanas\u0131, professor Gindes ad\u0131na Respublika V\u0259r\u0259m X\u0259st\u0259likl\u0259ri Sanatoriyas\u0131n\u0131n tikintisi ba\u015fa \u00e7at\u0131b. Bu il h\u0259min m\u00fc\u0259ssis\u0259l\u0259rin a\u00e7\u0131l\u0131\u015f\u0131 g\u00f6zl\u0259nilir. Haz\u0131rda X\u0131rdalan \u015f\u0259h\u0259rind\u0259 Ab\u015feron Rayon M\u0259rk\u0259zi X\u0259st\u0259xanas\u0131n\u0131n, Q\u0259b\u0259l\u0259, F\u00fczuli, Samux Rayon M\u0259rk\u0259zi x\u0259st\u0259xanalar\u0131n\u0131n, Bak\u0131 \u015f\u0259h\u0259r 11 n\u00f6mr\u0259li Birl\u0259\u015fmi\u015f \u015e\u0259h\u0259r X\u0259st\u0259xanas\u0131n\u0131n, Bak\u0131 \u015f\u0259h\u0259ri S\u0259bail rayonu Badamdar q\u0259s\u0259b\u0259 x\u0259st\u0259xanas\u0131n\u0131n, Sumqay\u0131t 2 n\u00f6mr\u0259li \u015e\u0259h\u0259r X\u0259st\u0259xanas\u0131n\u0131n tikintisi, Bak\u0131 \u015f\u0259h\u0259r 2 n\u00f6mr\u0259li Do\u011fum evinin, Salyan Rayonu M\u0259rk\u0259zi X\u0259st\u0259xanas\u0131n\u0131n Do\u011fum \u015f\u00f6b\u0259sinin v\u0259 U\u015faq X\u0259st\u0259xanas\u0131n\u0131n \u0259sasl\u0131 t\u0259miri davam etdirilir.<\/p>\n<p>B\u00f6y\u00fck diaqnostik imkanlara v\u0259 kadr potensial\u0131na malik bel\u0259 tibb ocaqlar\u0131n\u0131n yarad\u0131lmas\u0131 h\u0259m paytaxtda, h\u0259m d\u0259 b\u00fct\u00fcn regionlarda \u0259haliy\u0259 y\u00fcks\u0259k keyfiyy\u0259tli v\u0259 h\u0259rt\u0259r\u0259fli tibbi xidm\u0259t g\u00f6st\u0259rm\u0259y\u0259 m\u00fcnbit \u015f\u0259rait yarad\u0131b. 2019-cu ild\u0259 18 ya\u015fdan yuxar\u0131 \u0259halinin 74 faizi tibbi m\u00fcayin\u0259l\u0259rd\u0259n ke\u00e7irilib. M\u00fcraci\u0259t ed\u0259nl\u0259rin 279 min n\u0259f\u0259rind\u0259 m\u00fcxt\u0259lif n\u00f6v ilkin x\u0259st\u0259likl\u0259r a\u015fkarlan\u0131b. Onlardan 21 min n\u0259f\u0259r hospitaliz\u0259 olunub, 56 min\u0259 yax\u0131n\u0131 dispanser n\u0259zar\u0259tin\u0259 al\u0131n\u0131b, 1 milyon 800 mind\u0259n \u00e7ox insan \u0259lav\u0259 m\u00fcayin\u0259l\u0259r\u0259 c\u0259lb olunub. El\u0259c\u0259 d\u0259 99 mind\u0259n \u00e7ox insan sa\u011flamla\u015fd\u0131r\u0131laraq dispanser qeydiyyat\u0131ndan \u00e7\u0131xar\u0131l\u0131b.<\/p>\n","protected":false},"excerpt":{"rendered":"<p>Prezident \u0130lham \u018fliyevin v\u0259 Birinci vitse-prezident Mehriban xan\u0131m \u018fliyevan\u0131n sosialy\u00f6n\u00fcml\u00fc siyas\u0259tinin n\u0259tic\u0259si olaraq, Az\u0259rbaycanda yeni tibb ocaqlar\u0131 tikilir, s\u0259hiyy\u0259 m\u00fc\u0259ssis\u0259l\u0259rinin maddi-texniki bazas\u0131 g\u00fccl\u0259ndirilir, t\u0259minat\u0131 yax\u015f\u0131la\u015fd\u0131r\u0131l\u0131r. Bu siyas\u0259tin n\u0259tic\u0259si olaraq Az\u0259rbaycanda \u00e7oxsayl\u0131 s\u0259hiyy\u0259 m\u00fc\u0259ssis\u0259l\u0259rinin tikintisi, \u0259sasl\u0131 t\u0259miri v\u0259 m\u00fcasir avadanl\u0131qla t\u0259chiz edilm\u0259si 2019-cu ild\u0259 u\u011furla h\u0259yata ke\u00e7irilib. ARANTV.AZ az\u0259rtac-a istinad\u0259n x\u0259b\u0259r verir ki, bunu S\u0259hiyy\u0259 Nazirliyinin tibbi yard\u0131m\u0131n t\u0259\u015fkili \u015f\u00f6b\u0259sinin m\u00fcdiri G\u00fclmirz\u0259 Poladov deyib. \u015e\u00f6b\u0259 m\u00fcdiri bildirib ki, 2019-cu ild\u0259 yeni tikilmi\u015f Qobustan Rayon M\u0259rk\u0259zi X\u0259st\u0259xanas\u0131 \u0259halinin istifad\u0259sin\u0259 verilib, Buzovnada yerl\u0259\u015f\u0259n Tibbi Reabilitasiya M\u0259rk\u0259zind\u0259, Qazax, \u015e\u0259mkir, Goranboy Rayon M\u0259rk\u0259zi x\u0259st\u0259xanalar\u0131nda t\u0259mir-tikinti&hellip;<\/p>\n","protected":false},"author":2,"featured_media":114912,"comment_status":"closed","ping_status":"closed","sticky":false,"template":"","format":"standard","meta":{"om_disable_all_campaigns":false,"_monsterinsights_skip_tracking":false,"_monsterinsights_sitenote_active":false,"_monsterinsights_sitenote_note":"","_monsterinsights_sitenote_category":0},"categories":[1],"tags":[],"aioseo_notices":[],"gutentor_comment":0,"rttpg_featured_image_url":{"full":["https:\/\/arantv.az\/wp-content\/uploads\/2020\/01\/15781288201021647415_1000x669.jpg",1000,638,false],"landscape":["https:\/\/arantv.az\/wp-content\/uploads\/2020\/01\/15781288201021647415_1000x669.jpg",1000,638,false],"portraits":["https:\/\/arantv.az\/wp-content\/uploads\/2020\/01\/15781288201021647415_1000x669.jpg",1000,638,false],"thumbnail":["https:\/\/arantv.az\/wp-content\/uploads\/2020\/01\/15781288201021647415_1000x669-150x150.jpg",150,150,true],"medium":["https:\/\/arantv.az\/wp-content\/uploads\/2020\/01\/15781288201021647415_1000x669-300x191.jpg",300,191,true],"large":["https:\/\/arantv.az\/wp-content\/uploads\/2020\/01\/15781288201021647415_1000x669.jpg",640,408,false],"1536x1536":["https:\/\/arantv.az\/wp-content\/uploads\/2020\/01\/15781288201021647415_1000x669.jpg",1000,638,false],"2048x2048":["https:\/\/arantv.az\/wp-content\/uploads\/2020\/01\/15781288201021647415_1000x669.jpg",1000,638,false],"post-thumbnail":["https:\/\/arantv.az\/wp-content\/uploads\/2020\/01\/15781288201021647415_1000x669-240x172.jpg",240,172,true],"advps-thumb-one":["https:\/\/arantv.az\/wp-content\/uploads\/2020\/01\/15781288201021647415_1000x669-1000x620.jpg",1000,620,true]},"rttpg_author":{"display_name":"V\u00fcsal Rafiqo\u011flu","author_link":"https:\/\/arantv.az\/?author=2"},"rttpg_comment":0,"rttpg_category":"<a href=\"https:\/\/arantv.az\/?cat=1\" rel=\"category\">C\u0259miyy\u0259t<\/a>","rttpg_excerpt":"Prezident \u0130lham \u018fliyevin v\u0259 Birinci vitse-prezident Mehriban xan\u0131m \u018fliyevan\u0131n sosialy\u00f6n\u00fcml\u00fc siyas\u0259tinin n\u0259tic\u0259si olaraq, Az\u0259rbaycanda yeni tibb ocaqlar\u0131 tikilir, s\u0259hiyy\u0259 m\u00fc\u0259ssis\u0259l\u0259rinin maddi-texniki bazas\u0131 g\u00fccl\u0259ndirilir, t\u0259minat\u0131 yax\u015f\u0131la\u015fd\u0131r\u0131l\u0131r. Bu siyas\u0259tin n\u0259tic\u0259si olaraq Az\u0259rbaycanda \u00e7oxsayl\u0131 s\u0259hiyy\u0259 m\u00fc\u0259ssis\u0259l\u0259rinin tikintisi, \u0259sasl\u0131 t\u0259miri v\u0259 m\u00fcasir avadanl\u0131qla t\u0259chiz edilm\u0259si 2019-cu ild\u0259 u\u011furla h\u0259yata ke\u00e7irilib. ARANTV.AZ az\u0259rtac-a istinad\u0259n x\u0259b\u0259r verir ki, bunu S\u0259hiyy\u0259 Nazirliyinin&hellip;","_links":{"self":[{"href":"https:\/\/arantv.az\/index.php?rest_route=\/wp\/v2\/posts\/114911"}],"collection":[{"href":"https:\/\/arantv.az\/index.php?rest_route=\/wp\/v2\/posts"}],"about":[{"href":"https:\/\/arantv.az\/index.php?rest_route=\/wp\/v2\/types\/post"}],"author":[{"embeddable":true,"href":"https:\/\/arantv.az\/index.php?rest_route=\/wp\/v2\/users\/2"}],"replies":[{"embeddable":true,"href":"https:\/\/arantv.az\/index.php?rest_route=%2Fwp%2Fv2%2Fcomments&post=114911"}],"version-history":[{"count":0,"href":"https:\/\/arantv.az\/index.php?rest_route=\/wp\/v2\/posts\/114911\/revisions"}],"wp:featuredmedia":[{"embeddable":true,"href":"https:\/\/arantv.az\/index.php?rest_route=\/wp\/v2\/media\/114912"}],"wp:attachment":[{"href":"https:\/\/arantv.az\/index.php?rest_route=%2Fwp%2Fv2%2Fmedia&parent=114911"}],"wp:term":[{"taxonomy":"category","embeddable":true,"href":"https:\/\/arantv.az\/index.php?rest_route=%2Fwp%2Fv2%2Fcategories&post=114911"},{"taxonomy":"post_tag","embeddable":true,"href":"https:\/\/arantv.az\/index.php?rest_route=%2Fwp%2Fv2%2Ftags&post=114911"}],"curies":[{"name":"wp","href":"https:\/\/api.w.org\/{rel}","templated":true}]}}