{"id":114924,"date":"2020-01-04T14:06:35","date_gmt":"2020-01-04T11:06:35","guid":{"rendered":"http:\/\/arantv.az\/?p=114924"},"modified":"2020-01-04T14:06:35","modified_gmt":"2020-01-04T11:06:35","slug":"real-v%c9%99-musavatin-seckiqabagi-ziddiyy%c9%99tli-davranislari-ugursuz-taktikadan-h%c9%99l%c9%99-d%c9%99-uzaqlasa-bilm%c9%99dikl%c9%99rini-subut-edir-ekspert","status":"publish","type":"post","link":"https:\/\/arantv.az\/?p=114924","title":{"rendered":"&#8220;&#8221;Real&#8221; v\u0259 &#8220;M\u00fcsavat&#8221;\u0131n se\u00e7kiqaba\u011f\u0131 ziddiyy\u0259tli davran\u0131\u015flar\u0131 u\u011fursuz taktikadan h\u0259l\u0259 d\u0259 uzaqla\u015fa bilm\u0259dikl\u0259rini s\u00fcbut edir&#8221; &#8211; Ekspert"},"content":{"rendered":"<blockquote><p><em><strong>Fevral\u0131n 9-da parlament se\u00e7kil\u0259rin\u0259 qat\u0131lmaq q\u0259rar\u0131 vermi\u015f b\u0259zi \u0259n\u0259n\u0259vi boykot\u00e7u m\u00fcxalif\u0259t qurumlar\u0131n\u0131n bu q\u0259rar\u0131 \u0259vv\u0259lki d\u00f6vrl\u0259rl\u0259 m\u00fcqayis\u0259d\u0259 ir\u0259liy\u0259 do\u011fru h\u0259r\u0259k\u0259t n\u00fcmun\u0259si say\u0131lsa da, se\u00e7ki kampaniyas\u0131n\u0131n gedi\u015find\u0259 m\u00fc\u015fahid\u0259 olunan b\u0259zi davran\u0131\u015flar onlar\u0131n ke\u00e7mi\u015fd\u0259ki u\u011fursuz taktikadan h\u0259l\u0259 d\u0259 tam uzaqla\u015fa bilm\u0259dikl\u0259rini s\u00fcbut edir.<\/strong><\/em><\/p><\/blockquote>\n<p><strong>ARANTV.AZ<\/strong> bildirir ki, bunu\u00a0<a href=\"http:\/\/az.trend.az\/\" target=\"_blank\" rel=\"noopener\">Trend<\/a>-\u0259\u00a0a\u00e7\u0131qlamas\u0131nda &#8220;Bak\u0131 x\u0259b\u0259r&#8221; q\u0259zetinin ba\u015f redaktoru, siyasi ekspert Ayd\u0131n Quliyev deyib.<\/p>\n<p>Onun s\u00f6zl\u0259rin\u0259 g\u00f6r\u0259, parlament se\u00e7kil\u0259rind\u0259 i\u015ftirak ed\u0259n &#8220;M\u00fcsavat&#8221; v\u0259 &#8220;Real&#8221; partiyalar\u0131n\u0131n siyasi-ideoloji f\u0259aliyy\u0259tl\u0259rind\u0259 bu x\u00fcsusiyy\u0259t \u00f6z\u00fcn\u00fc qabar\u0131q g\u00f6st\u0259rir: &#8220;Real&#8221; v\u0259 &#8220;M\u00fcsavat&#8221; \u00f6z namiz\u0259dl\u0259rini ir\u0259li s\u00fcr\u0259r\u0259k se\u00e7kid\u0259 i\u015ftirak etm\u0259kl\u0259 yana\u015f\u0131, h\u0259m d\u0259 se\u00e7kiqaba\u011f\u0131 m\u00fchitin b\u0259zi elementl\u0259rini t\u0259nqid edir v\u0259 b\u0259rab\u0259r se\u00e7ki \u015f\u0259raitinin olmad\u0131\u011f\u0131n\u0131 iddia edirl\u0259r. \u0130deoloji platformadak\u0131 bu ziddiyy\u0259t &#8220;M\u00fcsavat&#8221; v\u0259 &#8220;Real&#8221;\u0131n \u0259slind\u0259 m\u0259ntiqli v\u0259 bitkin se\u00e7ki platformas\u0131na malik olmad\u0131\u011f\u0131n\u0131 g\u00f6st\u0259rir v\u0259 &#8220;se\u00e7kiqaba\u011f\u0131 \u015f\u0259rait demokratik deyildis\u0259 se\u00e7kiy\u0131 niy\u0259 qat\u0131ld\u0131n\u0131z&#8221; kimi sad\u0259 bir sual\u0131n m\u0259ntiqi g\u00fcc\u00fc qar\u015f\u0131s\u0131nda darmada\u011f\u0131n olub gedir.<\/p>\n<p>Se\u00e7kid\u0259 i\u015ftirak ed\u0259n radikal m\u00fcxalif\u0259t partiyalar\u0131n\u0131n se\u00e7kiqaba\u011f\u0131 m\u00fchitin qeyri-b\u0259rab\u0259rliyi bar\u0259d\u0259 iddialar\u0131ndak\u0131 p\u0259rd\u0259arxas\u0131 h\u0259d\u0259fl\u0259r aydln ba\u015fa d\u00fc\u015f\u00fcl\u00fcr. \u018fvv\u0259la, &#8220;M\u00fcsavat&#8221; v\u0259 &#8220;Real&#8221; Az\u0259rbaycanda \u0259n\u0259n\u0259vi olaraq b\u00fct\u00fcn se\u00e7kil\u0259ri boykot etmi\u015f partiyalar\u0131n c\u0259miyy\u0259td\u0259 sosial dayaqlar\u0131n\u0131 s\u00fcr\u0259tl\u0259 itirm\u0259kd\u0259 olduqlar\u0131n\u0131 yax\u015f\u0131 bilir v\u0259 se\u00e7kiy\u0259 qat\u0131lmaqla c\u0259miyy\u0259tin n\u0259z\u0259rind\u0259 radikal boykot\u00e7ularla bir s\u0131rada olmad\u0131qlar\u0131 kimi aldad\u0131c\u0131 g\u00f6r\u00fcnt\u00fc yaratmaq ist\u0259yirl\u0259r. Art\u0131q s\u00fcbut olunmu\u015f reall\u0131qdlr ki, \u00f6z\u00fcn\u00fc se\u00e7kil\u0259rd\u0259n k\u0259narda qoyan ist\u0259nil\u0259n radikal partiya siyasi s\u0259hn\u0259d\u0259n silinib getm\u0259k h\u0259ddin\u0259 d\u00fc\u015f\u00fcr. &#8220;M\u00fcsavat&#8221; v\u0259 &#8220;Real&#8221;\u0131n \u00f6zl\u0259rini s\u0259hn\u0259d\u0259n silinm\u0259k t\u0259hl\u00fck\u0259sind\u0259 olmayan partiyalar kimi g\u00f6st\u0259rm\u0259k niyy\u0259tl\u0259ri ayd\u0131n g\u00f6r\u00fcn\u00fcr.<\/p>\n<p>\u0130kincisi, &#8220;Real&#8221; v\u0259 &#8220;M\u00fcsavat&#8221;\u0131n h\u0259m se\u00e7kid\u0259 i\u015ftirak\u0131, h\u0259m d\u0259 se\u00e7kiqaba\u011f\u0131 m\u00fchiti qeyri-demokratik qiym\u0259tl\u0259ndirm\u0259si h\u0259r k\u0259sin g\u00f6rd\u00fcy\u00fc a\u015fkar ziddiyy\u0259tdir. Bu ziddiyy\u0259tli taktika onlar\u0131n \u00f6nc\u0259d\u0259n g\u00f6r\u00fcn\u0259n m\u0259\u011flubiyy\u0259tl\u0259rinin \u0259sl s\u0259b\u0259bl\u0259rini \u00f6rt-basd\u0131r etm\u0259yin \u00fcsullar\u0131ndan biridir. Konkret des\u0259k, h\u0259r iki partiya se\u00e7kid\u0259 m\u0259\u011flub olacaqlar\u0131n\u0131 bilir v\u0259 bu m\u0259\u011flubiyy\u0259tin ill\u0259rd\u0259n b\u0259ri apar\u0131lan yanl\u0131\u015f siyas\u0259tin, c\u0259miyy\u0259td\u0259n uzaqla\u015fma\u011f\u0131n v\u0259 beyn\u0259lxalq d\u0259st\u0259k \u0259ld\u0259 ed\u0259 bilm\u0259m\u0259yin lab\u00fcd n\u0259tic\u0259l\u0259ri oldu\u011funu gizl\u0259tm\u0259k ist\u0259yir, xalqa mesaj verilir ki, guya \u015f\u0259rait qeyri-b\u0259rab\u0259r oldu\u011fundan layiq oldu\u011fumuz n\u0259tic\u0259y\u0259 yeti\u015f\u0259 bilm\u0259dik.<\/p>\n<p>\u00dc\u00e7\u00fcnc\u00fcs\u00fc, se\u00e7kiy\u0259 qat\u0131lan &#8220;M\u00fcsavat&#8221; v\u0259 &#8220;Real&#8221;\u0131n bir-birini inkar ed\u0259n ikiba\u015fl\u0131 taktika il\u0259 se\u00e7kid\u0259 i\u015ftirak\u0131 beyn\u0259lxalq dair\u0259l\u0259r\u0259 demokratik g\u00f6r\u00fcnm\u0259k \u00fc\u00e7\u00fcn i\u015f\u0259 sal\u0131nan n\u00f6vb\u0259ti u\u011fursuz pland\u0131r. Beyn\u0259lxalq dair\u0259l\u0259r d\u0259, ictimaiyy\u0259t d\u0259 f\u0259rqin\u0259 var\u0131r ki, ill\u0259r boyu g\u00fccl\u00fc demokratik q\u00fcvv\u0259 kimi tan\u0131na bilm\u0259y\u0259nl\u0259rin bel\u0259 siyasi ritorik oyunlarla m\u0259qs\u0259d\u0259 \u00e7ata bilm\u0259si m\u00fcmk\u00fcns\u00fczd\u00fcr&#8221;.<\/p>\n<p>Ekspert bildirir ki, ziddiyy\u0259tli v\u0259 m\u0259ntiqsiz se\u00e7ki platformas\u0131n\u0131n mahiyy\u0259ti ayd\u0131n oldu\u011fu \u00fc\u00e7\u00fcn bu platforma h\u0259min q\u00fcvv\u0259l\u0259rin n\u00f6vb\u0259ti \u00f6z\u00fcn\u00fcif\u015fa prosesin\u0259 \u00e7evrilir: &#8220;H\u0259m se\u00e7kiy\u0259 getm\u0259k, h\u0259m d\u0259 se\u00e7ki m\u00fchitini ittiham etm\u0259k taktikas\u0131zl\u0131q \u0259lam\u0259tidir. &#8220;M\u00fcsavat&#8221; v\u0259 &#8220;Real&#8221; se\u00e7kil\u0259r\u0259 qat\u0131lmaqla ir\u0259li getm\u0259k \u0259v\u0259zin\u0259 bu taktikas\u0131zl\u0131q n\u0259tic\u0259sind\u0259 daha da t\u0259n\u0259zz\u00fcl\u0259 do\u011fru gedirl\u0259r. \u018fslind\u0259 9 fevral se\u00e7kil\u0259rind\u0259 i\u015ftirak etm\u0259k x\u00fcsusil\u0259 \u0259n\u0259n\u0259vi boykot partiyalar\u0131 \u00fc\u00e7\u00fcn yeni v\u0259 bir q\u0259d\u0259r g\u00fccl\u00fc m\u0259rh\u0259l\u0259y\u0259 ke\u00e7m\u0259k \u00fc\u00e7\u00fcn tarixi \u015fans ola bil\u0259rdi.G\u00f6r\u00fcn\u0259n odur ki, &#8220;M\u00fcsavat&#8221; v\u0259 &#8220;Real&#8221; bu \u015fanslar\u0131 da art\u0131q itirirl\u0259r&#8221;.<\/p>\n","protected":false},"excerpt":{"rendered":"<p>Fevral\u0131n 9-da parlament se\u00e7kil\u0259rin\u0259 qat\u0131lmaq q\u0259rar\u0131 vermi\u015f b\u0259zi \u0259n\u0259n\u0259vi boykot\u00e7u m\u00fcxalif\u0259t qurumlar\u0131n\u0131n bu q\u0259rar\u0131 \u0259vv\u0259lki d\u00f6vrl\u0259rl\u0259 m\u00fcqayis\u0259d\u0259 ir\u0259liy\u0259 do\u011fru h\u0259r\u0259k\u0259t n\u00fcmun\u0259si say\u0131lsa da, se\u00e7ki kampaniyas\u0131n\u0131n gedi\u015find\u0259 m\u00fc\u015fahid\u0259 olunan b\u0259zi davran\u0131\u015flar onlar\u0131n ke\u00e7mi\u015fd\u0259ki u\u011fursuz taktikadan h\u0259l\u0259 d\u0259 tam uzaqla\u015fa bilm\u0259dikl\u0259rini s\u00fcbut edir. ARANTV.AZ bildirir ki, bunu\u00a0Trend-\u0259\u00a0a\u00e7\u0131qlamas\u0131nda &#8220;Bak\u0131 x\u0259b\u0259r&#8221; q\u0259zetinin ba\u015f redaktoru, siyasi ekspert Ayd\u0131n Quliyev deyib. Onun s\u00f6zl\u0259rin\u0259 g\u00f6r\u0259, parlament se\u00e7kil\u0259rind\u0259 i\u015ftirak ed\u0259n &#8220;M\u00fcsavat&#8221; v\u0259 &#8220;Real&#8221; partiyalar\u0131n\u0131n siyasi-ideoloji f\u0259aliyy\u0259tl\u0259rind\u0259 bu x\u00fcsusiyy\u0259t \u00f6z\u00fcn\u00fc qabar\u0131q g\u00f6st\u0259rir: &#8220;Real&#8221; v\u0259 &#8220;M\u00fcsavat&#8221; \u00f6z namiz\u0259dl\u0259rini ir\u0259li s\u00fcr\u0259r\u0259k se\u00e7kid\u0259 i\u015ftirak etm\u0259kl\u0259 yana\u015f\u0131, h\u0259m d\u0259 se\u00e7kiqaba\u011f\u0131 m\u00fchitin b\u0259zi elementl\u0259rini&hellip;<\/p>\n","protected":false},"author":2,"featured_media":114925,"comment_status":"closed","ping_status":"closed","sticky":false,"template":"","format":"standard","meta":{"om_disable_all_campaigns":false,"_monsterinsights_skip_tracking":false,"_monsterinsights_sitenote_active":false,"_monsterinsights_sitenote_note":"","_monsterinsights_sitenote_category":0},"categories":[4],"tags":[],"aioseo_notices":[],"gutentor_comment":0,"rttpg_featured_image_url":{"full":["https:\/\/arantv.az\/wp-content\/uploads\/2020\/01\/aydin_quliyev_0582.jpg",800,600,false],"landscape":["https:\/\/arantv.az\/wp-content\/uploads\/2020\/01\/aydin_quliyev_0582.jpg",800,600,false],"portraits":["https:\/\/arantv.az\/wp-content\/uploads\/2020\/01\/aydin_quliyev_0582.jpg",800,600,false],"thumbnail":["https:\/\/arantv.az\/wp-content\/uploads\/2020\/01\/aydin_quliyev_0582-150x150.jpg",150,150,true],"medium":["https:\/\/arantv.az\/wp-content\/uploads\/2020\/01\/aydin_quliyev_0582-300x225.jpg",300,225,true],"large":["https:\/\/arantv.az\/wp-content\/uploads\/2020\/01\/aydin_quliyev_0582.jpg",640,480,false],"1536x1536":["https:\/\/arantv.az\/wp-content\/uploads\/2020\/01\/aydin_quliyev_0582.jpg",800,600,false],"2048x2048":["https:\/\/arantv.az\/wp-content\/uploads\/2020\/01\/aydin_quliyev_0582.jpg",800,600,false],"post-thumbnail":["https:\/\/arantv.az\/wp-content\/uploads\/2020\/01\/aydin_quliyev_0582-240x172.jpg",240,172,true],"advps-thumb-one":["https:\/\/arantv.az\/wp-content\/uploads\/2020\/01\/aydin_quliyev_0582.jpg",800,600,false]},"rttpg_author":{"display_name":"V\u00fcsal Rafiqo\u011flu","author_link":"https:\/\/arantv.az\/?author=2"},"rttpg_comment":0,"rttpg_category":"<a href=\"https:\/\/arantv.az\/?cat=4\" rel=\"category\">Siyas\u0259t<\/a>","rttpg_excerpt":"Fevral\u0131n 9-da parlament se\u00e7kil\u0259rin\u0259 qat\u0131lmaq q\u0259rar\u0131 vermi\u015f b\u0259zi \u0259n\u0259n\u0259vi boykot\u00e7u m\u00fcxalif\u0259t qurumlar\u0131n\u0131n bu q\u0259rar\u0131 \u0259vv\u0259lki d\u00f6vrl\u0259rl\u0259 m\u00fcqayis\u0259d\u0259 ir\u0259liy\u0259 do\u011fru h\u0259r\u0259k\u0259t n\u00fcmun\u0259si say\u0131lsa da, se\u00e7ki kampaniyas\u0131n\u0131n gedi\u015find\u0259 m\u00fc\u015fahid\u0259 olunan b\u0259zi davran\u0131\u015flar onlar\u0131n ke\u00e7mi\u015fd\u0259ki u\u011fursuz taktikadan h\u0259l\u0259 d\u0259 tam uzaqla\u015fa bilm\u0259dikl\u0259rini s\u00fcbut edir. ARANTV.AZ bildirir ki, bunu\u00a0Trend-\u0259\u00a0a\u00e7\u0131qlamas\u0131nda &#8220;Bak\u0131 x\u0259b\u0259r&#8221; q\u0259zetinin ba\u015f redaktoru, siyasi ekspert Ayd\u0131n Quliyev deyib.&hellip;","_links":{"self":[{"href":"https:\/\/arantv.az\/index.php?rest_route=\/wp\/v2\/posts\/114924"}],"collection":[{"href":"https:\/\/arantv.az\/index.php?rest_route=\/wp\/v2\/posts"}],"about":[{"href":"https:\/\/arantv.az\/index.php?rest_route=\/wp\/v2\/types\/post"}],"author":[{"embeddable":true,"href":"https:\/\/arantv.az\/index.php?rest_route=\/wp\/v2\/users\/2"}],"replies":[{"embeddable":true,"href":"https:\/\/arantv.az\/index.php?rest_route=%2Fwp%2Fv2%2Fcomments&post=114924"}],"version-history":[{"count":0,"href":"https:\/\/arantv.az\/index.php?rest_route=\/wp\/v2\/posts\/114924\/revisions"}],"wp:featuredmedia":[{"embeddable":true,"href":"https:\/\/arantv.az\/index.php?rest_route=\/wp\/v2\/media\/114925"}],"wp:attachment":[{"href":"https:\/\/arantv.az\/index.php?rest_route=%2Fwp%2Fv2%2Fmedia&parent=114924"}],"wp:term":[{"taxonomy":"category","embeddable":true,"href":"https:\/\/arantv.az\/index.php?rest_route=%2Fwp%2Fv2%2Fcategories&post=114924"},{"taxonomy":"post_tag","embeddable":true,"href":"https:\/\/arantv.az\/index.php?rest_route=%2Fwp%2Fv2%2Ftags&post=114924"}],"curies":[{"name":"wp","href":"https:\/\/api.w.org\/{rel}","templated":true}]}}