{"id":114928,"date":"2020-01-04T14:20:40","date_gmt":"2020-01-04T11:20:40","guid":{"rendered":"http:\/\/arantv.az\/?p=114928"},"modified":"2020-01-04T14:20:40","modified_gmt":"2020-01-04T11:20:40","slug":"ilham-%c9%99liyev-milad-bayrami-munasib%c9%99til%c9%99-az%c9%99rbaycanin-butun-xristian-icmasini-t%c9%99brik-edib","status":"publish","type":"post","link":"https:\/\/arantv.az\/?p=114928","title":{"rendered":"\u0130lham \u018fliyev Milad bayram\u0131 m\u00fcnasib\u0259til\u0259 Az\u0259rbaycan\u0131n b\u00fct\u00fcn xristian icmas\u0131n\u0131 t\u0259brik edib"},"content":{"rendered":"<p>Prezident \u0130lham \u018fliyev M\u00fcq\u0259dd\u0259s Milad bayram\u0131 m\u00fcnasib\u0259til\u0259 Az\u0259rbaycan\u0131n b\u00fct\u00fcn xristian icmas\u0131n\u0131 t\u0259brik edib.<\/p>\n<p><strong>ARANTV.AZ<\/strong>-\u0131n m\u0259lumat\u0131na g\u00f6r\u0259, t\u0259brikd\u0259 deyilir:<\/p>\n<p>\u201cH\u00f6rm\u0259tli h\u0259mv\u0259t\u0259nl\u0259r!<\/p>\n<div id=\"AdviadNativeVideo0\" class=\"AdviadNativeVideo\"><\/div>\n<p>M\u00fcq\u0259dd\u0259s Milad bayram\u0131 m\u00fcnasib\u0259til\u0259 Az\u0259rbaycan\u0131n b\u00fct\u00fcn xristian icmas\u0131n\u0131 s\u0259mimi-q\u0259lbd\u0259n t\u0259brik edir, h\u0259r biriniz\u0259 cansa\u011fl\u0131\u011f\u0131 v\u0259 xo\u015fb\u0259xtlik arzulay\u0131ram.<\/p>\n<p>Az\u0259rbaycanda \u0259srl\u0259r boyu m\u00fcxt\u0259lif xalqlar\u0131n v\u0259 konfessiyalar\u0131n n\u00fcmay\u0259nd\u0259l\u0259ri mehriban qon\u015fuluq, dostluq v\u0259 qar\u015f\u0131l\u0131ql\u0131 etimad \u015f\u0259raitind\u0259 ya\u015fam\u0131\u015flar. C\u0259miyy\u0259td\u0259 etnik-m\u0259d\u0259ni m\u00fcxt\u0259lifliyin, multikultural \u0259n\u0259n\u0259l\u0259rin v\u0259 d\u00f6z\u00fcml\u00fcl\u00fck m\u00fchitinin qorunub saxlan\u0131lmas\u0131 v\u0259 daha da inki\u015faf etdirilm\u0259si d\u00f6vl\u0259timizin siyas\u0259tinin prioritet istiqam\u0259tl\u0259rind\u0259n birini t\u0259\u015fkil edir.<\/p>\n<p>Sivilizasiyalararas\u0131 v\u0259 dinl\u0259raras\u0131 dialoqun m\u00f6hk\u0259ml\u0259nm\u0259sin\u0259 \u00f6n\u0259mli t\u00f6hf\u0259l\u0259r ver\u0259n m\u00f6t\u0259b\u0259r t\u0259dbirl\u0259rin, o c\u00fcml\u0259d\u0259n V \u00dcmumd\u00fcnya M\u0259d\u0259niyy\u0259tl\u0259raras\u0131 Dialoq Forumunun, D\u00fcnya dini liderl\u0259rinin II Bak\u0131 Sammitinin \u00f6lk\u0259mizd\u0259 ke\u00e7irilm\u0259si beyn\u0259lxalq miqyasda s\u00fclh\u00fcn, \u0259min-amanl\u0131\u011f\u0131n v\u0259 harmoniyan\u0131n b\u0259rq\u0259rar olunmas\u0131 i\u015find\u0259 Az\u0259rbaycan\u0131n m\u00fch\u00fcm rol oynad\u0131\u011f\u0131n\u0131 g\u00f6st\u0259rir.<\/p>\n<p>Bu g\u00fcn c\u0259miyy\u0259timizin ayr\u0131lmaz hiss\u0259si olan xristianlar \u00f6lk\u0259mizd\u0259 ged\u0259n b\u00f6y\u00fck quruculuq i\u015fl\u0259rind\u0259 v\u0259 milli-m\u0259n\u0259vi h\u0259mr\u0259yliyin daha da g\u00fccl\u0259ndirilm\u0259sind\u0259 v\u0259t\u0259nda\u015fl\u0131q borcunu layiqinc\u0259 yerin\u0259 yetirir, Az\u0259rbaycan\u0131n t\u0259r\u0259qqisi namin\u0259 bacar\u0131q v\u0259 s\u0259yl\u0259rini \u0259sirg\u0259mirl\u0259r.<\/p>\n<p>\u018fziz h\u0259mv\u0259t\u0259nl\u0259r!<\/p>\n<p>M\u00fcbar\u0259k Milad bayram\u0131 yeni h\u0259yat\u0131, dir\u00e7\u0259li\u015fi, m\u0259rh\u0259m\u0259t v\u0259 \u015f\u0259fq\u0259t duy\u011fular\u0131n\u0131n t\u0259nt\u0259n\u0259sini t\u0259c\u0259ss\u00fcm etdirir. Qoy bu nurlu bayram ail\u0259l\u0259riniz\u0259 s\u0259ad\u0259t, s\u00fcfr\u0259l\u0259riniz\u0259 b\u0259r\u0259k\u0259t, h\u0259yat\u0131n\u0131za firavanl\u0131q g\u0259tirsin.<\/p>\n<p>Bayram\u0131n\u0131z m\u00fcbar\u0259k olsun!\u201c<\/p>\n<p>&nbsp;<\/p>\n<p>AZ\u018fRTAC<\/p>\n","protected":false},"excerpt":{"rendered":"<p>Prezident \u0130lham \u018fliyev M\u00fcq\u0259dd\u0259s Milad bayram\u0131 m\u00fcnasib\u0259til\u0259 Az\u0259rbaycan\u0131n b\u00fct\u00fcn xristian icmas\u0131n\u0131 t\u0259brik edib. ARANTV.AZ-\u0131n m\u0259lumat\u0131na g\u00f6r\u0259, t\u0259brikd\u0259 deyilir: \u201cH\u00f6rm\u0259tli h\u0259mv\u0259t\u0259nl\u0259r! M\u00fcq\u0259dd\u0259s Milad bayram\u0131 m\u00fcnasib\u0259til\u0259 Az\u0259rbaycan\u0131n b\u00fct\u00fcn xristian icmas\u0131n\u0131 s\u0259mimi-q\u0259lbd\u0259n t\u0259brik edir, h\u0259r biriniz\u0259 cansa\u011fl\u0131\u011f\u0131 v\u0259 xo\u015fb\u0259xtlik arzulay\u0131ram. Az\u0259rbaycanda \u0259srl\u0259r boyu m\u00fcxt\u0259lif xalqlar\u0131n v\u0259 konfessiyalar\u0131n n\u00fcmay\u0259nd\u0259l\u0259ri mehriban qon\u015fuluq, dostluq v\u0259 qar\u015f\u0131l\u0131ql\u0131 etimad \u015f\u0259raitind\u0259 ya\u015fam\u0131\u015flar. C\u0259miyy\u0259td\u0259 etnik-m\u0259d\u0259ni m\u00fcxt\u0259lifliyin, multikultural \u0259n\u0259n\u0259l\u0259rin v\u0259 d\u00f6z\u00fcml\u00fcl\u00fck m\u00fchitinin qorunub saxlan\u0131lmas\u0131 v\u0259 daha da inki\u015faf etdirilm\u0259si d\u00f6vl\u0259timizin siyas\u0259tinin prioritet istiqam\u0259tl\u0259rind\u0259n birini t\u0259\u015fkil edir. Sivilizasiyalararas\u0131 v\u0259 dinl\u0259raras\u0131 dialoqun m\u00f6hk\u0259ml\u0259nm\u0259sin\u0259 \u00f6n\u0259mli t\u00f6hf\u0259l\u0259r ver\u0259n m\u00f6t\u0259b\u0259r t\u0259dbirl\u0259rin, o c\u00fcml\u0259d\u0259n V \u00dcmumd\u00fcnya M\u0259d\u0259niyy\u0259tl\u0259raras\u0131&hellip;<\/p>\n","protected":false},"author":2,"featured_media":114929,"comment_status":"closed","ping_status":"closed","sticky":false,"template":"","format":"standard","meta":{"om_disable_all_campaigns":false,"_monsterinsights_skip_tracking":false,"_monsterinsights_sitenote_active":false,"_monsterinsights_sitenote_note":"","_monsterinsights_sitenote_category":0},"categories":[4],"tags":[],"aioseo_notices":[],"gutentor_comment":0,"rttpg_featured_image_url":{"full":["https:\/\/arantv.az\/wp-content\/uploads\/2020\/01\/pr.jpg",620,443,false],"landscape":["https:\/\/arantv.az\/wp-content\/uploads\/2020\/01\/pr.jpg",620,443,false],"portraits":["https:\/\/arantv.az\/wp-content\/uploads\/2020\/01\/pr.jpg",620,443,false],"thumbnail":["https:\/\/arantv.az\/wp-content\/uploads\/2020\/01\/pr-150x150.jpg",150,150,true],"medium":["https:\/\/arantv.az\/wp-content\/uploads\/2020\/01\/pr-300x214.jpg",300,214,true],"large":["https:\/\/arantv.az\/wp-content\/uploads\/2020\/01\/pr.jpg",620,443,false],"1536x1536":["https:\/\/arantv.az\/wp-content\/uploads\/2020\/01\/pr.jpg",620,443,false],"2048x2048":["https:\/\/arantv.az\/wp-content\/uploads\/2020\/01\/pr.jpg",620,443,false],"post-thumbnail":["https:\/\/arantv.az\/wp-content\/uploads\/2020\/01\/pr-240x172.jpg",240,172,true],"advps-thumb-one":["https:\/\/arantv.az\/wp-content\/uploads\/2020\/01\/pr.jpg",620,443,false]},"rttpg_author":{"display_name":"V\u00fcsal Rafiqo\u011flu","author_link":"https:\/\/arantv.az\/?author=2"},"rttpg_comment":0,"rttpg_category":"<a href=\"https:\/\/arantv.az\/?cat=4\" rel=\"category\">Siyas\u0259t<\/a>","rttpg_excerpt":"Prezident \u0130lham \u018fliyev M\u00fcq\u0259dd\u0259s Milad bayram\u0131 m\u00fcnasib\u0259til\u0259 Az\u0259rbaycan\u0131n b\u00fct\u00fcn xristian icmas\u0131n\u0131 t\u0259brik edib. ARANTV.AZ-\u0131n m\u0259lumat\u0131na g\u00f6r\u0259, t\u0259brikd\u0259 deyilir: \u201cH\u00f6rm\u0259tli h\u0259mv\u0259t\u0259nl\u0259r! M\u00fcq\u0259dd\u0259s Milad bayram\u0131 m\u00fcnasib\u0259til\u0259 Az\u0259rbaycan\u0131n b\u00fct\u00fcn xristian icmas\u0131n\u0131 s\u0259mimi-q\u0259lbd\u0259n t\u0259brik edir, h\u0259r biriniz\u0259 cansa\u011fl\u0131\u011f\u0131 v\u0259 xo\u015fb\u0259xtlik arzulay\u0131ram. Az\u0259rbaycanda \u0259srl\u0259r boyu m\u00fcxt\u0259lif xalqlar\u0131n v\u0259 konfessiyalar\u0131n n\u00fcmay\u0259nd\u0259l\u0259ri mehriban qon\u015fuluq, dostluq v\u0259 qar\u015f\u0131l\u0131ql\u0131 etimad \u015f\u0259raitind\u0259 ya\u015fam\u0131\u015flar. C\u0259miyy\u0259td\u0259 etnik-m\u0259d\u0259ni&hellip;","_links":{"self":[{"href":"https:\/\/arantv.az\/index.php?rest_route=\/wp\/v2\/posts\/114928"}],"collection":[{"href":"https:\/\/arantv.az\/index.php?rest_route=\/wp\/v2\/posts"}],"about":[{"href":"https:\/\/arantv.az\/index.php?rest_route=\/wp\/v2\/types\/post"}],"author":[{"embeddable":true,"href":"https:\/\/arantv.az\/index.php?rest_route=\/wp\/v2\/users\/2"}],"replies":[{"embeddable":true,"href":"https:\/\/arantv.az\/index.php?rest_route=%2Fwp%2Fv2%2Fcomments&post=114928"}],"version-history":[{"count":0,"href":"https:\/\/arantv.az\/index.php?rest_route=\/wp\/v2\/posts\/114928\/revisions"}],"wp:featuredmedia":[{"embeddable":true,"href":"https:\/\/arantv.az\/index.php?rest_route=\/wp\/v2\/media\/114929"}],"wp:attachment":[{"href":"https:\/\/arantv.az\/index.php?rest_route=%2Fwp%2Fv2%2Fmedia&parent=114928"}],"wp:term":[{"taxonomy":"category","embeddable":true,"href":"https:\/\/arantv.az\/index.php?rest_route=%2Fwp%2Fv2%2Fcategories&post=114928"},{"taxonomy":"post_tag","embeddable":true,"href":"https:\/\/arantv.az\/index.php?rest_route=%2Fwp%2Fv2%2Ftags&post=114928"}],"curies":[{"name":"wp","href":"https:\/\/api.w.org\/{rel}","templated":true}]}}