{"id":116457,"date":"2020-01-09T12:19:16","date_gmt":"2020-01-09T09:19:16","guid":{"rendered":"http:\/\/arantv.az\/?p=116457"},"modified":"2020-01-09T12:19:16","modified_gmt":"2020-01-09T09:19:16","slug":"%c9%99fqanistanin-sabiq-vitse-prezidenti-prezident-ilham-%c9%99liyevi-t%c9%99brik-edib","status":"publish","type":"post","link":"https:\/\/arantv.az\/?p=116457","title":{"rendered":"\u018ffqan\u0131stan\u0131n sabiq vitse-prezidenti Prezident \u0130lham \u018fliyevi t\u0259brik edib"},"content":{"rendered":"<p><strong>\u018ffqan\u0131stan\u0131n sabiq vitse-prezidenti K\u0259rim X\u0259lili Az\u0259rbaycan Prezidenti \u0130lham \u018fliyev\u0259 do\u011fum g\u00fcn\u00fc m\u00fcnasib\u0259til\u0259 t\u0259brik m\u0259ktubu \u00fcnvanlay\u0131b.<\/strong><\/p>\n<p><strong>ARANTV.AZ\u00a0<\/strong><a href=\"https:\/\/azertag.az\/\" target=\"_blank\" rel=\"noopener\">AZ\u018fRTAC<\/a>-a istinad\u0259n x\u0259b\u0259r verir ki, m\u0259ktubda deyilir:<\/p>\n<p>&#8220;Zati-alil\u0259ri c\u0259nab Prezident. Do\u011fum g\u00fcn\u00fcn\u00fcz m\u00fcnasib\u0259til\u0259 Siz\u0259 t\u0259brikl\u0259rimi \u00e7atd\u0131r\u0131r, m\u00fcdrik r\u0259hb\u0259rliyinizl\u0259 Az\u0259rbaycanda inki\u015faf v\u0259 innovasiyan\u0131n davam etm\u0259sini arzulay\u0131ram.<\/p>\n<p>\u00d6t\u0259n yeddi ild\u0259 Bak\u0131 Qlobal Forumu vasit\u0259sil\u0259 s\u00fclh quruculu\u011fu sah\u0259sind\u0259 \u0259ld\u0259 etdiyiniz u\u011furlara g\u00f6r\u0259 Sizi t\u0259brik edir\u0259m v\u0259 g\u0259l\u0259c\u0259kd\u0259 bu sah\u0259d\u0259 g\u00f6r\u0259c\u0259yiniz i\u015fl\u0259ri s\u0259birsizlikl\u0259 g\u00f6zl\u0259yir\u0259m. Yeni ilin Siz\u0259 cansa\u011fl\u0131\u011f\u0131, xo\u015fb\u0259xtlik v\u0259 u\u011furlar g\u0259tirm\u0259sini dil\u0259yir\u0259m&#8221;.<\/p>\n","protected":false},"excerpt":{"rendered":"<p>\u018ffqan\u0131stan\u0131n sabiq vitse-prezidenti K\u0259rim X\u0259lili Az\u0259rbaycan Prezidenti \u0130lham \u018fliyev\u0259 do\u011fum g\u00fcn\u00fc m\u00fcnasib\u0259til\u0259 t\u0259brik m\u0259ktubu \u00fcnvanlay\u0131b. ARANTV.AZ\u00a0AZ\u018fRTAC-a istinad\u0259n x\u0259b\u0259r verir ki, m\u0259ktubda deyilir: &#8220;Zati-alil\u0259ri c\u0259nab Prezident. Do\u011fum g\u00fcn\u00fcn\u00fcz m\u00fcnasib\u0259til\u0259 Siz\u0259 t\u0259brikl\u0259rimi \u00e7atd\u0131r\u0131r, m\u00fcdrik r\u0259hb\u0259rliyinizl\u0259 Az\u0259rbaycanda inki\u015faf v\u0259 innovasiyan\u0131n davam etm\u0259sini arzulay\u0131ram. \u00d6t\u0259n yeddi ild\u0259 Bak\u0131 Qlobal Forumu vasit\u0259sil\u0259 s\u00fclh quruculu\u011fu sah\u0259sind\u0259 \u0259ld\u0259 etdiyiniz u\u011furlara g\u00f6r\u0259 Sizi t\u0259brik edir\u0259m v\u0259 g\u0259l\u0259c\u0259kd\u0259 bu sah\u0259d\u0259 g\u00f6r\u0259c\u0259yiniz i\u015fl\u0259ri s\u0259birsizlikl\u0259 g\u00f6zl\u0259yir\u0259m. Yeni ilin Siz\u0259 cansa\u011fl\u0131\u011f\u0131, xo\u015fb\u0259xtlik v\u0259 u\u011furlar g\u0259tirm\u0259sini dil\u0259yir\u0259m&#8221;.<\/p>\n","protected":false},"author":2,"featured_media":116458,"comment_status":"closed","ping_status":"closed","sticky":false,"template":"","format":"standard","meta":{"om_disable_all_campaigns":false,"_monsterinsights_skip_tracking":false,"_monsterinsights_sitenote_active":false,"_monsterinsights_sitenote_note":"","_monsterinsights_sitenote_category":0},"categories":[4],"tags":[],"aioseo_notices":[],"gutentor_comment":0,"rttpg_featured_image_url":{"full":["https:\/\/arantv.az\/wp-content\/uploads\/2020\/01\/2018_ilham_aliyev_04.jpg",1200,900,false],"landscape":["https:\/\/arantv.az\/wp-content\/uploads\/2020\/01\/2018_ilham_aliyev_04.jpg",1200,900,false],"portraits":["https:\/\/arantv.az\/wp-content\/uploads\/2020\/01\/2018_ilham_aliyev_04.jpg",1200,900,false],"thumbnail":["https:\/\/arantv.az\/wp-content\/uploads\/2020\/01\/2018_ilham_aliyev_04-150x150.jpg",150,150,true],"medium":["https:\/\/arantv.az\/wp-content\/uploads\/2020\/01\/2018_ilham_aliyev_04-300x225.jpg",300,225,true],"large":["https:\/\/arantv.az\/wp-content\/uploads\/2020\/01\/2018_ilham_aliyev_04-1024x768.jpg",640,480,true],"1536x1536":["https:\/\/arantv.az\/wp-content\/uploads\/2020\/01\/2018_ilham_aliyev_04.jpg",1200,900,false],"2048x2048":["https:\/\/arantv.az\/wp-content\/uploads\/2020\/01\/2018_ilham_aliyev_04.jpg",1200,900,false],"post-thumbnail":["https:\/\/arantv.az\/wp-content\/uploads\/2020\/01\/2018_ilham_aliyev_04-240x172.jpg",240,172,true],"advps-thumb-one":["https:\/\/arantv.az\/wp-content\/uploads\/2020\/01\/2018_ilham_aliyev_04-1200x620.jpg",1200,620,true]},"rttpg_author":{"display_name":"V\u00fcsal Rafiqo\u011flu","author_link":"https:\/\/arantv.az\/?author=2"},"rttpg_comment":0,"rttpg_category":"<a href=\"https:\/\/arantv.az\/?cat=4\" rel=\"category\">Siyas\u0259t<\/a>","rttpg_excerpt":"\u018ffqan\u0131stan\u0131n sabiq vitse-prezidenti K\u0259rim X\u0259lili Az\u0259rbaycan Prezidenti \u0130lham \u018fliyev\u0259 do\u011fum g\u00fcn\u00fc m\u00fcnasib\u0259til\u0259 t\u0259brik m\u0259ktubu \u00fcnvanlay\u0131b. ARANTV.AZ\u00a0AZ\u018fRTAC-a istinad\u0259n x\u0259b\u0259r verir ki, m\u0259ktubda deyilir: &#8220;Zati-alil\u0259ri c\u0259nab Prezident. Do\u011fum g\u00fcn\u00fcn\u00fcz m\u00fcnasib\u0259til\u0259 Siz\u0259 t\u0259brikl\u0259rimi \u00e7atd\u0131r\u0131r, m\u00fcdrik r\u0259hb\u0259rliyinizl\u0259 Az\u0259rbaycanda inki\u015faf v\u0259 innovasiyan\u0131n davam etm\u0259sini arzulay\u0131ram. \u00d6t\u0259n yeddi ild\u0259 Bak\u0131 Qlobal Forumu vasit\u0259sil\u0259 s\u00fclh quruculu\u011fu sah\u0259sind\u0259 \u0259ld\u0259 etdiyiniz u\u011furlara g\u00f6r\u0259 Sizi&hellip;","_links":{"self":[{"href":"https:\/\/arantv.az\/index.php?rest_route=\/wp\/v2\/posts\/116457"}],"collection":[{"href":"https:\/\/arantv.az\/index.php?rest_route=\/wp\/v2\/posts"}],"about":[{"href":"https:\/\/arantv.az\/index.php?rest_route=\/wp\/v2\/types\/post"}],"author":[{"embeddable":true,"href":"https:\/\/arantv.az\/index.php?rest_route=\/wp\/v2\/users\/2"}],"replies":[{"embeddable":true,"href":"https:\/\/arantv.az\/index.php?rest_route=%2Fwp%2Fv2%2Fcomments&post=116457"}],"version-history":[{"count":0,"href":"https:\/\/arantv.az\/index.php?rest_route=\/wp\/v2\/posts\/116457\/revisions"}],"wp:featuredmedia":[{"embeddable":true,"href":"https:\/\/arantv.az\/index.php?rest_route=\/wp\/v2\/media\/116458"}],"wp:attachment":[{"href":"https:\/\/arantv.az\/index.php?rest_route=%2Fwp%2Fv2%2Fmedia&parent=116457"}],"wp:term":[{"taxonomy":"category","embeddable":true,"href":"https:\/\/arantv.az\/index.php?rest_route=%2Fwp%2Fv2%2Fcategories&post=116457"},{"taxonomy":"post_tag","embeddable":true,"href":"https:\/\/arantv.az\/index.php?rest_route=%2Fwp%2Fv2%2Ftags&post=116457"}],"curies":[{"name":"wp","href":"https:\/\/api.w.org\/{rel}","templated":true}]}}