{"id":116461,"date":"2020-01-09T12:20:22","date_gmt":"2020-01-09T09:20:22","guid":{"rendered":"http:\/\/arantv.az\/?p=116461"},"modified":"2020-01-09T12:20:22","modified_gmt":"2020-01-09T09:20:22","slug":"qaz-iyi-g%c9%99l%c9%99n-v%c9%99t%c9%99ndas-savasi-indi-n%c9%99-olacaq","status":"publish","type":"post","link":"https:\/\/arantv.az\/?p=116461","title":{"rendered":"Qaz iyi g\u0259l\u0259n v\u0259t\u0259nda\u015f sava\u015f\u0131: indi n\u0259 olacaq?"},"content":{"rendered":"<blockquote><p><em><strong>Aral\u0131q d\u0259nizinin \u015f\u0259rq hiss\u0259sid\u0259ki yataqlardan Avropaya t\u0259bii qaz n\u0259qli \u00fc\u00e7\u00fcn &#8220;EastMed&#8221; boru k\u0259m\u0259rinin \u00e7\u0259kilm\u0259si il\u0259 ba\u011fl\u0131 \u0130srail, Yunan\u0131stan v\u0259 Avropa Birliyi anla\u015fd\u0131lar.<\/strong><\/em><\/p><\/blockquote>\n<p>\u018fsas yataq &#8220;Leviafan&#8221;d\u0131r. Layih\u0259 realla\u015farsa, TANAP-\u0131n birba\u015fa r\u0259qibi olacaq.<\/p>\n<p>T\u0259bii qaz n\u0259qli mar\u015frutlar\u0131n\u0131n art\u0131r\u0131lmas\u0131, habel\u0259 Avropan\u0131n &#8220;mavi yanacaq&#8221; bazar\u0131nda T\u00fcrkiy\u0259nin t\u0259sir imkanlar\u0131n\u0131 azaltmaq \u00fc\u00e7\u00fcn Avropa Birliyi yeni boru k\u0259m\u0259rind\u0259 maraql\u0131d\u0131r.<\/p>\n<p>T\u00fcrkiy\u0259nin Liviyaya qo\u015fun yollamas\u0131 il\u0259 ba\u011fl\u0131 q\u0259rar\u0131n\u0131n da \u0259sas s\u0259b\u0259bi el\u0259 budur.<\/p>\n<p>Haz\u0131rda T\u00fcrkiy\u0259 qaz bazar\u0131nda Rusiya il\u0259 yana\u015f\u0131, \u0130srail v\u0259 habel\u0259, &#8220;Z\u00f6hr&#8221; yata\u011f\u0131ndan qaz\u0131 Avropaya satmaq fikrin\u0259 d\u00fc\u015fm\u00fc\u015f Misirin maraqlar\u0131na &#8220;problem&#8221;dir.<\/p>\n<p>R\u0259c\u0259b Tayyib \u018frdo\u011fan \u00f6lk\u0259sini t\u0259bii qaz sektorunda haba \u00e7evirm\u0259k niyy\u0259tind\u0259dir. Ankara indi Avropa Birliyin\u0259 qaz n\u0259qlinin \u0259h\u0259miyy\u0259tli qismin\u0259 n\u0259zar\u0259t edir, \u00e7\u00fcnki TANAP v\u0259 &#8220;C\u0259nub Qaz d\u0259hlizi&#8221; mar\u015frutlar\u0131 T\u00fcrkiy\u0259 \u0259razisind\u0259n ke\u00e7ir.<\/p>\n<p>Rusiyan\u0131n &#8220;C\u0259nub ax\u0131n\u0131&#8221; layih\u0259sind\u0259 ilkin olaraq b\u0259yan edimi\u015f 4 boru \u0259v\u0259zin\u0259 h\u0259l\u0259lik, sad\u0259c\u0259, biri \u00e7\u0259kilm\u0259sin\u0259 r\u0259\u011fm\u0259n, bu layih\u0259ni d\u0259 unutmayaq.<\/p>\n<p><img src=\"https:\/\/img.milli.az\/2020\/01\/09\/eu-gas-market.jpg\" alt=\"\" \/><\/p>\n<p>Sadalad\u0131\u011f\u0131m layih\u0259l\u0259r Avropan\u0131n qaz bazar\u0131nda r\u0259qibl\u0259rdir. Amma \u018frdo\u011fan onlardan h\u0259r hans\u0131ndan dolay\u0131, birm\u0259nal\u0131 m\u00f6vqe tutmay\u0131b. Bunun \u0259v\u0259zind\u0259 o, s\u00f6z\u00fcged\u0259n mar\u015frutlar\u0131n T\u00fcrkiy\u0259 \u0259razisind\u0259n ke\u00e7m\u0259sin\u0259 nail olub.<\/p>\n<p>\u018fla strategiya, m\u00fcdrik taktikad\u0131r.<\/p>\n<p>T\u00fcrkiy\u0259 indi Krit adas\u0131n\u0131n yax\u0131nl\u0131\u011f\u0131ndak\u0131 \u015felf zonas\u0131nda, \u00fcmumiyy\u0259tl\u0259, Aral\u0131q d\u0259nizinin \u015f\u0259rqind\u0259 qaz yataqlar\u0131n\u0131n k\u0259\u015ffiyyat\u0131na ba\u015flay\u0131b.<\/p>\n<p>H\u0259min b\u00f6lg\u0259d\u0259 Ankaran\u0131n r\u0259qibl\u0259ri, daha do\u011frusu\u00a0d\u00fc\u015fm\u0259nl\u0259ri Yunan\u0131stan v\u0259 Misirdir.<\/p>\n<p>Misir 2013-c\u00fc ild\u0259 b\u00f6y\u00fck &#8220;Z\u00f6hr&#8221; yata\u011f\u0131n\u0131 a\u015fkarlay\u0131b. Yunan\u0131stan is\u0259 Kipr sahill\u0259ri yax\u0131nl\u0131\u011f\u0131ndak\u0131 yataqlara sahibl\u0259nm\u0259k fikrind\u0259dir.<\/p>\n<p>\u0130srail sahill\u0259rind\u0259, habel\u0259 Livan sahill\u0259rinin yan\u0131nda &#8220;Leviafan&#8221; v\u0259 &#8220;Tamar&#8221; qaz yataqlar\u0131n\u0131n k\u0259\u015ff olunmas\u0131 s\u0259b\u0259bind\u0259n T\u00fcrkiy\u0259 h\u0259m d\u0259 \u0130srailin d\u0259st\u0259yini alma\u011fa \u00e7al\u0131\u015f\u0131r.<\/p>\n<p>Daha do\u011frusu, r\u0259smi Ankara &#8220;Leviafan&#8221; yata\u011f\u0131nda hasil edil\u0259c\u0259k qaz\u0131n Avropaya n\u0259ql olunmas\u0131 \u00fc\u00e7\u00fcn in\u015fa edil\u0259c\u0259k boru k\u0259m\u0259rinin T\u00fcrkiy\u0259 \u0259razsind\u0259n ke\u00e7m\u0259sin\u0259 can at\u0131r.<\/p>\n<p>Bu s\u0259b\u0259bd\u0259n paradoksal v\u0259ziyy\u0259t yaran\u0131b: \u0130srailin qaz yata\u011f\u0131na g\u00f6r\u0259 T\u00fcrkiy\u0259 indi Avropa Birliyi il\u0259 qar\u015f\u0131durmadad\u0131r.<\/p>\n<p>\u00c7\u00fcnki h\u0259min k\u0259m\u0259r tranzit \u00fc\u00e7\u00fcn b\u00fcdc\u0259y\u0259 ke\u00e7\u0259c\u0259k v\u0259sait yox, h\u0259m d\u0259 Avropa Birliyi il\u0259 Rusiyaya \u0259lav\u0259 t\u0259sir r\u0131\u00e7aqlar\u0131 qazand\u0131ran geosiyasi vasit\u0259dir.<\/p>\n<p><img src=\"https:\/\/img.milli.az\/2020\/01\/09\/pipeline.jpg\" alt=\"\" \/><\/p>\n<p>Rusiyan\u0131n Avropa Birliyi \u00f6lk\u0259l\u0259rin\u0259 \u0259n b\u00f6y\u00fck qaz sat\u0131c\u0131lar\u0131ndan biri oldu\u011funu n\u0259z\u0259r\u0259 alsaq, sadalanan b\u00fct\u00fcn layih\u0259l\u0259rd\u0259 t\u0259bii qaz n\u0259qli h\u0259cml\u0259rinin f\u0259rqind\u0259n yararlanmaqla T\u00fcrkiy\u0259 geosiyasi statusunu v\u0259 m\u00f6vqel\u0259rini daha da m\u00f6hk\u0259ml\u0259ndir\u0259 bil\u0259r.<\/p>\n<p>AB\u015e-a g\u0259ldikd\u0259 is\u0259, Va\u015finqton Liviyadak\u0131 m\u00fcnaqi\u015f\u0259nin, daha do\u011frusu, v\u0259t\u0259nda\u015f m\u00fcharib\u0259sinin daha da g\u0259rginl\u0259\u015fm\u0259sind\u0259 maraql\u0131d\u0131r. \u00c7\u00fcnki Liviyan\u0131n Milli H\u0259mr\u0259ylik H\u00f6kum\u0259tinin ba\u015f\u00e7\u0131s\u0131, T\u00fcrkiy\u0259nin d\u0259st\u0259kl\u0259diyi Faiz S\u0259rracla Liviya Milli Ordusunun komandan\u0131 X\u0259lif\u0259 H\u0259ftar aras\u0131nda qar\u015f\u0131durma n\u0259 q\u0259d\u0259r intensivl\u0259\u015f\u0259rs\u0259, Aral\u0131q d\u0259nizinin \u015f\u0259rq b\u00f6lg\u0259sind\u0259ki yeni t\u0259bii qaz yataqlar\u0131ndan Avropa Birliyin\u0259 &#8220;mavi yanacaq&#8221; n\u0259qli o q\u0259d\u0259r \u00e7\u0259tinl\u0259\u015f\u0259c\u0259k.<\/p>\n<p>\u00dcst\u0259lik, 2021-2023-c\u00fc ill\u0259rd\u0259 AB\u015e Avropan\u0131n qaz bazar\u0131na \u00e7\u0131xma\u011fa haz\u0131rla\u015f\u0131r v\u0259 bu sah\u0259d\u0259 yeni r\u0259qibl\u0259r ist\u0259mir. Olaylar\u0131n hans\u0131 m\u0259crada v\u0259 n\u0259 \u00fc\u00e7\u00fcn inki\u015faf etm\u0259sini Rusiyan\u0131n t\u0259bii qaz\u0131n\u0131n Avropaya sat\u0131\u015f\u0131 \u00fc\u00e7\u00fcn yeni mar\u015frutlar olacaq &#8220;C\u0259nub Ax\u0131n\u0131&#8221; v\u0259 &#8220;\u015eimal ax\u0131n\u0131-2&#8221; layih\u0259l\u0259rinin realla\u015fmas\u0131na AB\u015e-\u0131n h\u0259r v\u0259chl\u0259 mane\u0259l\u0259r yaratmas\u0131ndan\u00a0da g\u00f6r\u0259r\u0259k, anlamaq olar.<\/p>\n<p>Art\u0131q unitar d\u00f6vl\u0259t olmayan, siyasi d\u00fc\u015f\u0259rg\u0259l\u0259r, tayfalar v\u0259 q\u0259bil\u0259l\u0259r aras\u0131nda par\u00e7alanan, bir \u00e7ox \u00f6lk\u0259nin birba\u015fa m\u00fcdaxil\u0259 etdiyi Liviyadak\u0131 m\u00fcnaqi\u015f\u0259 bundan sonra daha da aktivl\u0259\u015f\u0259c\u0259k.<\/p>\n<p><img src=\"https:\/\/img.milli.az\/2020\/01\/09\/nobleeasternmediterraneaninterests.png\" alt=\"\" \/><\/p>\n<p>Bu is\u0259 Avropan\u0131n qaz bazar\u0131ndak\u0131 q\u00fcvv\u0259l\u0259r nisb\u0259tin\u0259 ciddi t\u0259sir ed\u0259c\u0259k.<\/p>\n<p>\u0130ndis\u0259 g\u0259l\u0259k Liviya m\u0259s\u0259l\u0259sin\u0259&#8230;<\/p>\n<p>Feldmar\u015fal X\u0259lif\u0259 H\u0259ftar\u0131n ba\u015f\u00e7\u0131l\u0131q etdiyi Liviya Milli Ordusu (LMO) paytaxt Tripoliy\u0259 do\u011fru ir\u0259lil\u0259yir. Tripoli v\u0259 daha bir ne\u00e7\u0259 \u015f\u0259h\u0259r Faiz S\u0259rrac\u0131n ba\u015f\u00e7\u0131l\u0131q etdiyi Liviya Milli H\u00f6kum\u0259tinin (LMH) n\u0259zar\u0259tind\u0259dir.<\/p>\n<p>Liviyada kim kimdir v\u0259 kiml\u0259 sava\u015f\u0131r?<\/p>\n<p>M\u00fc\u0259mmar Q\u0259zzafinin 2011-ci ild\u0259 devril\u0259r\u0259k q\u0259tl\u0259 yetirilm\u0259sind\u0259n, y\u0259ni &#8220;\u0259r\u0259b bahar\u0131&#8221;ndan sonra Liviya xaosa s\u00fcr\u00fckl\u0259nib. Doqquz ild\u0259n b\u0259ri v\u0259t\u0259nda\u015f sava\u015f\u0131n\u0131n s\u0259ngim\u0259diyi \u00f6lk\u0259 LMO v\u0259 LMH aras\u0131nda b\u00f6l\u00fc\u015fd\u00fcr\u00fcl\u00fcb.<\/p>\n<p>F.S\u0259rrac\u0131n h\u00f6kum\u0259tini BMT Liviyan\u0131n legitim hakimiyy\u0259ti kimi tan\u0131y\u0131b.<\/p>\n<p>2014-c\u00fc ild\u0259 \u00f6lk\u0259d\u0259 ke\u00e7irilmi\u015f parlament se\u00e7kil\u0259rind\u0259n sonra \u00f6lk\u0259nin par\u00e7alanmas\u0131 da az qala &#8220;qanunil\u0259\u015fdi&#8221;.<\/p>\n<p>X.H\u0259ftar\u0131n n\u0259zar\u0259tind\u0259 haz\u0131rda Misir s\u0259rh\u0259dinin yax\u0131nl\u0131\u011f\u0131ndak\u0131 Tobrukda yerl\u0259\u015f\u0259n marionet Liviya N\u00fcmay\u0259nd\u0259l\u0259r M\u0259clisi, y\u0259ni \u00f6lk\u0259 &#8220;parlamenti&#8221; var.<\/p>\n<p>Paytaxt Tripolid\u0259ki LMH is\u0259 bu &#8220;parlament&#8221;i tan\u0131m\u0131r v\u0259 yegan\u0259 legitim hakimiyy\u0259t orldu\u011funu deyir.<\/p>\n<p>LMH-ni BMT il\u0259 yana\u015f\u0131, T\u00fcrkiy\u0259, Avropa Birliyi v\u0259 beyn\u0259lxalq t\u0259\u015fkilatlar d\u0259st\u0259kl\u0259yir.<\/p>\n<p><img src=\"https:\/\/img.milli.az\/2020\/01\/09\/1200px-western_libya_operation_(2019).png\" alt=\"\" \/><\/p>\n<p>M\u0259rk\u0259zi Tobrukda yerl\u0259\u015f\u0259n LMO-nu is\u0259 Misir, AB\u015e, Birl\u0259\u015fmi\u015f \u018fr\u0259b \u018fmirlikl\u0259ri, Fransa, S\u0259udiyy\u0259 \u018fr\u0259bistan\u0131 v\u0259 Rusiya d\u0259st\u0259kl\u0259yir.<\/p>\n<p>6,5 milyon \u0259halisi olan, Q\u0259zzafinin devrilm\u0259sind\u0259n sonra irili-x\u0131rdal\u0131 y\u00fczl\u0259rl\u0259 silahl\u0131 d\u0259st\u0259nin v\u0259 qrupun f\u0259aliyy\u0259t g\u00f6st\u0259rdiyi Liviyada \u0259n g\u00fccl\u00fc q\u00fcvv\u0259l\u0259r bunlard\u0131r:<\/p>\n<p>1. Liviya Milli H\u00f6kum\u0259ti<\/p>\n<p>2. Liviya Milli Ordusu<\/p>\n<p>3. Misrata \u015f\u0259h\u0259rind\u0259ki silahl\u0131 birl\u0259\u015fm\u0259l\u0259r<\/p>\n<p>4. Tunisl\u0259 s\u0259rh\u0259din yax\u0131nl\u0131\u011f\u0131ndak\u0131 Zintan \u015f\u0259h\u0259rind\u0259ki birl\u0259\u015fm\u0259l\u0259r<\/p>\n<p>X\u0259lif\u0259 H\u0259ftar\u0131n qo\u015funlar\u0131 Sirt \u015f\u0259h\u0259rini \u0259l\u0259 ke\u00e7iribl\u0259r. Tripoli v\u0259 Benqazi arpas\u0131ndak\u0131 bu \u015f\u0259h\u0259r siyasi fraqmentasiyaya u\u011frayaraq par\u00e7alanan, \u00e7ox z\u0259if n\u0259qliyyat infrastrukturuna malik \u00f6lk\u0259d\u0259 H\u0259ftar\u0131n h\u00fccumlar\u0131n\u0131n davam etdirilm\u0259si \u00fc\u00e7\u00fcn ciddi aral\u0131q baza ola bil\u0259r. \u00dcst\u0259lik, Sirt yax\u0131nl\u0131\u011f\u0131nda K\u0259rdabiyy\u0259 aviabazas\u0131 da var.<\/p>\n<p>Sirtd\u0259 sanki Liviyan\u0131n tarixi \u0259ks olunub. \u0130lk \u0259vv\u0259l Q\u0259zzafi t\u0259r\u0259fdarlar\u0131n\u0131n son dayaq v\u0259 m\u00fcqavim\u0259t m\u0259kan\u0131 olan \u015f\u0259h\u0259ri sonradan \u0130\u015e\u0130D terror\u00e7ular\u0131 \u0259l\u0259 ke\u00e7irmi\u015fdil\u0259r.<\/p>\n<p><img src=\"https:\/\/img.milli.az\/2020\/01\/09\/_110421731_gettyimages-1191445229.jpg\" alt=\"\" \/><\/p>\n<p>Liviyan\u0131 42 il idar\u0259 etmi\u015f M\u00fc\u0259mm\u0259r Q\u0259zzafini 2001-ci ild\u0259 m\u0259hz onun do\u011fma Sirt \u015f\u0259h\u0259rind\u0259 tutmu\u015f, v\u0259h\u015fic\u0259sin\u0259 q\u0259tl\u0259 yetirmi\u015fdil\u0259r.<\/p>\n<p>\u015e\u0259h\u0259ri \u0259l\u0259 ke\u00e7ir\u0259n v\u0259 \u0130\u015e\u0130D-\u0259 bi\u0259t ed\u0259n &#8220;\u018fnsar \u0259\u015f \u015e\u0259ri\u0259&#8221; qrupla\u015fmas\u0131 2016-c\u0131 ild\u0259 Sirtd\u0259n qovulmu\u015fdu v\u0259 \u015f\u0259h\u0259r Liviya Milli H\u00f6kum\u0259tinin n\u0259zar\u0259tin\u0259 ke\u00e7mi\u015fdi.<\/p>\n<p>Sirti H\u0259ftar\u00a0d\u00f6y\u00fc\u015fl\u0259 yox, \u015f\u0259h\u0259rd\u0259ki d\u0259st\u0259 v\u0259 tayfa ba\u015f\u00e7\u0131lar\u0131n\u0131 pulla \u0259l\u0259 almaqla n\u0259zar\u0259t areal\u0131na ke\u00e7irib.<\/p>\n<p>Feldmar\u015fal X\u0259lif\u0259 H\u0259ftar demokratiyadan uzaq, insan haqlar\u0131na v\u0259 azad se\u00e7kil\u0259r\u0259 ri\u015fx\u0259ndl\u0259 yana\u015fan adam, Liviya \u00fc\u00e7\u00fcn ikinci M\u00fc\u0259mm\u0259r Q\u0259zzafi ola bil\u0259c\u0259k fiqurdur.<\/p>\n<p>H\u0259ftar\u0131 d\u0259st\u0259kl\u0259y\u0259n \u00f6lk\u0259l\u0259r d\u0259 demokratiyan\u0131 Liviya \u00fc\u00e7\u00fcn g\u0259r\u0259ksiz hesab edir, demokratik Liviyan\u0131 potensial qeyri-stabillik m\u0259kan\u0131na \u00e7evril\u0259c\u0259yini b\u0259yan edirl\u0259r. Onlar Liviyan\u0131n g\u00fccl\u00fc, amma dan\u0131\u015f\u0131qlar aparma\u011f\u0131n m\u00fcmk\u00fcn oldu\u011fu adam t\u0259r\u0259find\u0259n idar\u0259 olunmas\u0131n\u0131 ist\u0259yirl\u0259r.<\/p>\n<p>Rusiya, Fransa, S\u0259udiyy\u0259 \u018fr\u0259bistan\u0131 v\u0259 \u0130taliya hesab edirl\u0259r ki, Liviyada demokratik h\u00f6kum\u0259tin b\u0259rq\u0259rar olmas\u0131 real hakimiyy\u0259tin sonradan ekstremistl\u0259rin v\u0259 terror\u00e7ular\u0131n \u0259lin\u0259 ke\u00e7m\u0259si il\u0259 n\u0259tic\u0259l\u0259n\u0259c\u0259k.<\/p>\n<p>Onlar dolay\u0131s\u0131 il\u0259 b\u0259yan edirl\u0259r ki, Liviyada demokratiya m\u0259d\u0259niyy\u0259ti v\u0259 \u0259n\u0259n\u0259l\u0259ri yoxdur, \u00f6lk\u0259ni diktator Q\u0259zzafi idar\u0259 edib. Q\u0259zzafi q\u0259tl\u0259 yetiril\u0259nd\u0259n sonra is\u0259 Liviya par\u00e7alan\u0131b.<\/p>\n<p><img src=\"https:\/\/img.milli.az\/2020\/01\/09\/image-for-ncp_final-communiqu-1-1024x575-2.jpg\" alt=\"\" \/><\/p>\n<p>X\u0259lif\u0259 H\u0259ftar is\u0259 Birl\u0259\u015fmi\u015f \u018fr\u0259b \u018fmirlikl\u0259ri v\u0259 S\u0259udiyy\u0259 \u018fr\u0259bistan\u0131 il\u0259 s\u0131x ba\u011fl\u0131, daha do\u011frusu\u00a0bu \u00f6lk\u0259l\u0259rd\u0259n pul alan v\u0259 as\u0131l\u0131 olan adamd\u0131r.<\/p>\n<p>B\u00f6y\u00fck d\u00f6vl\u0259tl\u0259r Liviyadan dan\u0131\u015f\u0131rlar, amma liviyal\u0131lar\u0131n taleyi kims\u0259ni maraqland\u0131rm\u0131r. \u00d6lk\u0259d\u0259 silah v\u0259 sursat \u0259n asan \u0259ld\u0259 oluna bil\u0259c\u0259k n\u0259sn\u0259l\u0259r\u0259 \u00e7evrilib.<\/p>\n<p>Qaz v\u0259 neft iyi ver\u0259n Liviyada \u00e7ox maraqlar toqqu\u015fur.<\/p>\n","protected":false},"excerpt":{"rendered":"<p>Aral\u0131q d\u0259nizinin \u015f\u0259rq hiss\u0259sid\u0259ki yataqlardan Avropaya t\u0259bii qaz n\u0259qli \u00fc\u00e7\u00fcn &#8220;EastMed&#8221; boru k\u0259m\u0259rinin \u00e7\u0259kilm\u0259si il\u0259 ba\u011fl\u0131 \u0130srail, Yunan\u0131stan v\u0259 Avropa Birliyi anla\u015fd\u0131lar. \u018fsas yataq &#8220;Leviafan&#8221;d\u0131r. Layih\u0259 realla\u015farsa, TANAP-\u0131n birba\u015fa r\u0259qibi olacaq. T\u0259bii qaz n\u0259qli mar\u015frutlar\u0131n\u0131n art\u0131r\u0131lmas\u0131, habel\u0259 Avropan\u0131n &#8220;mavi yanacaq&#8221; bazar\u0131nda T\u00fcrkiy\u0259nin t\u0259sir imkanlar\u0131n\u0131 azaltmaq \u00fc\u00e7\u00fcn Avropa Birliyi yeni boru k\u0259m\u0259rind\u0259 maraql\u0131d\u0131r. T\u00fcrkiy\u0259nin Liviyaya qo\u015fun yollamas\u0131 il\u0259 ba\u011fl\u0131 q\u0259rar\u0131n\u0131n da \u0259sas s\u0259b\u0259bi el\u0259 budur. Haz\u0131rda T\u00fcrkiy\u0259 qaz bazar\u0131nda Rusiya il\u0259 yana\u015f\u0131, \u0130srail v\u0259 habel\u0259, &#8220;Z\u00f6hr&#8221; yata\u011f\u0131ndan qaz\u0131 Avropaya satmaq fikrin\u0259 d\u00fc\u015fm\u00fc\u015f Misirin maraqlar\u0131na &#8220;problem&#8221;dir. R\u0259c\u0259b Tayyib \u018frdo\u011fan \u00f6lk\u0259sini t\u0259bii qaz&hellip;<\/p>\n","protected":false},"author":2,"featured_media":116462,"comment_status":"closed","ping_status":"closed","sticky":false,"template":"","format":"standard","meta":{"om_disable_all_campaigns":false,"_monsterinsights_skip_tracking":false,"_monsterinsights_sitenote_active":false,"_monsterinsights_sitenote_note":"","_monsterinsights_sitenote_category":0},"categories":[7],"tags":[],"aioseo_notices":[],"gutentor_comment":0,"rttpg_featured_image_url":{"full":["https:\/\/arantv.az\/wp-content\/uploads\/2020\/01\/liviya_qaz_2834876.jpg",800,600,false],"landscape":["https:\/\/arantv.az\/wp-content\/uploads\/2020\/01\/liviya_qaz_2834876.jpg",800,600,false],"portraits":["https:\/\/arantv.az\/wp-content\/uploads\/2020\/01\/liviya_qaz_2834876.jpg",800,600,false],"thumbnail":["https:\/\/arantv.az\/wp-content\/uploads\/2020\/01\/liviya_qaz_2834876-150x150.jpg",150,150,true],"medium":["https:\/\/arantv.az\/wp-content\/uploads\/2020\/01\/liviya_qaz_2834876-300x225.jpg",300,225,true],"large":["https:\/\/arantv.az\/wp-content\/uploads\/2020\/01\/liviya_qaz_2834876.jpg",640,480,false],"1536x1536":["https:\/\/arantv.az\/wp-content\/uploads\/2020\/01\/liviya_qaz_2834876.jpg",800,600,false],"2048x2048":["https:\/\/arantv.az\/wp-content\/uploads\/2020\/01\/liviya_qaz_2834876.jpg",800,600,false],"post-thumbnail":["https:\/\/arantv.az\/wp-content\/uploads\/2020\/01\/liviya_qaz_2834876-240x172.jpg",240,172,true],"advps-thumb-one":["https:\/\/arantv.az\/wp-content\/uploads\/2020\/01\/liviya_qaz_2834876.jpg",800,600,false]},"rttpg_author":{"display_name":"V\u00fcsal Rafiqo\u011flu","author_link":"https:\/\/arantv.az\/?author=2"},"rttpg_comment":0,"rttpg_category":"<a href=\"https:\/\/arantv.az\/?cat=7\" rel=\"category\">D\u00fcnya<\/a>","rttpg_excerpt":"Aral\u0131q d\u0259nizinin \u015f\u0259rq hiss\u0259sid\u0259ki yataqlardan Avropaya t\u0259bii qaz n\u0259qli \u00fc\u00e7\u00fcn &#8220;EastMed&#8221; boru k\u0259m\u0259rinin \u00e7\u0259kilm\u0259si il\u0259 ba\u011fl\u0131 \u0130srail, Yunan\u0131stan v\u0259 Avropa Birliyi anla\u015fd\u0131lar. \u018fsas yataq &#8220;Leviafan&#8221;d\u0131r. Layih\u0259 realla\u015farsa, TANAP-\u0131n birba\u015fa r\u0259qibi olacaq. T\u0259bii qaz n\u0259qli mar\u015frutlar\u0131n\u0131n art\u0131r\u0131lmas\u0131, habel\u0259 Avropan\u0131n &#8220;mavi yanacaq&#8221; bazar\u0131nda T\u00fcrkiy\u0259nin t\u0259sir imkanlar\u0131n\u0131 azaltmaq \u00fc\u00e7\u00fcn Avropa Birliyi yeni boru k\u0259m\u0259rind\u0259 maraql\u0131d\u0131r. T\u00fcrkiy\u0259nin Liviyaya qo\u015fun&hellip;","_links":{"self":[{"href":"https:\/\/arantv.az\/index.php?rest_route=\/wp\/v2\/posts\/116461"}],"collection":[{"href":"https:\/\/arantv.az\/index.php?rest_route=\/wp\/v2\/posts"}],"about":[{"href":"https:\/\/arantv.az\/index.php?rest_route=\/wp\/v2\/types\/post"}],"author":[{"embeddable":true,"href":"https:\/\/arantv.az\/index.php?rest_route=\/wp\/v2\/users\/2"}],"replies":[{"embeddable":true,"href":"https:\/\/arantv.az\/index.php?rest_route=%2Fwp%2Fv2%2Fcomments&post=116461"}],"version-history":[{"count":0,"href":"https:\/\/arantv.az\/index.php?rest_route=\/wp\/v2\/posts\/116461\/revisions"}],"wp:featuredmedia":[{"embeddable":true,"href":"https:\/\/arantv.az\/index.php?rest_route=\/wp\/v2\/media\/116462"}],"wp:attachment":[{"href":"https:\/\/arantv.az\/index.php?rest_route=%2Fwp%2Fv2%2Fmedia&parent=116461"}],"wp:term":[{"taxonomy":"category","embeddable":true,"href":"https:\/\/arantv.az\/index.php?rest_route=%2Fwp%2Fv2%2Fcategories&post=116461"},{"taxonomy":"post_tag","embeddable":true,"href":"https:\/\/arantv.az\/index.php?rest_route=%2Fwp%2Fv2%2Ftags&post=116461"}],"curies":[{"name":"wp","href":"https:\/\/api.w.org\/{rel}","templated":true}]}}