{"id":116477,"date":"2020-01-09T12:58:24","date_gmt":"2020-01-09T09:58:24","guid":{"rendered":"http:\/\/arantv.az\/?p=116477"},"modified":"2020-01-09T12:58:24","modified_gmt":"2020-01-09T09:58:24","slug":"q%c9%99nir%c9%99-pasayeva-n%c9%99rmin%c9%99-qarsi-tor%c9%99dil%c9%99n-cinay%c9%99t-%c9%99m%c9%99linin-acilmasi-il%c9%99-bagli-ciddi-isl%c9%99r-gedir","status":"publish","type":"post","link":"https:\/\/arantv.az\/?p=116477","title":{"rendered":"Q\u0259nir\u0259 Pa\u015fayeva: &#8220;N\u0259rmin\u0259 qar\u015f\u0131 t\u00f6r\u0259dil\u0259n cinay\u0259t \u0259m\u0259linin a\u00e7\u0131lmas\u0131 il\u0259 ba\u011fl\u0131 ciddi i\u015fl\u0259r gedir&#8221;"},"content":{"rendered":"<p>&#8220;Bak\u0131dan g\u0259l\u0259n Respublika Prokurorlu\u011funun v\u0259 Daxili \u0130\u015fl\u0259r Nazirliyinin \u0259m\u0259kda\u015flar\u0131 t\u0259r\u0259find\u0259n N\u0259rmin Quliyevaya qar\u015f\u0131 t\u00f6r\u0259dil\u0259n cinay\u0259t i\u015finin a\u00e7\u0131lmas\u0131 istiqam\u0259tind\u0259 g\u0259rgin i\u015fl\u0259r gedir. Biz bu g\u00fcn s\u0259h\u0259r saatlar\u0131nda da h\u00fcquq m\u00fchafiz\u0259 orqan\u0131 \u0259m\u0259kda\u015flar\u0131 il\u0259 birlikd\u0259 olduq, m\u00fczakir\u0259l\u0259r apard\u0131q&#8221;.<\/p>\n<p>Bu fikirl\u0259ri BAKU.WS-in b\u00f6lg\u0259 m\u00fcxbirin\u0259 N\u0259rmin Quliyevan\u0131n d\u0259fn m\u0259rasimin\u0259 qat\u0131lan mill\u0259t v\u0259kili Q\u0259nir\u0259 Pa\u015fayeva bildirib.<\/p>\n<div id=\"AdviadNativeVideo0\" class=\"AdviadNativeVideo\"><\/div>\n<p>Mill\u0259t v\u0259kili \u0259lav\u0259 edib ki,istintaq\u0131n gedi\u015fi Daxili \u0130\u015fl\u0259r Nazirliyi v\u0259 Respublika Prokurorlu\u011funun n\u0259zar\u0259tind\u0259dir.<\/p>\n<p>&#8220;Bilirsiz ki, cinay\u0259t i\u015finin a\u00e7\u0131lmas\u0131 il\u0259 ba\u011fl\u0131 Respublika Prokurorlu\u011fu v\u0259 Daxili \u0130\u015fl\u0259r Nazirliyinin x\u00fcsusi n\u00fcmay\u0259nd\u0259 heyy\u0259ti g\u0259lib.<\/p>\n<p>Biz istintaq\u0131n gedi\u015fin\u0259 mane ola bilm\u0259rik, m\u00fcxt\u0259lif \u0259sas\u0131, s\u00fcbutu olmayan f\u0259rziy\u0259l\u0259r, h\u0259r hans\u0131 fikirl\u0259rin i\u015fl\u0259tm\u0259k ist\u0259mir\u0259m.<\/p>\n<p>Lakin onu dey\u0259 bil\u0259r\u0259m ki, in\u015fallah yax\u0131n m\u00fcdd\u0259td\u0259 bu v\u0259\u015filiyi t\u00f6r\u0259d\u0259n \u015f\u0259xs v\u0259 ya \u015f\u0259xsl\u0259r \u0259dal\u0259t qar\u015f\u0131s\u0131nda cavab ver\u0259c\u0259k&#8221;.<br \/>\n<img class=\"imgbcode\" src=\"https:\/\/sonxeber.az\/uploads\/1578563242_81933687_600140180530112_452325481505619968_n.jpg\" alt=\"Q\u0259nir\u0259 Pa\u015fayeva: &quot;N\u0259rmin\u0259 qar\u015f\u0131 t\u00f6r\u0259dil\u0259n cinay\u0259t \u0259m\u0259linin a\u00e7\u0131lmas\u0131 il\u0259 ba\u011fl\u0131 ciddi i\u015fl\u0259r gedir&quot;\" \/><\/p>\n","protected":false},"excerpt":{"rendered":"<p>&#8220;Bak\u0131dan g\u0259l\u0259n Respublika Prokurorlu\u011funun v\u0259 Daxili \u0130\u015fl\u0259r Nazirliyinin \u0259m\u0259kda\u015flar\u0131 t\u0259r\u0259find\u0259n N\u0259rmin Quliyevaya qar\u015f\u0131 t\u00f6r\u0259dil\u0259n cinay\u0259t i\u015finin a\u00e7\u0131lmas\u0131 istiqam\u0259tind\u0259 g\u0259rgin i\u015fl\u0259r gedir. Biz bu g\u00fcn s\u0259h\u0259r saatlar\u0131nda da h\u00fcquq m\u00fchafiz\u0259 orqan\u0131 \u0259m\u0259kda\u015flar\u0131 il\u0259 birlikd\u0259 olduq, m\u00fczakir\u0259l\u0259r apard\u0131q&#8221;. Bu fikirl\u0259ri BAKU.WS-in b\u00f6lg\u0259 m\u00fcxbirin\u0259 N\u0259rmin Quliyevan\u0131n d\u0259fn m\u0259rasimin\u0259 qat\u0131lan mill\u0259t v\u0259kili Q\u0259nir\u0259 Pa\u015fayeva bildirib. Mill\u0259t v\u0259kili \u0259lav\u0259 edib ki,istintaq\u0131n gedi\u015fi Daxili \u0130\u015fl\u0259r Nazirliyi v\u0259 Respublika Prokurorlu\u011funun n\u0259zar\u0259tind\u0259dir. &#8220;Bilirsiz ki, cinay\u0259t i\u015finin a\u00e7\u0131lmas\u0131 il\u0259 ba\u011fl\u0131 Respublika Prokurorlu\u011fu v\u0259 Daxili \u0130\u015fl\u0259r Nazirliyinin x\u00fcsusi n\u00fcmay\u0259nd\u0259 heyy\u0259ti g\u0259lib. Biz istintaq\u0131n gedi\u015fin\u0259 mane ola bilm\u0259rik, m\u00fcxt\u0259lif \u0259sas\u0131, s\u00fcbutu&hellip;<\/p>\n","protected":false},"author":2,"featured_media":116478,"comment_status":"closed","ping_status":"closed","sticky":false,"template":"","format":"standard","meta":{"om_disable_all_campaigns":false,"_monsterinsights_skip_tracking":false,"_monsterinsights_sitenote_active":false,"_monsterinsights_sitenote_note":"","_monsterinsights_sitenote_category":0},"categories":[1],"tags":[],"aioseo_notices":[],"gutentor_comment":0,"rttpg_featured_image_url":{"full":["https:\/\/arantv.az\/wp-content\/uploads\/2020\/01\/1578563292_82444265_454786605409436_7776148665772539904_n.jpg",549,309,false],"landscape":["https:\/\/arantv.az\/wp-content\/uploads\/2020\/01\/1578563292_82444265_454786605409436_7776148665772539904_n.jpg",549,309,false],"portraits":["https:\/\/arantv.az\/wp-content\/uploads\/2020\/01\/1578563292_82444265_454786605409436_7776148665772539904_n.jpg",549,309,false],"thumbnail":["https:\/\/arantv.az\/wp-content\/uploads\/2020\/01\/1578563292_82444265_454786605409436_7776148665772539904_n-150x150.jpg",150,150,true],"medium":["https:\/\/arantv.az\/wp-content\/uploads\/2020\/01\/1578563292_82444265_454786605409436_7776148665772539904_n-300x169.jpg",300,169,true],"large":["https:\/\/arantv.az\/wp-content\/uploads\/2020\/01\/1578563292_82444265_454786605409436_7776148665772539904_n.jpg",549,309,false],"1536x1536":["https:\/\/arantv.az\/wp-content\/uploads\/2020\/01\/1578563292_82444265_454786605409436_7776148665772539904_n.jpg",549,309,false],"2048x2048":["https:\/\/arantv.az\/wp-content\/uploads\/2020\/01\/1578563292_82444265_454786605409436_7776148665772539904_n.jpg",549,309,false],"post-thumbnail":["https:\/\/arantv.az\/wp-content\/uploads\/2020\/01\/1578563292_82444265_454786605409436_7776148665772539904_n-240x172.jpg",240,172,true],"advps-thumb-one":["https:\/\/arantv.az\/wp-content\/uploads\/2020\/01\/1578563292_82444265_454786605409436_7776148665772539904_n.jpg",549,309,false]},"rttpg_author":{"display_name":"V\u00fcsal Rafiqo\u011flu","author_link":"https:\/\/arantv.az\/?author=2"},"rttpg_comment":0,"rttpg_category":"<a href=\"https:\/\/arantv.az\/?cat=1\" rel=\"category\">C\u0259miyy\u0259t<\/a>","rttpg_excerpt":"&#8220;Bak\u0131dan g\u0259l\u0259n Respublika Prokurorlu\u011funun v\u0259 Daxili \u0130\u015fl\u0259r Nazirliyinin \u0259m\u0259kda\u015flar\u0131 t\u0259r\u0259find\u0259n N\u0259rmin Quliyevaya qar\u015f\u0131 t\u00f6r\u0259dil\u0259n cinay\u0259t i\u015finin a\u00e7\u0131lmas\u0131 istiqam\u0259tind\u0259 g\u0259rgin i\u015fl\u0259r gedir. Biz bu g\u00fcn s\u0259h\u0259r saatlar\u0131nda da h\u00fcquq m\u00fchafiz\u0259 orqan\u0131 \u0259m\u0259kda\u015flar\u0131 il\u0259 birlikd\u0259 olduq, m\u00fczakir\u0259l\u0259r apard\u0131q&#8221;. Bu fikirl\u0259ri BAKU.WS-in b\u00f6lg\u0259 m\u00fcxbirin\u0259 N\u0259rmin Quliyevan\u0131n d\u0259fn m\u0259rasimin\u0259 qat\u0131lan mill\u0259t v\u0259kili Q\u0259nir\u0259 Pa\u015fayeva bildirib. Mill\u0259t v\u0259kili \u0259lav\u0259 edib&hellip;","_links":{"self":[{"href":"https:\/\/arantv.az\/index.php?rest_route=\/wp\/v2\/posts\/116477"}],"collection":[{"href":"https:\/\/arantv.az\/index.php?rest_route=\/wp\/v2\/posts"}],"about":[{"href":"https:\/\/arantv.az\/index.php?rest_route=\/wp\/v2\/types\/post"}],"author":[{"embeddable":true,"href":"https:\/\/arantv.az\/index.php?rest_route=\/wp\/v2\/users\/2"}],"replies":[{"embeddable":true,"href":"https:\/\/arantv.az\/index.php?rest_route=%2Fwp%2Fv2%2Fcomments&post=116477"}],"version-history":[{"count":0,"href":"https:\/\/arantv.az\/index.php?rest_route=\/wp\/v2\/posts\/116477\/revisions"}],"wp:featuredmedia":[{"embeddable":true,"href":"https:\/\/arantv.az\/index.php?rest_route=\/wp\/v2\/media\/116478"}],"wp:attachment":[{"href":"https:\/\/arantv.az\/index.php?rest_route=%2Fwp%2Fv2%2Fmedia&parent=116477"}],"wp:term":[{"taxonomy":"category","embeddable":true,"href":"https:\/\/arantv.az\/index.php?rest_route=%2Fwp%2Fv2%2Fcategories&post=116477"},{"taxonomy":"post_tag","embeddable":true,"href":"https:\/\/arantv.az\/index.php?rest_route=%2Fwp%2Fv2%2Ftags&post=116477"}],"curies":[{"name":"wp","href":"https:\/\/api.w.org\/{rel}","templated":true}]}}