{"id":116626,"date":"2020-01-09T16:08:45","date_gmt":"2020-01-09T13:08:45","guid":{"rendered":"http:\/\/arantv.az\/?p=116626"},"modified":"2020-01-09T16:08:45","modified_gmt":"2020-01-09T13:08:45","slug":"m%c9%99zahir-p%c9%99nahovdan-v%c9%99zif%c9%99li-s%c9%99xsl%c9%99r%c9%99-x%c9%99b%c9%99rdarliq","status":"publish","type":"post","link":"https:\/\/arantv.az\/?p=116626","title":{"rendered":"M\u0259zahir P\u0259nahovdan v\u0259zif\u0259li \u015f\u0259xsl\u0259r\u0259 X\u018fB\u018fRDARLIQ"},"content":{"rendered":"<p>M\u0259rk\u0259zi Se\u00e7ki Komissiyas\u0131n\u0131n (MSK) bu g\u00fcn ke\u00e7iril\u0259n iclas\u0131nda qurumun s\u0259dri M\u0259zahir P\u0259nahov deputatl\u0131\u011fa namiz\u0259dl\u0259r\u0259 m\u00fcraci\u0259t edib.<\/p>\n<p><b>ARANTV.AZ<\/b>-\u0131n m\u0259lumat\u0131na g\u00f6r\u0259, M.P\u0259nahov deyib ki, deputatl\u0131\u011fa namiz\u0259dl\u0259r imzatoplama zaman\u0131 diqq\u0259tli olmal\u0131d\u0131rlar.<\/p>\n<p>O bildirib ki, namiz\u0259dl\u0259r imzalar\u0131 qanunvericiliyin t\u0259l\u0259bin\u0259 uy\u011fun toplamal\u0131d\u0131rlar.<\/p>\n<p>M.P\u0259nahov bildirib ki, v\u0259zif\u0259li \u015f\u0259xsl\u0259r\u0259 v\u0259 b\u0259l\u0259diyy\u0259 \u00fczvl\u0259rin\u0259 d\u0259 x\u0259b\u0259rdarl\u0131q edib.<\/p>\n<p>\u201cOnlar namiz\u0259d \u00fc\u00e7\u00fcn imzatoplamada i\u015ftirak ed\u0259 bilm\u0259z. Bu c\u00fcr m\u0259s\u0259l\u0259l\u0259rd\u0259 namiz\u0259dl\u0259r diqq\u0259tli olmal\u0131d\u0131r\u201d, &#8211; dey\u0259 M.P\u0259nahov \u0259lav\u0259 edib.Oxu.Az<\/p>\n","protected":false},"excerpt":{"rendered":"<p>M\u0259rk\u0259zi Se\u00e7ki Komissiyas\u0131n\u0131n (MSK) bu g\u00fcn ke\u00e7iril\u0259n iclas\u0131nda qurumun s\u0259dri M\u0259zahir P\u0259nahov deputatl\u0131\u011fa namiz\u0259dl\u0259r\u0259 m\u00fcraci\u0259t edib. ARANTV.AZ-\u0131n m\u0259lumat\u0131na g\u00f6r\u0259, M.P\u0259nahov deyib ki, deputatl\u0131\u011fa namiz\u0259dl\u0259r imzatoplama zaman\u0131 diqq\u0259tli olmal\u0131d\u0131rlar. O bildirib ki, namiz\u0259dl\u0259r imzalar\u0131 qanunvericiliyin t\u0259l\u0259bin\u0259 uy\u011fun toplamal\u0131d\u0131rlar. M.P\u0259nahov bildirib ki, v\u0259zif\u0259li \u015f\u0259xsl\u0259r\u0259 v\u0259 b\u0259l\u0259diyy\u0259 \u00fczvl\u0259rin\u0259 d\u0259 x\u0259b\u0259rdarl\u0131q edib. \u201cOnlar namiz\u0259d \u00fc\u00e7\u00fcn imzatoplamada i\u015ftirak ed\u0259 bilm\u0259z. Bu c\u00fcr m\u0259s\u0259l\u0259l\u0259rd\u0259 namiz\u0259dl\u0259r diqq\u0259tli olmal\u0131d\u0131r\u201d, &#8211; dey\u0259 M.P\u0259nahov \u0259lav\u0259 edib.Oxu.Az<\/p>\n","protected":false},"author":2,"featured_media":116627,"comment_status":"closed","ping_status":"closed","sticky":false,"template":"","format":"standard","meta":{"om_disable_all_campaigns":false,"_monsterinsights_skip_tracking":false,"_monsterinsights_sitenote_active":false,"_monsterinsights_sitenote_note":"","_monsterinsights_sitenote_category":0},"categories":[1],"tags":[],"aioseo_notices":[],"gutentor_comment":0,"rttpg_featured_image_url":{"full":["https:\/\/arantv.az\/wp-content\/uploads\/2020\/01\/2019-12-23-14-57-453xd4kxWNiQPBixo0FkYk_file.jpg",620,388,false],"landscape":["https:\/\/arantv.az\/wp-content\/uploads\/2020\/01\/2019-12-23-14-57-453xd4kxWNiQPBixo0FkYk_file.jpg",620,388,false],"portraits":["https:\/\/arantv.az\/wp-content\/uploads\/2020\/01\/2019-12-23-14-57-453xd4kxWNiQPBixo0FkYk_file.jpg",620,388,false],"thumbnail":["https:\/\/arantv.az\/wp-content\/uploads\/2020\/01\/2019-12-23-14-57-453xd4kxWNiQPBixo0FkYk_file-150x150.jpg",150,150,true],"medium":["https:\/\/arantv.az\/wp-content\/uploads\/2020\/01\/2019-12-23-14-57-453xd4kxWNiQPBixo0FkYk_file-300x188.jpg",300,188,true],"large":["https:\/\/arantv.az\/wp-content\/uploads\/2020\/01\/2019-12-23-14-57-453xd4kxWNiQPBixo0FkYk_file.jpg",620,388,false],"1536x1536":["https:\/\/arantv.az\/wp-content\/uploads\/2020\/01\/2019-12-23-14-57-453xd4kxWNiQPBixo0FkYk_file.jpg",620,388,false],"2048x2048":["https:\/\/arantv.az\/wp-content\/uploads\/2020\/01\/2019-12-23-14-57-453xd4kxWNiQPBixo0FkYk_file.jpg",620,388,false],"post-thumbnail":["https:\/\/arantv.az\/wp-content\/uploads\/2020\/01\/2019-12-23-14-57-453xd4kxWNiQPBixo0FkYk_file-240x172.jpg",240,172,true],"advps-thumb-one":["https:\/\/arantv.az\/wp-content\/uploads\/2020\/01\/2019-12-23-14-57-453xd4kxWNiQPBixo0FkYk_file.jpg",620,388,false]},"rttpg_author":{"display_name":"V\u00fcsal Rafiqo\u011flu","author_link":"https:\/\/arantv.az\/?author=2"},"rttpg_comment":0,"rttpg_category":"<a href=\"https:\/\/arantv.az\/?cat=1\" rel=\"category\">C\u0259miyy\u0259t<\/a>","rttpg_excerpt":"M\u0259rk\u0259zi Se\u00e7ki Komissiyas\u0131n\u0131n (MSK) bu g\u00fcn ke\u00e7iril\u0259n iclas\u0131nda qurumun s\u0259dri M\u0259zahir P\u0259nahov deputatl\u0131\u011fa namiz\u0259dl\u0259r\u0259 m\u00fcraci\u0259t edib. ARANTV.AZ-\u0131n m\u0259lumat\u0131na g\u00f6r\u0259, M.P\u0259nahov deyib ki, deputatl\u0131\u011fa namiz\u0259dl\u0259r imzatoplama zaman\u0131 diqq\u0259tli olmal\u0131d\u0131rlar. O bildirib ki, namiz\u0259dl\u0259r imzalar\u0131 qanunvericiliyin t\u0259l\u0259bin\u0259 uy\u011fun toplamal\u0131d\u0131rlar. M.P\u0259nahov bildirib ki, v\u0259zif\u0259li \u015f\u0259xsl\u0259r\u0259 v\u0259 b\u0259l\u0259diyy\u0259 \u00fczvl\u0259rin\u0259 d\u0259 x\u0259b\u0259rdarl\u0131q edib. \u201cOnlar namiz\u0259d \u00fc\u00e7\u00fcn imzatoplamada i\u015ftirak ed\u0259 bilm\u0259z.&hellip;","_links":{"self":[{"href":"https:\/\/arantv.az\/index.php?rest_route=\/wp\/v2\/posts\/116626"}],"collection":[{"href":"https:\/\/arantv.az\/index.php?rest_route=\/wp\/v2\/posts"}],"about":[{"href":"https:\/\/arantv.az\/index.php?rest_route=\/wp\/v2\/types\/post"}],"author":[{"embeddable":true,"href":"https:\/\/arantv.az\/index.php?rest_route=\/wp\/v2\/users\/2"}],"replies":[{"embeddable":true,"href":"https:\/\/arantv.az\/index.php?rest_route=%2Fwp%2Fv2%2Fcomments&post=116626"}],"version-history":[{"count":0,"href":"https:\/\/arantv.az\/index.php?rest_route=\/wp\/v2\/posts\/116626\/revisions"}],"wp:featuredmedia":[{"embeddable":true,"href":"https:\/\/arantv.az\/index.php?rest_route=\/wp\/v2\/media\/116627"}],"wp:attachment":[{"href":"https:\/\/arantv.az\/index.php?rest_route=%2Fwp%2Fv2%2Fmedia&parent=116626"}],"wp:term":[{"taxonomy":"category","embeddable":true,"href":"https:\/\/arantv.az\/index.php?rest_route=%2Fwp%2Fv2%2Fcategories&post=116626"},{"taxonomy":"post_tag","embeddable":true,"href":"https:\/\/arantv.az\/index.php?rest_route=%2Fwp%2Fv2%2Ftags&post=116626"}],"curies":[{"name":"wp","href":"https:\/\/api.w.org\/{rel}","templated":true}]}}