{"id":116634,"date":"2020-01-09T16:22:18","date_gmt":"2020-01-09T13:22:18","guid":{"rendered":"http:\/\/arantv.az\/?p=116634"},"modified":"2020-01-09T16:22:18","modified_gmt":"2020-01-09T13:22:18","slug":"q%c9%99tl%c9%99-yetirilmis-10-yasli-qizin-atasi-istintaqdan-raziyam","status":"publish","type":"post","link":"https:\/\/arantv.az\/?p=116634","title":{"rendered":"Q\u0259tl\u0259 yetirilmi\u015f 10 ya\u015fl\u0131 q\u0131z\u0131n atas\u0131 \u2014 \u0130stintaqdan raz\u0131yam"},"content":{"rendered":"<div class=\"spot\">Tovuz rayonunun Dondar Qu\u015f\u00e7u k\u0259ndind\u0259 anadan olmu\u015f 10 ya\u015fl\u0131 N\u0259rmin Quliyevan\u0131n atas\u0131 \u015e\u0259rif Quliyev q\u0131z\u0131n\u0131n itkin d\u00fc\u015f\u0259nd\u0259n sonra apar\u0131lan axtar\u0131\u015f t\u0259dbirl\u0259rind\u0259n raz\u0131d\u0131r.<\/div>\n<p>O, bildirib ki, q\u0131z\u0131 itkin d\u00fc\u015f\u0259nd\u0259n b\u0259ri polis k\u0259ndd\u0259 olub: \u201c\u0130stintaqdan, axtar\u0131\u015flardan raz\u0131yam, m\u0259ni narahat etm\u0259yin\u201d.<\/p>\n<p><strong>ARANTV.AZ<\/strong> konkret.az-a istinad\u0259n x\u0259b\u0259r verir ki, 10 ya\u015fl\u0131 N\u0259rmin Quliyeva noyabr ay\u0131nda itkin d\u00fc\u015f\u00fcb. Yanvar\u0131n 6-da is\u0259 k\u0259ndd\u0259 onun yand\u0131r\u0131lm\u0131\u015f meyiti tap\u0131l\u0131b. Tovuz rayonunun Dondar Qu\u015f\u00e7u k\u0259ndind\u0259 anadan olmu\u015f N\u0259rmin \u00e7\u0259r\u015f\u0259nb\u0259 g\u00fcn\u00fc d\u0259fn edilib.<\/p>\n<p>Ba\u015f Prokurorluq istintaq getdiyini, z\u0259rur\u0259t yarand\u0131\u011f\u0131 halda ictimaiyy\u0259t\u0259 m\u0259lumat veril\u0259c\u0259yini deyir.<\/p>\n<p>Hadis\u0259 k\u0259nd sakinl\u0259rini \u201cvahim\u0259y\u0259\u201d sal\u0131b, sakinl\u0259r deyirl\u0259r. K\u0259ndd\u0259 ya\u015fayan \u015e\u0259rqiyy\u0259 Mehdiyeva deyib ki, \u0259hali tezlikl\u0259 qatilin tap\u0131lmas\u0131n\u0131 ist\u0259yir. \u201cBu hadis\u0259 biz\u0259 \u00e7ox pis t\u0259sir edib. Narahat\u0131q ki, qatil tap\u0131lmasa, bu hadis\u0259 t\u0259krar oluna bil\u0259r. Bilm\u0259k ist\u0259yirik ki, bunu k\u0259nd sakinimi t\u00f6r\u0259dib, ya yad adam\u201d, k\u0259nd sakini \u015e\u0259rqiyy\u0259 Mehdiyeva deyib. Onun s\u00f6zl\u0259rin\u0259 g\u00f6r\u0259, noyabr ay\u0131ndan u\u015fa\u011f\u0131n itkin d\u00fc\u015fm\u0259 x\u0259b\u0259ri yay\u0131landan b\u0259ri k\u0259ndd\u0259 axtar\u0131\u015flar ba\u015flay\u0131b.\u201dEvl\u0259rimizi g\u0259zdil\u0259r, yar\u0131m\u00e7\u0131q tikilil\u0259r\u0259 baxd\u0131lar, ma\u015f\u0131n\u0131 olanlar\u0131n ma\u015f\u0131nlar\u0131n\u0131n seriyas\u0131 qeyd olundu. Bizd\u0259n soru\u015fdular ki, tan\u0131mad\u0131\u011f\u0131n\u0131z adam g\u00f6rm\u00fcs\u00fcn\u00fczm\u00fc, \u015f\u00fcbh\u0259l\u0259ndiyini kims\u0259 varm\u0131\u201d, k\u0259nd sakini bildirib.<\/p>\n<p>\u201cU\u015faqlar\u0131 m\u0259kt\u0259b\u0259 ma\u015f\u0131nla apar\u0131r\u0131q\u201d<br \/>\n\u00d6vlad\u0131, q\u0259tl\u0259 yetirilmi\u015f N\u0259rmin Quliyeva il\u0259 paralel sinifd\u0259 oxuyan Af\u0259t Musayeva deyir ki, u\u015faq it\u0259n g\u00fcnd\u0259n \u201cvahim\u0259 i\u00e7\u0259risind\u0259dirl\u0259r\u201d.<\/p>\n<p>O bildirib ki, evi m\u0259kt\u0259b\u0259 yax\u0131n olan \u0259ks\u0259r valideynl\u0259r u\u015faqlar\u0131n\u0131 m\u0259kt\u0259b\u0259 \u00f6zl\u0259ri apar\u0131b-g\u0259tirirl\u0259r. \u201cEvi uzaqda olanlar u\u015faqlar\u0131 m\u0259kt\u0259b\u0259 ma\u015f\u0131nla apar\u0131b g\u0259tirirl\u0259r. Axtar\u0131\u015f apar\u0131landa biz\u0259 it g\u0259tirm\u0259dil\u0259r, ancaq avtomobill\u0259r\u0259 baxd\u0131lar. U\u015fa\u011f\u0131n ya\u015fad\u0131\u011f\u0131 k\u00fc\u00e7\u0259y\u0259 yax\u0131n olan evl\u0259rd\u0259 itl\u0259 axtar\u0131\u015f apar\u0131blar\u201d, k\u0259nd sakini Af\u0259t Musayeva deyib. \u00d6vlad\u0131 6-c\u0131 sinifd\u0259 oxuyan Af\u0259t Musayeva narahatd\u0131r ki, u\u015faqlar t\u0259hl\u00fck\u0259d\u0259 ola bil\u0259r. \u201cH\u00fcquq m\u00fchafiz\u0259 orqanlar\u0131 ara\u015fd\u0131rma apar\u0131r, h\u0259r \u015fey n\u0259zar\u0259t alt\u0131ndad\u0131r, narahatl\u0131\u011fa he\u00e7 bir \u0259sas yoxdur\u201d, Tovuz icra hakimiyy\u0259ti ba\u015f\u00e7\u0131s\u0131n\u0131n m\u00fcavini T\u0259ran\u0259 Bayramova BBC News Az\u0259rbaycancaya deyib v\u0259 \u0259lav\u0259 edib ki, onlar N\u0259rminin ail\u0259siyl\u0259 m\u00fct\u0259madi \u0259laq\u0259 saxlay\u0131rlar.<img src=\"https:\/\/ichef.bbci.co.uk\/news\/624\/cpsprodpb\/7D7A\/production\/_110422123_qiz.jpg\" alt=\"Tovuz rayonunun Dondar Qu\u015f\u00e7u k\u0259ndind\u0259 anadan olmu\u015f 10 ya\u015fl\u0131 N\u0259rmin Quliyevan\u0131n &quot;q\u0259sd\u0259n \u00f6ld\u00fcr\u00fclm\u0259si&quot; il\u0259 ba\u011fl\u0131 cinay\u0259t i\u015fi ba\u015flan\u0131b.\" width=\"100%\" \/><\/p>\n<p>Tovuz rayonunun Dondar Qu\u015f\u00e7u k\u0259ndind\u0259 anadan olmu\u015f 10 ya\u015fl\u0131 N\u0259rmin Quliyevan\u0131n &#8220;q\u0259sd\u0259n \u00f6ld\u00fcr\u00fclm\u0259si&#8221; il\u0259 ba\u011fl\u0131 cinay\u0259t i\u015fi ba\u015flan\u0131b.<br \/>\nDondar Qu\u015f\u00e7u k\u0259nd icra n\u00fcmay\u0259nd\u0259si Samir H\u00fcseynov deyib ki, polis \u0259razid\u0259 i\u015f apar\u0131r v\u0259 u\u015fa\u011f\u0131n meyiti tap\u0131lan k\u00fc\u00e7\u0259d\u0259 ya\u015fayan sakinl\u0259ri dindirir.<\/p>\n<p>O deyir ki, hadis\u0259 el\u0259 onlar\u0131n evind\u0259 d\u0259 qorxu var: \u201cQorxu ham\u0131da var, el\u0259 bizim u\u015faqda da. B\u00fct\u00fcn \u015f\u00f6b\u0259 [polis] burdad\u0131r, i\u015f gedir. Tap\u0131l\u0131b yoluna qoyulmal\u0131\u0131d\u0131r. Tap\u0131lmal\u0131d\u0131r, v\u0259ssalam\u201d, o deyir. Azya\u015fl\u0131 N\u0259rmin Quliyevan\u0131n \u201cq\u0259sd\u0259n \u00f6ld\u00fcr\u00fclm\u0259si\u201d il\u0259 ba\u011fl\u0131 cinay\u0259t i\u015fi ba\u015flan\u0131b.<\/p>\n<p>10 ya\u015fl\u0131 N\u0259rmin Quliyeva noyabr ay\u0131nda itkin d\u00fc\u015f\u00fcb. \u201cValideynl\u0259rinin dem\u0259sin\u0259 g\u00f6r\u0259, u\u015faq g\u00fcnorta saat 3-4 aras\u0131nda evd\u0259n \u00e7\u0131x\u0131b \u0259misigil\u0259 gedib, bir d\u0259 ax\u015fam x\u0259b\u0259r tutublar ki, q\u0131z yoxdur\u201d, Tovuz rayonun Dondar Qu\u015f\u00e7u b\u0259l\u0259diyy\u0259sinin s\u0259dri Elmar M\u00fcr\u015f\u00fcdov BBC News Az\u0259rbaycancaya deyib. Onun s\u00f6zl\u0259rin\u0259 g\u00f6r\u0259, indiy\u0259d\u0259k bu k\u0259ndd\u0259 h\u0259r hans\u0131 u\u015faq itm\u0259yib: \u201cK\u0259ndd\u0259 evl\u0259r s\u0131x-s\u0131xd\u0131r, g\u00fcnorta vaxtlar\u0131nda da \u00e7\u00f6ld\u0259-bay\u0131rda adam olur\u201d, \u2013 dey\u0259 o bildirib.<\/p>\n<p>N\u0259rmin Quliyevan\u0131 he\u00e7 yerd\u0259 tapa bilm\u0259y\u0259nd\u0259n sonra ail\u0259 polis\u0259 m\u00fcraci\u0259t edib: \u201cPolis g\u00fcnd\u0259 k\u0259ndd\u0259ydi. B\u00fct\u00fcn evl\u0259ri axtar\u0131b, h\u0259tta ot tayalar\u0131na kimi bax\u0131rd\u0131lar. Axtar\u0131\u015flar k\u0259ndd\u0259 d\u0259, rayonun ba\u015fqa k\u0259ndl\u0259rind\u0259 d\u0259 gedirdi. Polis h\u0259r g\u00fcn t\u0259krar-t\u0259krar qay\u0131d\u0131b qon\u015fular\u0131n evl\u0259rini, h\u0259y\u0259tyan\u0131 sah\u0259sini yoxlay\u0131rd\u0131\u201d, \u2013 dey\u0259 Elmar M\u00fcr\u015f\u00fcdov \u0259lav\u0259 edib.<\/p>\n<p>B\u0259l\u0259diyy\u0259 s\u0259dri deyib ki, k\u0259ndd\u0259 \u0259halinin say\u0131 4500-4600-d\u00fcr. Onun s\u00f6zl\u0259rin\u0259 g\u00f6r\u0259, k\u0259ndd\u0259 bo\u015f ev, qeydiyyatda olub k\u0259narda ya\u015fayan adam, dem\u0259k olar ki, azd\u0131r. Azya\u015fl\u0131n\u0131n meyiti bazar ert\u0259si g\u00fcn\u00fc ax\u015fam saatlar\u0131nda \u201ct\u0259sad\u00fcf\u0259n tap\u0131l\u0131b\u201d.<\/p>\n<p>Qon\u015fu tap\u0131b<\/p>\n<p>Elmar M\u00fcr\u015f\u00fcdov deyib ki, azya\u015fl\u0131n\u0131n meyitini qon\u015fulardan biri tap\u0131b: \u201cQon\u015fu \u00e7\u00f6l\u0259 \u00e7\u0131x\u0131b siqaret \u00e7\u0259km\u0259y\u0259, g\u00f6r\u00fcb ki, o biri qon\u015funun hasar\u0131n\u0131n dibind\u0259 n\u0259s\u0259 yan\u0131r, yax\u0131nla\u015f\u0131b. O da deyib bird\u0259n ev yanar, qon\u015funu \u00e7a\u011f\u0131r\u0131b, deyib ki, hasar\u0131n b\u00f6yr\u00fcnd\u0259 n\u0259s\u0259 yan\u0131r. O da torpaq t\u00f6k\u00fcb s\u00f6nd\u00fcr\u00fcb. Sonradan g\u00f6r\u00fcbl\u0259r ki, u\u015faq meyitidir. Polis\u0259 x\u0259b\u0259r edibl\u0259r\u201d.<\/p>\n<p>Tovuz Rayon Polis \u015e\u00f6b\u0259sind\u0259n bildirilib ki, noyabr\u0131n 21-d\u0259 itkin d\u00fc\u015fm\u00fc\u015f azya\u015fl\u0131n\u0131n tap\u0131lmamas\u0131ndan bir ne\u00e7\u0259 g\u00fcn sonra onun q\u0259sd\u0259n \u00f6ld\u00fcr\u00fclm\u0259sind\u0259n \u015f\u00fcbh\u0259l\u0259r olub v\u0259 ona g\u00f6r\u0259 d\u0259 i\u015f Ba\u015f Prokurorlu\u011fa verilib.<\/p>\n<p>Noyabr\u0131n sonlar\u0131ndan b\u0259ri azya\u015fl\u0131n\u0131n izini niy\u0259 tapmaq m\u00fcmk\u00fcn olmay\u0131b? Ba\u015f Prokurorlu\u011fun m\u0259tbuat xidm\u0259ti deyir ki, h\u00fcquq m\u00fchafiz\u0259 orqanlar\u0131n\u0131n t\u0259limat\u00e7\u0131lar\u0131 hadis\u0259 bar\u0259d\u0259 x\u0259b\u0259r alan kimi, x\u00fcsusi t\u0259lim ke\u00e7mi\u015f itl\u0259rl\u0259 Dondar Qu\u015f\u00e7u k\u0259ndi v\u0259 \u0259traf \u0259razil\u0259rd\u0259 axtar\u0131\u015flara c\u0259lb edilibl\u0259r. Ba\u015f Prokurorluq bildirib ki, azya\u015fl\u0131n\u0131n atas\u0131 \u015e\u0259rif Quliyev 2019-cu il noyabr\u0131n 21-d\u0259 saat 14:00 rad\u0259l\u0259rind\u0259 \u00f6z\u00fcn\u0259 m\u0259xsus g\u00f6d\u0259k\u00e7\u0259ni g\u0259tirm\u0259k \u00fc\u00e7\u00fcn q\u0131z\u0131 N\u0259rmin Quliyevan\u0131 h\u0259min k\u0259ndd\u0259 ya\u015fayan qarda\u015f\u0131n\u0131n evin\u0259 g\u00f6nd\u0259rib v\u0259 N\u0259rmin Quliyeva \u0259misinin evin\u0259 gedib oradan \u00e7\u0131xd\u0131qdan sonra nam\u0259lum \u015f\u0259raitd\u0259 itkin d\u00fc\u015f\u00fcb.<\/p>\n<p>N\u0259rminin meyitini bir k\u0259nd sakininin a\u015fkar etdiyini dey\u0259n Ba\u015f Prokurorluq hadis\u0259ni t\u00f6r\u0259d\u0259nl\u0259rin tap\u0131lmas\u0131 \u00fc\u00e7\u00fcn intensiv istintaq h\u0259r\u0259k\u0259tl\u0259ri v\u0259 \u0259m\u0259liyyat-axtar\u0131\u015f t\u0259dbirl\u0259rinin ke\u00e7irildiyini bildirib.<\/p>\n<p>2018-ci ilin ilk 9 ay\u0131n\u0131n n\u0259tic\u0259l\u0259rin\u0259 g\u00f6r\u0259, Az\u0259rbaycanda m\u0259i\u015f\u0259td\u0259 ba\u015f vermi\u015f cinay\u0259t hallar\u0131n\u0131n 135-i \u00f6z\u00fcn\u00fc \u00f6ld\u00fcrm\u0259 h\u0259ddin\u0259 \u00e7atd\u0131rma il\u0259 ba\u011fl\u0131d\u0131r: \u201cBunlardan 112 faktda qad\u0131n \u00f6z\u00fcn\u00fc \u00f6ld\u00fcr\u00fcb. Onlardan 11-i azya\u015fl\u0131 q\u0131zlar\u201d olub, D\u0130N s\u00f6z\u00e7\u00fcs\u00fc bildirib.<\/p>\n<p>R\u0259smi statistikaya g\u00f6r\u0259, 2017-ci ilin doqquz ay\u0131 \u00fczr\u0259 m\u0259i\u015f\u0259t zorak\u0131l\u0131\u011f\u0131 \u00fczr\u0259 cinay\u0259t hallar\u0131 700-d\u0259n \u00e7ox, 2018-ci ild\u0259 is\u0259 700-\u0259 yax\u0131n olub.<\/p>\n","protected":false},"excerpt":{"rendered":"<p>Tovuz rayonunun Dondar Qu\u015f\u00e7u k\u0259ndind\u0259 anadan olmu\u015f 10 ya\u015fl\u0131 N\u0259rmin Quliyevan\u0131n atas\u0131 \u015e\u0259rif Quliyev q\u0131z\u0131n\u0131n itkin d\u00fc\u015f\u0259nd\u0259n sonra apar\u0131lan axtar\u0131\u015f t\u0259dbirl\u0259rind\u0259n raz\u0131d\u0131r. O, bildirib ki, q\u0131z\u0131 itkin d\u00fc\u015f\u0259nd\u0259n b\u0259ri polis k\u0259ndd\u0259 olub: \u201c\u0130stintaqdan, axtar\u0131\u015flardan raz\u0131yam, m\u0259ni narahat etm\u0259yin\u201d. ARANTV.AZ konkret.az-a istinad\u0259n x\u0259b\u0259r verir ki, 10 ya\u015fl\u0131 N\u0259rmin Quliyeva noyabr ay\u0131nda itkin d\u00fc\u015f\u00fcb. Yanvar\u0131n 6-da is\u0259 k\u0259ndd\u0259 onun yand\u0131r\u0131lm\u0131\u015f meyiti tap\u0131l\u0131b. Tovuz rayonunun Dondar Qu\u015f\u00e7u k\u0259ndind\u0259 anadan olmu\u015f N\u0259rmin \u00e7\u0259r\u015f\u0259nb\u0259 g\u00fcn\u00fc d\u0259fn edilib. Ba\u015f Prokurorluq istintaq getdiyini, z\u0259rur\u0259t yarand\u0131\u011f\u0131 halda ictimaiyy\u0259t\u0259 m\u0259lumat veril\u0259c\u0259yini deyir. Hadis\u0259 k\u0259nd sakinl\u0259rini \u201cvahim\u0259y\u0259\u201d sal\u0131b, sakinl\u0259r deyirl\u0259r.&hellip;<\/p>\n","protected":false},"author":2,"featured_media":115906,"comment_status":"closed","ping_status":"closed","sticky":false,"template":"","format":"standard","meta":{"om_disable_all_campaigns":false,"_monsterinsights_skip_tracking":false,"_monsterinsights_sitenote_active":false,"_monsterinsights_sitenote_note":"","_monsterinsights_sitenote_category":0},"categories":[1],"tags":[],"aioseo_notices":[],"gutentor_comment":0,"rttpg_featured_image_url":{"full":["https:\/\/arantv.az\/wp-content\/uploads\/2020\/01\/FotoJet-9.jpg",620,446,false],"landscape":["https:\/\/arantv.az\/wp-content\/uploads\/2020\/01\/FotoJet-9.jpg",620,446,false],"portraits":["https:\/\/arantv.az\/wp-content\/uploads\/2020\/01\/FotoJet-9.jpg",620,446,false],"thumbnail":["https:\/\/arantv.az\/wp-content\/uploads\/2020\/01\/FotoJet-9-150x150.jpg",150,150,true],"medium":["https:\/\/arantv.az\/wp-content\/uploads\/2020\/01\/FotoJet-9-300x216.jpg",300,216,true],"large":["https:\/\/arantv.az\/wp-content\/uploads\/2020\/01\/FotoJet-9.jpg",620,446,false],"1536x1536":["https:\/\/arantv.az\/wp-content\/uploads\/2020\/01\/FotoJet-9.jpg",620,446,false],"2048x2048":["https:\/\/arantv.az\/wp-content\/uploads\/2020\/01\/FotoJet-9.jpg",620,446,false],"post-thumbnail":["https:\/\/arantv.az\/wp-content\/uploads\/2020\/01\/FotoJet-9-240x172.jpg",240,172,true],"advps-thumb-one":["https:\/\/arantv.az\/wp-content\/uploads\/2020\/01\/FotoJet-9.jpg",620,446,false]},"rttpg_author":{"display_name":"V\u00fcsal Rafiqo\u011flu","author_link":"https:\/\/arantv.az\/?author=2"},"rttpg_comment":0,"rttpg_category":"<a href=\"https:\/\/arantv.az\/?cat=1\" rel=\"category\">C\u0259miyy\u0259t<\/a>","rttpg_excerpt":"Tovuz rayonunun Dondar Qu\u015f\u00e7u k\u0259ndind\u0259 anadan olmu\u015f 10 ya\u015fl\u0131 N\u0259rmin Quliyevan\u0131n atas\u0131 \u015e\u0259rif Quliyev q\u0131z\u0131n\u0131n itkin d\u00fc\u015f\u0259nd\u0259n sonra apar\u0131lan axtar\u0131\u015f t\u0259dbirl\u0259rind\u0259n raz\u0131d\u0131r. O, bildirib ki, q\u0131z\u0131 itkin d\u00fc\u015f\u0259nd\u0259n b\u0259ri polis k\u0259ndd\u0259 olub: \u201c\u0130stintaqdan, axtar\u0131\u015flardan raz\u0131yam, m\u0259ni narahat etm\u0259yin\u201d. ARANTV.AZ konkret.az-a istinad\u0259n x\u0259b\u0259r verir ki, 10 ya\u015fl\u0131 N\u0259rmin Quliyeva noyabr ay\u0131nda itkin d\u00fc\u015f\u00fcb. Yanvar\u0131n 6-da is\u0259&hellip;","_links":{"self":[{"href":"https:\/\/arantv.az\/index.php?rest_route=\/wp\/v2\/posts\/116634"}],"collection":[{"href":"https:\/\/arantv.az\/index.php?rest_route=\/wp\/v2\/posts"}],"about":[{"href":"https:\/\/arantv.az\/index.php?rest_route=\/wp\/v2\/types\/post"}],"author":[{"embeddable":true,"href":"https:\/\/arantv.az\/index.php?rest_route=\/wp\/v2\/users\/2"}],"replies":[{"embeddable":true,"href":"https:\/\/arantv.az\/index.php?rest_route=%2Fwp%2Fv2%2Fcomments&post=116634"}],"version-history":[{"count":0,"href":"https:\/\/arantv.az\/index.php?rest_route=\/wp\/v2\/posts\/116634\/revisions"}],"wp:featuredmedia":[{"embeddable":true,"href":"https:\/\/arantv.az\/index.php?rest_route=\/wp\/v2\/media\/115906"}],"wp:attachment":[{"href":"https:\/\/arantv.az\/index.php?rest_route=%2Fwp%2Fv2%2Fmedia&parent=116634"}],"wp:term":[{"taxonomy":"category","embeddable":true,"href":"https:\/\/arantv.az\/index.php?rest_route=%2Fwp%2Fv2%2Fcategories&post=116634"},{"taxonomy":"post_tag","embeddable":true,"href":"https:\/\/arantv.az\/index.php?rest_route=%2Fwp%2Fv2%2Ftags&post=116634"}],"curies":[{"name":"wp","href":"https:\/\/api.w.org\/{rel}","templated":true}]}}