{"id":116639,"date":"2020-01-09T16:29:12","date_gmt":"2020-01-09T13:29:12","guid":{"rendered":"http:\/\/arantv.az\/?p=116639"},"modified":"2020-01-09T16:29:12","modified_gmt":"2020-01-09T13:29:12","slug":"taninmis-huquq-mudafi%c9%99cisin%c9%99-qoyun-basi-atdilar-oz%c9%99l-foto","status":"publish","type":"post","link":"https:\/\/arantv.az\/?p=116639","title":{"rendered":"Tan\u0131nm\u0131\u015f h\u00fcquq m\u00fcdafi\u0259\u00e7isin\u0259 qoyun ba\u015f\u0131 atd\u0131lar- \u00d6Z\u018fL + FOTO"},"content":{"rendered":"<p>Tan\u0131nm\u0131\u015f h\u00fcquq m\u00fcdafi\u0259\u00e7isi, \u201cAz\u0259rbaycan U\u015faqlar\u0131 Birliyi\u201d \u0130ctimai qrumunun s\u0259dri K\u0259mal\u0259 A\u011fazad\u0259y\u0259 qoyun ba\u015f\u0131 at\u0131blar.<\/p>\n<p>Bu bar\u0259d\u0259<strong>\u00a0<\/strong>Oxu.Az-a K.A\u011fazad\u0259nin \u00f6z\u00fc m\u0259lumat verib.<\/p>\n<p>Onun dediyin\u0259 g\u00f6r\u0259, hadis\u0259 yanvar\u0131n 5-d\u0259 \u201cInstagram\u201dda status payla\u015fd\u0131qdan d\u0259rhal sonra ba\u015f verib.<\/p>\n<div id=\"AdviadNativeVideo0\" class=\"AdviadNativeVideo\"><\/div>\n<p>Statusda o, general Qas\u0131m S\u00fcleymaninin \u00f6ld\u00fcr\u00fclm\u0259sin\u0259 g\u00f6r\u0259 \u00a0iranl\u0131lar\u0131n hal\u0131na ac\u0131yan v\u0259 buna g\u00f6r\u0259 sosial \u015f\u0259b\u0259k\u0259l\u0259rd\u0259 \u0130randak\u0131 v\u0259ziyy\u0259ti f\u0259al \u015f\u0259kild\u0259 m\u00fczakir\u0259 ed\u0259n az\u0259rbaycanl\u0131lar\u0131n bir hiss\u0259sinin davran\u0131\u015f\u0131na m\u00fcnasib\u0259t bildirib.<\/p>\n<p>Q.S\u00fcleymani yanvar\u0131n 3-n\u0259 ke\u00e7\u0259n gec\u0259 AB\u015e-\u0131n Ba\u011fdad Beyn\u0259lxalq Hava Liman\u0131nda iki avtomobil\u0259 edil\u0259n h\u00fccumu n\u0259tic\u0259sind\u0259 \u00f6ld\u00fcr\u00fcl\u00fcb.<\/p>\n<p>\u201cBu \u00f6lk\u0259d\u0259 n\u0259 q\u0259d\u0259r \u201cgeneral\u201d var? \u015e\u0259hidimizi d\u0259 bel\u0259 sevdinizmi? \u018fsirlikd\u0259 olanlar\u0131m\u0131z \u00fc\u00e7\u00fcn d\u0259 bel\u0259 a\u011flad\u0131n\u0131zm\u0131?\u201d, &#8211; K.A\u011fazad\u0259\u00a0yaz\u0131b.<\/p>\n<p>Heyvan\u0131n k\u0259silmi\u015f ba\u015f\u0131 K.A\u011fazad\u0259nin evinin qap\u0131s\u0131na do\u011fru at\u0131l\u0131b.<\/p>\n<p>\u201cBunu Qas\u0131m S\u00fcleymaninin p\u0259r\u0259sti\u015fkarlar\u0131n\u0131n etdiyin\u0259 \u015f\u00fcbh\u0259 edir\u0259m. \u00c7\u00fcnki sosial \u015f\u0259b\u0259k\u0259d\u0259ki bu statusla ba\u011fl\u0131 m\u0259ni \u0130mam H\u00fcseynin davam\u00e7\u0131s\u0131n\u0131 t\u0259hqir etm\u0259kd\u0259 ittiham etdil\u0259r. M\u0259n Q.S\u00fcleymani il\u0259 \u0130mam H\u00fcseynin az\u0259rbaycanl\u0131 davam\u00e7\u0131lar\u0131 aras\u0131nda n\u0259 \u0259laq\u0259 oldu\u011funu ba\u015fa d\u00fc\u015fm\u00fcr\u0259m.<\/p>\n<p>V\u0259t\u0259nda\u015flar\u0131m\u0131z\u0131n dini hissl\u0259rini t\u0259hqir etm\u0259yi a\u011fl\u0131ma bel\u0259 g\u0259tirm\u0259diyim halda bu t\u0259hqirl\u0259ri \u00f6zl\u0259rin\u0259 g\u00f6t\u00fcrd\u00fcl\u0259r. \u0130ranl\u0131 general\u0131n \u00f6ld\u00fcr\u00fclm\u0259sind\u0259n \u00e7ox Az\u0259rbaycan \u00fc\u00e7\u00fcn daha vacib olan m\u0259s\u0259l\u0259l\u0259rd\u0259 v\u0259t\u0259nda\u015f f\u0259all\u0131\u011f\u0131n\u0131n olmamas\u0131 haqq\u0131nda dan\u0131\u015fm\u0131\u015fam\u201d, &#8211; dey\u0259 K.A\u011fazad\u0259 bildirib.<\/p>\n<p><img src=\"https:\/\/assets.oxu.az\/uploads\/W1siZiIsIjIwMjAvMDEvMDkvMTYvNDcvNDEvYjFkYzZiM2MtYWRiYi00NjkyLTk4MjAtMjhiNDFmMjE5MWE3L9Cx0LDRgNCw0L0uanBnIl0sWyJwIiwiZW5jb2RlIiwianBnIiwiLXF1YWxpdHkgODAiXSxbInAiLCJ0aHVtYiIsIjU5MHg1OTBcdTAwM2UiXV0?sha=65aeb25b4f7794d9\" alt=\"\" \/><\/p>\n<p>Hadis\u0259 il\u0259 \u0259laq\u0259dar, h\u00fcquq m\u00fcdafi\u0259\u00e7isi \u015f\u0259rhl\u0259rd\u0259 a\u00e7\u0131q t\u0259hdid v\u0259 t\u0259hqir\u0259 ke\u00e7\u0259n 300-\u0259 yax\u0131n istifad\u0259\u00e7i \u00fc\u00e7\u00fcn sosial \u015f\u0259b\u0259k\u0259d\u0259ki s\u0259hif\u0259sin\u0259 giri\u015fi bloklamal\u0131 olub. B\u00fct\u00fcn bunlar iran\u00e7\u0131 t\u0259r\u0259fdarlar\u0131n K.A\u011fazad\u0259ni qorxutmaq ist\u0259diyin\u0259 inanma\u011fa \u0259sas verir.<\/p>\n<p>\u0130ndiy\u0259 q\u0259d\u0259r h\u00fcquq m\u00fcdafi\u0259\u00e7isi k\u00f6m\u0259k \u00fc\u00e7\u00fcn polis\u0259 m\u00fcraci\u0259t etm\u0259yib. Lakin v\u0259ziyy\u0259t pisl\u0259\u015fs\u0259, o h\u00fcquq-m\u00fchafiz\u0259 orqanlar\u0131na m\u00fcraci\u0259t ed\u0259c\u0259k.<\/p>\n","protected":false},"excerpt":{"rendered":"<p>Tan\u0131nm\u0131\u015f h\u00fcquq m\u00fcdafi\u0259\u00e7isi, \u201cAz\u0259rbaycan U\u015faqlar\u0131 Birliyi\u201d \u0130ctimai qrumunun s\u0259dri K\u0259mal\u0259 A\u011fazad\u0259y\u0259 qoyun ba\u015f\u0131 at\u0131blar. Bu bar\u0259d\u0259\u00a0Oxu.Az-a K.A\u011fazad\u0259nin \u00f6z\u00fc m\u0259lumat verib. Onun dediyin\u0259 g\u00f6r\u0259, hadis\u0259 yanvar\u0131n 5-d\u0259 \u201cInstagram\u201dda status payla\u015fd\u0131qdan d\u0259rhal sonra ba\u015f verib. Statusda o, general Qas\u0131m S\u00fcleymaninin \u00f6ld\u00fcr\u00fclm\u0259sin\u0259 g\u00f6r\u0259 \u00a0iranl\u0131lar\u0131n hal\u0131na ac\u0131yan v\u0259 buna g\u00f6r\u0259 sosial \u015f\u0259b\u0259k\u0259l\u0259rd\u0259 \u0130randak\u0131 v\u0259ziyy\u0259ti f\u0259al \u015f\u0259kild\u0259 m\u00fczakir\u0259 ed\u0259n az\u0259rbaycanl\u0131lar\u0131n bir hiss\u0259sinin davran\u0131\u015f\u0131na m\u00fcnasib\u0259t bildirib. Q.S\u00fcleymani yanvar\u0131n 3-n\u0259 ke\u00e7\u0259n gec\u0259 AB\u015e-\u0131n Ba\u011fdad Beyn\u0259lxalq Hava Liman\u0131nda iki avtomobil\u0259 edil\u0259n h\u00fccumu n\u0259tic\u0259sind\u0259 \u00f6ld\u00fcr\u00fcl\u00fcb. \u201cBu \u00f6lk\u0259d\u0259 n\u0259 q\u0259d\u0259r \u201cgeneral\u201d var? \u015e\u0259hidimizi d\u0259 bel\u0259 sevdinizmi? \u018fsirlikd\u0259 olanlar\u0131m\u0131z \u00fc\u00e7\u00fcn d\u0259&hellip;<\/p>\n","protected":false},"author":2,"featured_media":116641,"comment_status":"closed","ping_status":"closed","sticky":false,"template":"","format":"standard","meta":{"om_disable_all_campaigns":false,"_monsterinsights_skip_tracking":false,"_monsterinsights_sitenote_active":false,"_monsterinsights_sitenote_note":"","_monsterinsights_sitenote_category":0},"categories":[1],"tags":[],"aioseo_notices":[],"gutentor_comment":0,"rttpg_featured_image_url":{"full":["https:\/\/arantv.az\/wp-content\/uploads\/2020\/01\/1578576066.3704.jpg",620,464,false],"landscape":["https:\/\/arantv.az\/wp-content\/uploads\/2020\/01\/1578576066.3704.jpg",620,464,false],"portraits":["https:\/\/arantv.az\/wp-content\/uploads\/2020\/01\/1578576066.3704.jpg",620,464,false],"thumbnail":["https:\/\/arantv.az\/wp-content\/uploads\/2020\/01\/1578576066.3704-150x150.jpg",150,150,true],"medium":["https:\/\/arantv.az\/wp-content\/uploads\/2020\/01\/1578576066.3704-300x225.jpg",300,225,true],"large":["https:\/\/arantv.az\/wp-content\/uploads\/2020\/01\/1578576066.3704.jpg",620,464,false],"1536x1536":["https:\/\/arantv.az\/wp-content\/uploads\/2020\/01\/1578576066.3704.jpg",620,464,false],"2048x2048":["https:\/\/arantv.az\/wp-content\/uploads\/2020\/01\/1578576066.3704.jpg",620,464,false],"post-thumbnail":["https:\/\/arantv.az\/wp-content\/uploads\/2020\/01\/1578576066.3704-240x172.jpg",240,172,true],"advps-thumb-one":["https:\/\/arantv.az\/wp-content\/uploads\/2020\/01\/1578576066.3704.jpg",620,464,false]},"rttpg_author":{"display_name":"V\u00fcsal Rafiqo\u011flu","author_link":"https:\/\/arantv.az\/?author=2"},"rttpg_comment":0,"rttpg_category":"<a href=\"https:\/\/arantv.az\/?cat=1\" rel=\"category\">C\u0259miyy\u0259t<\/a>","rttpg_excerpt":"Tan\u0131nm\u0131\u015f h\u00fcquq m\u00fcdafi\u0259\u00e7isi, \u201cAz\u0259rbaycan U\u015faqlar\u0131 Birliyi\u201d \u0130ctimai qrumunun s\u0259dri K\u0259mal\u0259 A\u011fazad\u0259y\u0259 qoyun ba\u015f\u0131 at\u0131blar. Bu bar\u0259d\u0259\u00a0Oxu.Az-a K.A\u011fazad\u0259nin \u00f6z\u00fc m\u0259lumat verib. Onun dediyin\u0259 g\u00f6r\u0259, hadis\u0259 yanvar\u0131n 5-d\u0259 \u201cInstagram\u201dda status payla\u015fd\u0131qdan d\u0259rhal sonra ba\u015f verib. Statusda o, general Qas\u0131m S\u00fcleymaninin \u00f6ld\u00fcr\u00fclm\u0259sin\u0259 g\u00f6r\u0259 \u00a0iranl\u0131lar\u0131n hal\u0131na ac\u0131yan v\u0259 buna g\u00f6r\u0259 sosial \u015f\u0259b\u0259k\u0259l\u0259rd\u0259 \u0130randak\u0131 v\u0259ziyy\u0259ti f\u0259al \u015f\u0259kild\u0259 m\u00fczakir\u0259 ed\u0259n az\u0259rbaycanl\u0131lar\u0131n&hellip;","_links":{"self":[{"href":"https:\/\/arantv.az\/index.php?rest_route=\/wp\/v2\/posts\/116639"}],"collection":[{"href":"https:\/\/arantv.az\/index.php?rest_route=\/wp\/v2\/posts"}],"about":[{"href":"https:\/\/arantv.az\/index.php?rest_route=\/wp\/v2\/types\/post"}],"author":[{"embeddable":true,"href":"https:\/\/arantv.az\/index.php?rest_route=\/wp\/v2\/users\/2"}],"replies":[{"embeddable":true,"href":"https:\/\/arantv.az\/index.php?rest_route=%2Fwp%2Fv2%2Fcomments&post=116639"}],"version-history":[{"count":0,"href":"https:\/\/arantv.az\/index.php?rest_route=\/wp\/v2\/posts\/116639\/revisions"}],"wp:featuredmedia":[{"embeddable":true,"href":"https:\/\/arantv.az\/index.php?rest_route=\/wp\/v2\/media\/116641"}],"wp:attachment":[{"href":"https:\/\/arantv.az\/index.php?rest_route=%2Fwp%2Fv2%2Fmedia&parent=116639"}],"wp:term":[{"taxonomy":"category","embeddable":true,"href":"https:\/\/arantv.az\/index.php?rest_route=%2Fwp%2Fv2%2Fcategories&post=116639"},{"taxonomy":"post_tag","embeddable":true,"href":"https:\/\/arantv.az\/index.php?rest_route=%2Fwp%2Fv2%2Ftags&post=116639"}],"curies":[{"name":"wp","href":"https:\/\/api.w.org\/{rel}","templated":true}]}}