{"id":116976,"date":"2020-01-10T13:51:03","date_gmt":"2020-01-10T10:51:03","guid":{"rendered":"http:\/\/arantv.az\/?p=116976"},"modified":"2020-01-10T13:51:03","modified_gmt":"2020-01-10T10:51:03","slug":"c%c9%99mi-bes-yasi-olan-park-niy%c9%99-xarabaliga-cevrilir-video","status":"publish","type":"post","link":"https:\/\/arantv.az\/?p=116976","title":{"rendered":"C\u0259mi be\u015f ya\u015f\u0131 olan park niy\u0259 xarabal\u0131\u011fa \u00e7evrilir? &#8211; V\u0130DEO"},"content":{"rendered":"<p>G\u0259nc\u0259 \u015f\u0259h\u0259rind\u0259 be\u015f ildir ki, istifad\u0259y\u0259 verilmi\u015f\u00a0park bax\u0131ms\u0131z v\u0259ziyy\u0259td\u0259dir.<\/p>\n<p><strong>ARANTV.AZ\u00a0\u00a0<\/strong>x\u0259b\u0259r verir ki, G\u0259nc\u0259 \u00e7ay\u0131 \u0259traf\u0131nda sal\u0131nm\u0131\u015f park\u0131n skamyalar\u0131 s\u0131n\u0131b, i\u015f\u0131qland\u0131rma sistemi s\u0131radan \u00e7\u0131x\u0131b.<\/p>\n<p>Park\u0131n nat\u0259mizliyi oradan ke\u00e7\u0259n \u00e7aya da t\u0259sir edib. \u00c7ay\u0131n m\u0259cras\u0131ndak\u0131 zibill\u0259r\u00a0antisanitar v\u0259ziyy\u0259t yarad\u0131b.<\/p>\n<div id=\"AdviadNativeVideo0\" class=\"AdviadNativeVideo\"><\/div>\n<p>M\u0259s\u0259l\u0259 il\u0259 ba\u011fl\u0131 park\u0131n r\u0259hb\u0259ri Kamil Quliyevl\u0259 \u0259laq\u0259 saxlasaq da,\u00a0suallar\u0131m\u0131z\u0131 cavabland\u0131rmaqdan imtina etdi.<\/p>\n<p>Qeyd ed\u0259k ki, m\u0259rk\u0259zd\u0259\u00a0yerl\u0259\u015f\u0259n park \u00f6lk\u0259nin ikinci b\u00f6y\u00fck \u015f\u0259h\u0259rinin yegan\u0259 bulvar kompleksidir.Oxu.Az<\/p>\n<div><iframe loading=\"lazy\" src=\"https:\/\/player.baku.tv\/embed\/12786\" width=\"560\" height=\"315\" frameborder=\"0\" allowfullscreen=\"allowfullscreen\" data-mce-fragment=\"1\"><\/iframe><\/div>\n<p>&nbsp;<\/p>\n","protected":false},"excerpt":{"rendered":"<p>G\u0259nc\u0259 \u015f\u0259h\u0259rind\u0259 be\u015f ildir ki, istifad\u0259y\u0259 verilmi\u015f\u00a0park bax\u0131ms\u0131z v\u0259ziyy\u0259td\u0259dir. ARANTV.AZ\u00a0\u00a0x\u0259b\u0259r verir ki, G\u0259nc\u0259 \u00e7ay\u0131 \u0259traf\u0131nda sal\u0131nm\u0131\u015f park\u0131n skamyalar\u0131 s\u0131n\u0131b, i\u015f\u0131qland\u0131rma sistemi s\u0131radan \u00e7\u0131x\u0131b. Park\u0131n nat\u0259mizliyi oradan ke\u00e7\u0259n \u00e7aya da t\u0259sir edib. \u00c7ay\u0131n m\u0259cras\u0131ndak\u0131 zibill\u0259r\u00a0antisanitar v\u0259ziyy\u0259t yarad\u0131b. M\u0259s\u0259l\u0259 il\u0259 ba\u011fl\u0131 park\u0131n r\u0259hb\u0259ri Kamil Quliyevl\u0259 \u0259laq\u0259 saxlasaq da,\u00a0suallar\u0131m\u0131z\u0131 cavabland\u0131rmaqdan imtina etdi. Qeyd ed\u0259k ki, m\u0259rk\u0259zd\u0259\u00a0yerl\u0259\u015f\u0259n park \u00f6lk\u0259nin ikinci b\u00f6y\u00fck \u015f\u0259h\u0259rinin yegan\u0259 bulvar kompleksidir.Oxu.Az &nbsp;<\/p>\n","protected":false},"author":2,"featured_media":116977,"comment_status":"closed","ping_status":"closed","sticky":false,"template":"","format":"standard","meta":{"om_disable_all_campaigns":false,"_monsterinsights_skip_tracking":false,"_monsterinsights_sitenote_active":false,"_monsterinsights_sitenote_note":"","_monsterinsights_sitenote_category":0},"categories":[1],"tags":[],"aioseo_notices":[],"gutentor_comment":0,"rttpg_featured_image_url":{"full":["https:\/\/arantv.az\/wp-content\/uploads\/2020\/01\/park.jpg",620,414,false],"landscape":["https:\/\/arantv.az\/wp-content\/uploads\/2020\/01\/park.jpg",620,414,false],"portraits":["https:\/\/arantv.az\/wp-content\/uploads\/2020\/01\/park.jpg",620,414,false],"thumbnail":["https:\/\/arantv.az\/wp-content\/uploads\/2020\/01\/park-150x150.jpg",150,150,true],"medium":["https:\/\/arantv.az\/wp-content\/uploads\/2020\/01\/park-300x200.jpg",300,200,true],"large":["https:\/\/arantv.az\/wp-content\/uploads\/2020\/01\/park.jpg",620,414,false],"1536x1536":["https:\/\/arantv.az\/wp-content\/uploads\/2020\/01\/park.jpg",620,414,false],"2048x2048":["https:\/\/arantv.az\/wp-content\/uploads\/2020\/01\/park.jpg",620,414,false],"post-thumbnail":["https:\/\/arantv.az\/wp-content\/uploads\/2020\/01\/park-240x172.jpg",240,172,true],"advps-thumb-one":["https:\/\/arantv.az\/wp-content\/uploads\/2020\/01\/park.jpg",620,414,false]},"rttpg_author":{"display_name":"V\u00fcsal Rafiqo\u011flu","author_link":"https:\/\/arantv.az\/?author=2"},"rttpg_comment":0,"rttpg_category":"<a href=\"https:\/\/arantv.az\/?cat=1\" rel=\"category\">C\u0259miyy\u0259t<\/a>","rttpg_excerpt":"G\u0259nc\u0259 \u015f\u0259h\u0259rind\u0259 be\u015f ildir ki, istifad\u0259y\u0259 verilmi\u015f\u00a0park bax\u0131ms\u0131z v\u0259ziyy\u0259td\u0259dir. ARANTV.AZ\u00a0\u00a0x\u0259b\u0259r verir ki, G\u0259nc\u0259 \u00e7ay\u0131 \u0259traf\u0131nda sal\u0131nm\u0131\u015f park\u0131n skamyalar\u0131 s\u0131n\u0131b, i\u015f\u0131qland\u0131rma sistemi s\u0131radan \u00e7\u0131x\u0131b. Park\u0131n nat\u0259mizliyi oradan ke\u00e7\u0259n \u00e7aya da t\u0259sir edib. \u00c7ay\u0131n m\u0259cras\u0131ndak\u0131 zibill\u0259r\u00a0antisanitar v\u0259ziyy\u0259t yarad\u0131b. M\u0259s\u0259l\u0259 il\u0259 ba\u011fl\u0131 park\u0131n r\u0259hb\u0259ri Kamil Quliyevl\u0259 \u0259laq\u0259 saxlasaq da,\u00a0suallar\u0131m\u0131z\u0131 cavabland\u0131rmaqdan imtina etdi. Qeyd ed\u0259k ki, m\u0259rk\u0259zd\u0259\u00a0yerl\u0259\u015f\u0259n park \u00f6lk\u0259nin&hellip;","_links":{"self":[{"href":"https:\/\/arantv.az\/index.php?rest_route=\/wp\/v2\/posts\/116976"}],"collection":[{"href":"https:\/\/arantv.az\/index.php?rest_route=\/wp\/v2\/posts"}],"about":[{"href":"https:\/\/arantv.az\/index.php?rest_route=\/wp\/v2\/types\/post"}],"author":[{"embeddable":true,"href":"https:\/\/arantv.az\/index.php?rest_route=\/wp\/v2\/users\/2"}],"replies":[{"embeddable":true,"href":"https:\/\/arantv.az\/index.php?rest_route=%2Fwp%2Fv2%2Fcomments&post=116976"}],"version-history":[{"count":0,"href":"https:\/\/arantv.az\/index.php?rest_route=\/wp\/v2\/posts\/116976\/revisions"}],"wp:featuredmedia":[{"embeddable":true,"href":"https:\/\/arantv.az\/index.php?rest_route=\/wp\/v2\/media\/116977"}],"wp:attachment":[{"href":"https:\/\/arantv.az\/index.php?rest_route=%2Fwp%2Fv2%2Fmedia&parent=116976"}],"wp:term":[{"taxonomy":"category","embeddable":true,"href":"https:\/\/arantv.az\/index.php?rest_route=%2Fwp%2Fv2%2Fcategories&post=116976"},{"taxonomy":"post_tag","embeddable":true,"href":"https:\/\/arantv.az\/index.php?rest_route=%2Fwp%2Fv2%2Ftags&post=116976"}],"curies":[{"name":"wp","href":"https:\/\/api.w.org\/{rel}","templated":true}]}}