{"id":117040,"date":"2020-01-10T15:43:03","date_gmt":"2020-01-10T12:43:03","guid":{"rendered":"http:\/\/arantv.az\/?p=117040"},"modified":"2020-01-10T15:43:03","modified_gmt":"2020-01-10T12:43:03","slug":"yeni-federasiyanin-idar%c9%99-hey%c9%99tind%c9%99-hansi-jurnalistl%c9%99r-yer-alacaq","status":"publish","type":"post","link":"https:\/\/arantv.az\/?p=117040","title":{"rendered":"Yeni federasiyan\u0131n \u0130dar\u0259 Hey\u0259tind\u0259 hans\u0131 jurnalistl\u0259r yer alacaq?"},"content":{"rendered":"<p>Bu g\u00fcn Az\u0259rbaycan \u0130dman Jurnalistl\u0259ri Federasiyas\u0131n\u0131n (A\u0130JF) t\u0259qdimat m\u0259rasimi ke\u00e7irilib.<\/p>\n<p><b>ARANTV.AZ<\/b>-\u0131n x\u0259b\u0259rin\u0259 g\u00f6r\u0259, G\u0259ncl\u0259r v\u0259 \u0130dman Nazirliyinin (G\u0130N) \u0130dman \u015f\u00f6b\u0259sinin m\u00fcdiri F\u0259rid Mansurov \u00e7\u0131x\u0131\u015f edib.<\/p>\n<p>O bildirib ki, nazir Azad R\u0259himov da idman jurnalistikas\u0131n\u0131n durumundan naraz\u0131d\u0131r. Bu s\u0259b\u0259bd\u0259n d\u0259 bel\u0259 bir qurumun yarad\u0131lmas\u0131na ehtiyac var.<\/p>\n<div id=\"AdviadNativeVideo0\" class=\"AdviadNativeVideo\"><\/div>\n<p>Milli Olimpiya Komit\u0259sinin (MOK) ba\u015f katibi A\u011facan Ab\u0131yev is\u0259 deyib ki, bel\u0259 bir qurum tam vaxt\u0131nda yarad\u0131l\u0131b.<\/p>\n<p>A\u0130JF-nin prezidenti Qabil Mehdiyev is\u0259 \u00e7\u0131x\u0131\u015f\u0131nda idman jurnalistikas\u0131nda bo\u015fluq oldu\u011funu bildirib. O, bu qurumun yarad\u0131lmas\u0131nda \u0259sas m\u0259qs\u0259dl\u0259rd\u0259n birinin idman jurnalistl\u0259rinin sosial durumunun d\u00fcz\u0259ldilm\u0259si, onlar\u0131n i\u015f f\u0259aliyy\u0259tinin geni\u015fl\u0259ndirilm\u0259si n\u0259z\u0259rd\u0259 tutulub.<\/p>\n<p>A\u0130JF-n\u0131n r\u0259smi sayt\u0131 v\u0259 loqosu da art\u0131q haz\u0131rd\u0131r. Qurumun sayt\u0131 Sportsmedia.az domeni il\u0259 f\u0259aliyy\u0259t g\u00f6st\u0259r\u0259c\u0259k. Qurumun sayt\u0131nda yer alan\u00a0\u201cMediadan se\u00e7m\u0259l\u0259r\u201d b\u00f6lm\u0259sind\u0259 idman jurnalistl\u0259rinin maraql\u0131 m\u0259qal\u0259l\u0259ri \u0259ks olunacaq.<\/p>\n<p>\u0130lin sonunda is\u0259 h\u0259min jurnalistl\u0259rd\u0259n \u0259n yax\u015f\u0131s\u0131 m\u00fckafatland\u0131r\u0131lacaq. Mirpa\u015fa Miriyev v\u0259 Aq\u015fin Kaz\u0131mzad\u0259 m\u00fckafatlar\u0131 t\u0259sis edil\u0259c\u0259k. \u0130lk m\u00fckafat il \u0259rzind\u0259 jurnalistl\u0259rl\u0259 yax\u015f\u0131 i\u015fl\u0259y\u0259n idman xadiml\u0259rin\u0259 v\u0259 ya federasiya n\u00fcmay\u0259nd\u0259l\u0259rin\u0259, ikinci is\u0259 \u0259n yax\u015f\u0131 idman jurnalistin\u0259 t\u0259qdim olunacaq.<\/p>\n<p>A\u0130JF-nin \u0130dar\u0259 Hey\u0259ti doqquz n\u0259f\u0259rd\u0259n ibar\u0259t olacaq: Qabil Mehdiyev (prezident), F\u0259rid Mansurov (G\u0130N), C\u0259mal\u0259ddin R\u0259hmanov (MOK), Ellada Mustafayeva (ADBT\u0130A-n\u0131n magistr proqram\u0131), Firuz Abdulla (AFFA), Mahir R\u00fcst\u0259mli (\u201cFutbol+\u201d), V\u00fcqar Zeynalov (\u201cAzerisport\u201d), El\u015f\u0259n M\u0259mm\u0259dov (\u0130dman Ara\u015fd\u0131rmalar M\u0259rk\u0259zi), S\u0259nan \u015e\u0259fizad\u0259 (ATV).<\/p>\n<p>\u0130dar\u0259 Hey\u0259ti ayda bir d\u0259f\u0259 y\u0131\u011f\u0131\u015facaq. Orada t\u0259klifl\u0259r d\u0259y\u0259rl\u0259ndiril\u0259c\u0259k, b\u0259zi m\u0259s\u0259l\u0259l\u0259r m\u00fczakir\u0259y\u0259 \u00e7\u0131xar\u0131lacaq.\u00a0Oxu.Az<\/p>\n","protected":false},"excerpt":{"rendered":"<p>Bu g\u00fcn Az\u0259rbaycan \u0130dman Jurnalistl\u0259ri Federasiyas\u0131n\u0131n (A\u0130JF) t\u0259qdimat m\u0259rasimi ke\u00e7irilib. ARANTV.AZ-\u0131n x\u0259b\u0259rin\u0259 g\u00f6r\u0259, G\u0259ncl\u0259r v\u0259 \u0130dman Nazirliyinin (G\u0130N) \u0130dman \u015f\u00f6b\u0259sinin m\u00fcdiri F\u0259rid Mansurov \u00e7\u0131x\u0131\u015f edib. O bildirib ki, nazir Azad R\u0259himov da idman jurnalistikas\u0131n\u0131n durumundan naraz\u0131d\u0131r. Bu s\u0259b\u0259bd\u0259n d\u0259 bel\u0259 bir qurumun yarad\u0131lmas\u0131na ehtiyac var. Milli Olimpiya Komit\u0259sinin (MOK) ba\u015f katibi A\u011facan Ab\u0131yev is\u0259 deyib ki, bel\u0259 bir qurum tam vaxt\u0131nda yarad\u0131l\u0131b. A\u0130JF-nin prezidenti Qabil Mehdiyev is\u0259 \u00e7\u0131x\u0131\u015f\u0131nda idman jurnalistikas\u0131nda bo\u015fluq oldu\u011funu bildirib. O, bu qurumun yarad\u0131lmas\u0131nda \u0259sas m\u0259qs\u0259dl\u0259rd\u0259n birinin idman jurnalistl\u0259rinin sosial durumunun d\u00fcz\u0259ldilm\u0259si, onlar\u0131n i\u015f f\u0259aliyy\u0259tinin geni\u015fl\u0259ndirilm\u0259si n\u0259z\u0259rd\u0259&hellip;<\/p>\n","protected":false},"author":2,"featured_media":117041,"comment_status":"closed","ping_status":"closed","sticky":false,"template":"","format":"standard","meta":{"om_disable_all_campaigns":false,"_monsterinsights_skip_tracking":false,"_monsterinsights_sitenote_active":false,"_monsterinsights_sitenote_note":"","_monsterinsights_sitenote_category":0},"categories":[6],"tags":[],"aioseo_notices":[],"gutentor_comment":0,"rttpg_featured_image_url":{"full":["https:\/\/arantv.az\/wp-content\/uploads\/2020\/01\/seb.jpg",620,377,false],"landscape":["https:\/\/arantv.az\/wp-content\/uploads\/2020\/01\/seb.jpg",620,377,false],"portraits":["https:\/\/arantv.az\/wp-content\/uploads\/2020\/01\/seb.jpg",620,377,false],"thumbnail":["https:\/\/arantv.az\/wp-content\/uploads\/2020\/01\/seb-150x150.jpg",150,150,true],"medium":["https:\/\/arantv.az\/wp-content\/uploads\/2020\/01\/seb-300x182.jpg",300,182,true],"large":["https:\/\/arantv.az\/wp-content\/uploads\/2020\/01\/seb.jpg",620,377,false],"1536x1536":["https:\/\/arantv.az\/wp-content\/uploads\/2020\/01\/seb.jpg",620,377,false],"2048x2048":["https:\/\/arantv.az\/wp-content\/uploads\/2020\/01\/seb.jpg",620,377,false],"post-thumbnail":["https:\/\/arantv.az\/wp-content\/uploads\/2020\/01\/seb-240x172.jpg",240,172,true],"advps-thumb-one":["https:\/\/arantv.az\/wp-content\/uploads\/2020\/01\/seb.jpg",620,377,false]},"rttpg_author":{"display_name":"V\u00fcsal Rafiqo\u011flu","author_link":"https:\/\/arantv.az\/?author=2"},"rttpg_comment":0,"rttpg_category":"<a href=\"https:\/\/arantv.az\/?cat=6\" rel=\"category\">\u0130dman<\/a>","rttpg_excerpt":"Bu g\u00fcn Az\u0259rbaycan \u0130dman Jurnalistl\u0259ri Federasiyas\u0131n\u0131n (A\u0130JF) t\u0259qdimat m\u0259rasimi ke\u00e7irilib. ARANTV.AZ-\u0131n x\u0259b\u0259rin\u0259 g\u00f6r\u0259, G\u0259ncl\u0259r v\u0259 \u0130dman Nazirliyinin (G\u0130N) \u0130dman \u015f\u00f6b\u0259sinin m\u00fcdiri F\u0259rid Mansurov \u00e7\u0131x\u0131\u015f edib. O bildirib ki, nazir Azad R\u0259himov da idman jurnalistikas\u0131n\u0131n durumundan naraz\u0131d\u0131r. Bu s\u0259b\u0259bd\u0259n d\u0259 bel\u0259 bir qurumun yarad\u0131lmas\u0131na ehtiyac var. Milli Olimpiya Komit\u0259sinin (MOK) ba\u015f katibi A\u011facan Ab\u0131yev is\u0259 deyib&hellip;","_links":{"self":[{"href":"https:\/\/arantv.az\/index.php?rest_route=\/wp\/v2\/posts\/117040"}],"collection":[{"href":"https:\/\/arantv.az\/index.php?rest_route=\/wp\/v2\/posts"}],"about":[{"href":"https:\/\/arantv.az\/index.php?rest_route=\/wp\/v2\/types\/post"}],"author":[{"embeddable":true,"href":"https:\/\/arantv.az\/index.php?rest_route=\/wp\/v2\/users\/2"}],"replies":[{"embeddable":true,"href":"https:\/\/arantv.az\/index.php?rest_route=%2Fwp%2Fv2%2Fcomments&post=117040"}],"version-history":[{"count":0,"href":"https:\/\/arantv.az\/index.php?rest_route=\/wp\/v2\/posts\/117040\/revisions"}],"wp:featuredmedia":[{"embeddable":true,"href":"https:\/\/arantv.az\/index.php?rest_route=\/wp\/v2\/media\/117041"}],"wp:attachment":[{"href":"https:\/\/arantv.az\/index.php?rest_route=%2Fwp%2Fv2%2Fmedia&parent=117040"}],"wp:term":[{"taxonomy":"category","embeddable":true,"href":"https:\/\/arantv.az\/index.php?rest_route=%2Fwp%2Fv2%2Fcategories&post=117040"},{"taxonomy":"post_tag","embeddable":true,"href":"https:\/\/arantv.az\/index.php?rest_route=%2Fwp%2Fv2%2Ftags&post=117040"}],"curies":[{"name":"wp","href":"https:\/\/api.w.org\/{rel}","templated":true}]}}