{"id":117044,"date":"2020-01-10T15:44:28","date_gmt":"2020-01-10T12:44:28","guid":{"rendered":"http:\/\/arantv.az\/?p=117044"},"modified":"2020-01-10T15:44:28","modified_gmt":"2020-01-10T12:44:28","slug":"bakida-atasina-bes-bicaq-z%c9%99rb%c9%99si-vuran-s%c9%99xsin-m%c9%99hk%c9%99m%c9%99si-basladi","status":"publish","type":"post","link":"https:\/\/arantv.az\/?p=117044","title":{"rendered":"Bak\u0131da atas\u0131na be\u015f b\u0131\u00e7aq z\u0259rb\u0259si vuran \u015f\u0259xsin m\u0259hk\u0259m\u0259si ba\u015flad\u0131"},"content":{"rendered":"<p>Bak\u0131da atas\u0131n\u0131 b\u0131\u00e7aqlamaqda t\u0259qsirl\u0259ndiril\u0259n Cavid Haqverdiyevin cinay\u0259t i\u015fi \u00fczr\u0259 m\u0259hk\u0259m\u0259 iclas\u0131 ba\u015flay\u0131b.<\/p>\n<p><b>ARANTV.AZ\u00a0<\/b>x\u0259b\u0259r verir ki, Bak\u0131 A\u011f\u0131r Cinay\u0259tl\u0259r M\u0259hk\u0259m\u0259sinin hakimi Novruz K\u0259rimovun s\u0259drliyi il\u0259 ke\u00e7iril\u0259n prosesd\u0259 t\u0259qsirl\u0259ndiril\u0259n \u015f\u0259xsin anket m\u0259lumatlar\u0131 d\u0259qiql\u0259\u015fdirilib.<\/p>\n<p>M\u0259hk\u0259m\u0259nin bax\u0131\u015f iclas\u0131 yanvar\u0131n 13-n\u0259 t\u0259yin edilib.<\/p>\n<div id=\"AdviadNativeVideo0\" class=\"AdviadNativeVideo\"><\/div>\n<p>Hadis\u0259 \u00f6t\u0259n ilin iyul ay\u0131nda paytaxt\u0131n X\u0259tai rayonu \u0259razisind\u0259 ba\u015f verib. 1985-ci ild\u0259 G\u0259d\u0259b\u0259y rayonunda anadan olan Haqverdiyev Cavid M\u00fcbariz o\u011flu gec\u0259 saatlar\u0131nda X\u0259tai rayonu, R.M\u0259mm\u0259dov k\u00fc\u00e7\u0259si, ev 20a, m\u0259nzil 7-d\u0259 ya\u015fayan atas\u0131\u00a01959-cu il t\u0259v\u0259ll\u00fcdl\u00fc Haqverdiyev M\u00fcbariz Tal\u0131b o\u011flu il\u0259 m\u00fcbahis\u0259 edib.<\/p>\n<p>M\u00fcbahis\u0259 ata-o\u011ful aras\u0131nda davaya \u00e7evrilib. Bu vaxt C.Haqverdiyev m\u0259tb\u0259xd\u0259n g\u00f6t\u00fcrd\u00fcy\u00fc b\u0131\u00e7aqla atas\u0131na be\u015f\u00a0b\u0131\u00e7aq z\u0259rb\u0259si endirib.<\/p>\n<p>Yaral\u0131 a\u011f\u0131r v\u0259ziyy\u0259td\u0259 x\u0259st\u0259xanaya yerl\u0259\u015fdirilib.<\/p>\n<p>C.Haqverdiyev\u0259 Cinay\u0259t M\u0259c\u0259ll\u0259sinin 126.1-ci (q\u0259sd\u0259n sa\u011flaml\u0131\u011fa a\u011f\u0131r x\u0259sar\u0259t yetirm\u0259) madd\u0259si il\u0259 ittiham verilib v\u0259 bar\u0259sind\u0259 h\u0259bs-q\u0259timkan t\u0259dbiri se\u00e7ilib.Oxu.Az<\/p>\n","protected":false},"excerpt":{"rendered":"<p>Bak\u0131da atas\u0131n\u0131 b\u0131\u00e7aqlamaqda t\u0259qsirl\u0259ndiril\u0259n Cavid Haqverdiyevin cinay\u0259t i\u015fi \u00fczr\u0259 m\u0259hk\u0259m\u0259 iclas\u0131 ba\u015flay\u0131b. ARANTV.AZ\u00a0x\u0259b\u0259r verir ki, Bak\u0131 A\u011f\u0131r Cinay\u0259tl\u0259r M\u0259hk\u0259m\u0259sinin hakimi Novruz K\u0259rimovun s\u0259drliyi il\u0259 ke\u00e7iril\u0259n prosesd\u0259 t\u0259qsirl\u0259ndiril\u0259n \u015f\u0259xsin anket m\u0259lumatlar\u0131 d\u0259qiql\u0259\u015fdirilib. M\u0259hk\u0259m\u0259nin bax\u0131\u015f iclas\u0131 yanvar\u0131n 13-n\u0259 t\u0259yin edilib. Hadis\u0259 \u00f6t\u0259n ilin iyul ay\u0131nda paytaxt\u0131n X\u0259tai rayonu \u0259razisind\u0259 ba\u015f verib. 1985-ci ild\u0259 G\u0259d\u0259b\u0259y rayonunda anadan olan Haqverdiyev Cavid M\u00fcbariz o\u011flu gec\u0259 saatlar\u0131nda X\u0259tai rayonu, R.M\u0259mm\u0259dov k\u00fc\u00e7\u0259si, ev 20a, m\u0259nzil 7-d\u0259 ya\u015fayan atas\u0131\u00a01959-cu il t\u0259v\u0259ll\u00fcdl\u00fc Haqverdiyev M\u00fcbariz Tal\u0131b o\u011flu il\u0259 m\u00fcbahis\u0259 edib. M\u00fcbahis\u0259 ata-o\u011ful aras\u0131nda davaya \u00e7evrilib. Bu vaxt C.Haqverdiyev m\u0259tb\u0259xd\u0259n g\u00f6t\u00fcrd\u00fcy\u00fc&hellip;<\/p>\n","protected":false},"author":2,"featured_media":117045,"comment_status":"closed","ping_status":"closed","sticky":false,"template":"","format":"standard","meta":{"om_disable_all_campaigns":false,"_monsterinsights_skip_tracking":false,"_monsterinsights_sitenote_active":false,"_monsterinsights_sitenote_note":"","_monsterinsights_sitenote_category":0},"categories":[5],"tags":[],"aioseo_notices":[],"gutentor_comment":0,"rttpg_featured_image_url":{"full":["https:\/\/arantv.az\/wp-content\/uploads\/2020\/01\/mmm.jpg",587,439,false],"landscape":["https:\/\/arantv.az\/wp-content\/uploads\/2020\/01\/mmm.jpg",587,439,false],"portraits":["https:\/\/arantv.az\/wp-content\/uploads\/2020\/01\/mmm.jpg",587,439,false],"thumbnail":["https:\/\/arantv.az\/wp-content\/uploads\/2020\/01\/mmm-150x150.jpg",150,150,true],"medium":["https:\/\/arantv.az\/wp-content\/uploads\/2020\/01\/mmm-300x224.jpg",300,224,true],"large":["https:\/\/arantv.az\/wp-content\/uploads\/2020\/01\/mmm.jpg",587,439,false],"1536x1536":["https:\/\/arantv.az\/wp-content\/uploads\/2020\/01\/mmm.jpg",587,439,false],"2048x2048":["https:\/\/arantv.az\/wp-content\/uploads\/2020\/01\/mmm.jpg",587,439,false],"post-thumbnail":["https:\/\/arantv.az\/wp-content\/uploads\/2020\/01\/mmm-240x172.jpg",240,172,true],"advps-thumb-one":["https:\/\/arantv.az\/wp-content\/uploads\/2020\/01\/mmm.jpg",587,439,false]},"rttpg_author":{"display_name":"V\u00fcsal Rafiqo\u011flu","author_link":"https:\/\/arantv.az\/?author=2"},"rttpg_comment":0,"rttpg_category":"<a href=\"https:\/\/arantv.az\/?cat=5\" rel=\"category\">Hadis\u0259<\/a>","rttpg_excerpt":"Bak\u0131da atas\u0131n\u0131 b\u0131\u00e7aqlamaqda t\u0259qsirl\u0259ndiril\u0259n Cavid Haqverdiyevin cinay\u0259t i\u015fi \u00fczr\u0259 m\u0259hk\u0259m\u0259 iclas\u0131 ba\u015flay\u0131b. ARANTV.AZ\u00a0x\u0259b\u0259r verir ki, Bak\u0131 A\u011f\u0131r Cinay\u0259tl\u0259r M\u0259hk\u0259m\u0259sinin hakimi Novruz K\u0259rimovun s\u0259drliyi il\u0259 ke\u00e7iril\u0259n prosesd\u0259 t\u0259qsirl\u0259ndiril\u0259n \u015f\u0259xsin anket m\u0259lumatlar\u0131 d\u0259qiql\u0259\u015fdirilib. M\u0259hk\u0259m\u0259nin bax\u0131\u015f iclas\u0131 yanvar\u0131n 13-n\u0259 t\u0259yin edilib. Hadis\u0259 \u00f6t\u0259n ilin iyul ay\u0131nda paytaxt\u0131n X\u0259tai rayonu \u0259razisind\u0259 ba\u015f verib. 1985-ci ild\u0259 G\u0259d\u0259b\u0259y rayonunda anadan olan&hellip;","_links":{"self":[{"href":"https:\/\/arantv.az\/index.php?rest_route=\/wp\/v2\/posts\/117044"}],"collection":[{"href":"https:\/\/arantv.az\/index.php?rest_route=\/wp\/v2\/posts"}],"about":[{"href":"https:\/\/arantv.az\/index.php?rest_route=\/wp\/v2\/types\/post"}],"author":[{"embeddable":true,"href":"https:\/\/arantv.az\/index.php?rest_route=\/wp\/v2\/users\/2"}],"replies":[{"embeddable":true,"href":"https:\/\/arantv.az\/index.php?rest_route=%2Fwp%2Fv2%2Fcomments&post=117044"}],"version-history":[{"count":0,"href":"https:\/\/arantv.az\/index.php?rest_route=\/wp\/v2\/posts\/117044\/revisions"}],"wp:featuredmedia":[{"embeddable":true,"href":"https:\/\/arantv.az\/index.php?rest_route=\/wp\/v2\/media\/117045"}],"wp:attachment":[{"href":"https:\/\/arantv.az\/index.php?rest_route=%2Fwp%2Fv2%2Fmedia&parent=117044"}],"wp:term":[{"taxonomy":"category","embeddable":true,"href":"https:\/\/arantv.az\/index.php?rest_route=%2Fwp%2Fv2%2Fcategories&post=117044"},{"taxonomy":"post_tag","embeddable":true,"href":"https:\/\/arantv.az\/index.php?rest_route=%2Fwp%2Fv2%2Ftags&post=117044"}],"curies":[{"name":"wp","href":"https:\/\/api.w.org\/{rel}","templated":true}]}}