{"id":117063,"date":"2020-01-10T16:19:00","date_gmt":"2020-01-10T13:19:00","guid":{"rendered":"http:\/\/arantv.az\/?p=117063"},"modified":"2020-01-10T16:19:00","modified_gmt":"2020-01-10T13:19:00","slug":"qatilin-n%c9%99rmini-saxladigi-otaqda-qanab%c9%99nz%c9%99r-l%c9%99k%c9%99l%c9%99r-askarlandi","status":"publish","type":"post","link":"https:\/\/arantv.az\/?p=117063","title":{"rendered":"Qatilin N\u0259rmini saxlad\u0131\u011f\u0131 otaqda qanab\u0259nz\u0259r l\u0259k\u0259l\u0259r a\u015fkarland\u0131"},"content":{"rendered":"<p>N\u0259rmin Quliyevan\u0131n Tovuz rayonunun Dondar Qu\u015f\u00e7u k\u0259ndind\u0259 saxlan\u0131ld\u0131\u011f\u0131 otaqda qanab\u0259nz\u0259r l\u0259k\u0259l\u0259r a\u015fkarlan\u0131b.<\/p>\n<p>Bu bar\u0259d\u0259 Daxili \u0130\u015fl\u0259r Nazirliyi v\u0259 Ba\u015f Prokurorlu\u011fun M\u0259tbuat xidm\u0259tl\u0259rinin birg\u0259 m\u0259lumat\u0131nda qeyd edilib.<\/p>\n<div id=\"AdviadNativeVideo0\" class=\"AdviadNativeVideo\"><\/div>\n<p>Bildirilib ki,\u00a0istintaq-\u0259m\u0259liyyat qrupu t\u0259r\u0259find\u0259n \u0130lkin S\u00fcleymanovun ya\u015fad\u0131\u011f\u0131 evin h\u0259y\u0259tin\u0259 giri\u015f qap\u0131s\u0131n\u0131n v\u0259 h\u0259y\u0259t\u0259 d\u00f6\u015f\u0259nmi\u015f s\u00fcni da\u015f \u00f6rt\u00fcy\u00fcn\u00fcn \u00fcz\u0259rind\u0259n, N.Quliyevan\u0131n saxlan\u0131ld\u0131\u011f\u0131 otaqda olan \u00e7arpay\u0131n\u0131n \u00f6rt\u00fcy\u00fc v\u0259 p\u0259rd\u0259nin \u00fcz\u0259rind\u0259n qanab\u0259nz\u0259r l\u0259k\u0259l\u0259r, el\u0259c\u0259 d\u0259, i\u015f \u00fc\u00e7\u00fcn \u0259h\u0259miyy\u0259t k\u0259sb ed\u0259n dig\u0259r \u0259\u015fyalar maddi s\u00fcbut kimi g\u00f6t\u00fcr\u00fcl\u00fcb.<\/p>\n<p>Qeyd ed\u0259k ki, hadis\u0259y\u0259 g\u00f6r\u0259 Tovuz rayonunun Dondar Qu\u015f\u00e7u k\u0259nd sakini, 1973-c\u00fc il t\u0259v\u0259ll\u00fcdl\u00fc S\u00fcleymanov \u0130lkin \u0130brahim o\u011flu tutularaq istintaqa c\u0259lb edilib. \u0130.S\u00fcleymanov dindiril\u0259rk\u0259n t\u00f6r\u0259tdiyi \u0259m\u0259li tam etiraf edib.<\/p>\n","protected":false},"excerpt":{"rendered":"<p>N\u0259rmin Quliyevan\u0131n Tovuz rayonunun Dondar Qu\u015f\u00e7u k\u0259ndind\u0259 saxlan\u0131ld\u0131\u011f\u0131 otaqda qanab\u0259nz\u0259r l\u0259k\u0259l\u0259r a\u015fkarlan\u0131b. Bu bar\u0259d\u0259 Daxili \u0130\u015fl\u0259r Nazirliyi v\u0259 Ba\u015f Prokurorlu\u011fun M\u0259tbuat xidm\u0259tl\u0259rinin birg\u0259 m\u0259lumat\u0131nda qeyd edilib. Bildirilib ki,\u00a0istintaq-\u0259m\u0259liyyat qrupu t\u0259r\u0259find\u0259n \u0130lkin S\u00fcleymanovun ya\u015fad\u0131\u011f\u0131 evin h\u0259y\u0259tin\u0259 giri\u015f qap\u0131s\u0131n\u0131n v\u0259 h\u0259y\u0259t\u0259 d\u00f6\u015f\u0259nmi\u015f s\u00fcni da\u015f \u00f6rt\u00fcy\u00fcn\u00fcn \u00fcz\u0259rind\u0259n, N.Quliyevan\u0131n saxlan\u0131ld\u0131\u011f\u0131 otaqda olan \u00e7arpay\u0131n\u0131n \u00f6rt\u00fcy\u00fc v\u0259 p\u0259rd\u0259nin \u00fcz\u0259rind\u0259n qanab\u0259nz\u0259r l\u0259k\u0259l\u0259r, el\u0259c\u0259 d\u0259, i\u015f \u00fc\u00e7\u00fcn \u0259h\u0259miyy\u0259t k\u0259sb ed\u0259n dig\u0259r \u0259\u015fyalar maddi s\u00fcbut kimi g\u00f6t\u00fcr\u00fcl\u00fcb. Qeyd ed\u0259k ki, hadis\u0259y\u0259 g\u00f6r\u0259 Tovuz rayonunun Dondar Qu\u015f\u00e7u k\u0259nd sakini, 1973-c\u00fc il t\u0259v\u0259ll\u00fcdl\u00fc S\u00fcleymanov \u0130lkin \u0130brahim o\u011flu tutularaq istintaqa c\u0259lb edilib.&hellip;<\/p>\n","protected":false},"author":2,"featured_media":117064,"comment_status":"closed","ping_status":"closed","sticky":false,"template":"","format":"standard","meta":{"om_disable_all_campaigns":false,"_monsterinsights_skip_tracking":false,"_monsterinsights_sitenote_active":false,"_monsterinsights_sitenote_note":"","_monsterinsights_sitenote_category":0},"categories":[5],"tags":[],"aioseo_notices":[],"gutentor_comment":0,"rttpg_featured_image_url":{"full":["https:\/\/arantv.az\/wp-content\/uploads\/2020\/01\/FotoJet__4_-removebg-preview-1.jpg",620,353,false],"landscape":["https:\/\/arantv.az\/wp-content\/uploads\/2020\/01\/FotoJet__4_-removebg-preview-1.jpg",620,353,false],"portraits":["https:\/\/arantv.az\/wp-content\/uploads\/2020\/01\/FotoJet__4_-removebg-preview-1.jpg",620,353,false],"thumbnail":["https:\/\/arantv.az\/wp-content\/uploads\/2020\/01\/FotoJet__4_-removebg-preview-1-150x150.jpg",150,150,true],"medium":["https:\/\/arantv.az\/wp-content\/uploads\/2020\/01\/FotoJet__4_-removebg-preview-1-300x171.jpg",300,171,true],"large":["https:\/\/arantv.az\/wp-content\/uploads\/2020\/01\/FotoJet__4_-removebg-preview-1.jpg",620,353,false],"1536x1536":["https:\/\/arantv.az\/wp-content\/uploads\/2020\/01\/FotoJet__4_-removebg-preview-1.jpg",620,353,false],"2048x2048":["https:\/\/arantv.az\/wp-content\/uploads\/2020\/01\/FotoJet__4_-removebg-preview-1.jpg",620,353,false],"post-thumbnail":["https:\/\/arantv.az\/wp-content\/uploads\/2020\/01\/FotoJet__4_-removebg-preview-1-240x172.jpg",240,172,true],"advps-thumb-one":["https:\/\/arantv.az\/wp-content\/uploads\/2020\/01\/FotoJet__4_-removebg-preview-1.jpg",620,353,false]},"rttpg_author":{"display_name":"V\u00fcsal Rafiqo\u011flu","author_link":"https:\/\/arantv.az\/?author=2"},"rttpg_comment":0,"rttpg_category":"<a href=\"https:\/\/arantv.az\/?cat=5\" rel=\"category\">Hadis\u0259<\/a>","rttpg_excerpt":"N\u0259rmin Quliyevan\u0131n Tovuz rayonunun Dondar Qu\u015f\u00e7u k\u0259ndind\u0259 saxlan\u0131ld\u0131\u011f\u0131 otaqda qanab\u0259nz\u0259r l\u0259k\u0259l\u0259r a\u015fkarlan\u0131b. Bu bar\u0259d\u0259 Daxili \u0130\u015fl\u0259r Nazirliyi v\u0259 Ba\u015f Prokurorlu\u011fun M\u0259tbuat xidm\u0259tl\u0259rinin birg\u0259 m\u0259lumat\u0131nda qeyd edilib. Bildirilib ki,\u00a0istintaq-\u0259m\u0259liyyat qrupu t\u0259r\u0259find\u0259n \u0130lkin S\u00fcleymanovun ya\u015fad\u0131\u011f\u0131 evin h\u0259y\u0259tin\u0259 giri\u015f qap\u0131s\u0131n\u0131n v\u0259 h\u0259y\u0259t\u0259 d\u00f6\u015f\u0259nmi\u015f s\u00fcni da\u015f \u00f6rt\u00fcy\u00fcn\u00fcn \u00fcz\u0259rind\u0259n, N.Quliyevan\u0131n saxlan\u0131ld\u0131\u011f\u0131 otaqda olan \u00e7arpay\u0131n\u0131n \u00f6rt\u00fcy\u00fc v\u0259 p\u0259rd\u0259nin \u00fcz\u0259rind\u0259n qanab\u0259nz\u0259r l\u0259k\u0259l\u0259r,&hellip;","_links":{"self":[{"href":"https:\/\/arantv.az\/index.php?rest_route=\/wp\/v2\/posts\/117063"}],"collection":[{"href":"https:\/\/arantv.az\/index.php?rest_route=\/wp\/v2\/posts"}],"about":[{"href":"https:\/\/arantv.az\/index.php?rest_route=\/wp\/v2\/types\/post"}],"author":[{"embeddable":true,"href":"https:\/\/arantv.az\/index.php?rest_route=\/wp\/v2\/users\/2"}],"replies":[{"embeddable":true,"href":"https:\/\/arantv.az\/index.php?rest_route=%2Fwp%2Fv2%2Fcomments&post=117063"}],"version-history":[{"count":0,"href":"https:\/\/arantv.az\/index.php?rest_route=\/wp\/v2\/posts\/117063\/revisions"}],"wp:featuredmedia":[{"embeddable":true,"href":"https:\/\/arantv.az\/index.php?rest_route=\/wp\/v2\/media\/117064"}],"wp:attachment":[{"href":"https:\/\/arantv.az\/index.php?rest_route=%2Fwp%2Fv2%2Fmedia&parent=117063"}],"wp:term":[{"taxonomy":"category","embeddable":true,"href":"https:\/\/arantv.az\/index.php?rest_route=%2Fwp%2Fv2%2Fcategories&post=117063"},{"taxonomy":"post_tag","embeddable":true,"href":"https:\/\/arantv.az\/index.php?rest_route=%2Fwp%2Fv2%2Ftags&post=117063"}],"curies":[{"name":"wp","href":"https:\/\/api.w.org\/{rel}","templated":true}]}}