{"id":117067,"date":"2020-01-10T16:27:50","date_gmt":"2020-01-10T13:27:50","guid":{"rendered":"http:\/\/arantv.az\/?p=117067"},"modified":"2020-01-10T16:27:50","modified_gmt":"2020-01-10T13:27:50","slug":"mtrs-ans-cm-in-tezliyi-il%c9%99-bagli-musabiq%c9%99ni-l%c9%99gv-etdi","status":"publish","type":"post","link":"https:\/\/arantv.az\/?p=117067","title":{"rendered":"MTR\u015e ANS \u00c7M-in tezliyi il\u0259 ba\u011fl\u0131 m\u00fcsabiq\u0259ni l\u0259\u011fv etdi"},"content":{"rendered":"<p>Yanvar\u0131n 10-da Milli Televiziya v\u0259 Radio \u015euras\u0131n\u0131n (MTR\u015e) iclas\u0131 ke\u00e7irilib.<\/p>\n<p><b>ARANTV.AZ\u00a0<\/b>\u00a0&#8220;Report&#8221;a istinad\u0259n x\u0259b\u0259r verir ki, iclasda \u015eura t\u0259r\u0259find\u0259n \u00fcmumrespublika radio kanal\u0131n\u0131n a\u00e7\u0131lmas\u0131 \u00fc\u00e7\u00fcn Bak\u0131 \u015f\u0259h\u0259ri v\u0259 Ab\u015feron yar\u0131madas\u0131 \u0259razisind\u0259 102,0 MHz i\u015f\u00e7i tezliyin\u0259 12 noyabr 2019-cu il tarixind\u0259n 12 dekabr 2019-cu il tarixin\u0259d\u0259k elan edilmi\u015f m\u00fcsabiq\u0259nin n\u0259tic\u0259l\u0259ri m\u00fczakir\u0259 olunub.<\/p>\n<div id=\"AdviadNativeVideo0\" class=\"AdviadNativeVideo\"><\/div>\n<p>M\u00fcsabiq\u0259d\u0259 i\u015ftirak etm\u0259k \u00fc\u00e7\u00fcn 5 h\u00fcquqi \u015f\u0259xs s\u0259n\u0259dl\u0259rini \u015euraya t\u0259qdim edib: 1.&#8221;Real T\u0259hlil \u0130nformasiya M\u0259rk\u0259zi&#8221; MMC; 2.&#8221;TV-Media Azerbaijan&#8221; MMC; 3.&#8221;Balans Studiyas\u0131&#8221; MMC; 4.&#8221;\u0130NS \u00c7M&#8221; MMC; 5.&#8221;OMD Azerbaijan&#8221; MMC.<\/p>\n<p>\u00dc\u00e7 iddia\u00e7\u0131 &#8211; &#8220;TV-Media Azerbaijan&#8221; MMC, &#8220;OMD Azerbaijan&#8221; MMC v\u0259 &#8220;Real T\u0259hlil \u0130nformasiya M\u0259rk\u0259zi&#8221; MMC sonradan m\u00fcsabiq\u0259d\u0259 i\u015ftirak etm\u0259kd\u0259n imtina edib. Bu s\u0259b\u0259bd\u0259n Milli Televiziya v\u0259 Radio \u015euras\u0131n\u0131n &#8220;Teleradio yay\u0131m\u0131 sah\u0259sind\u0259 lisenziya \u00fc\u00e7\u00fcn ke\u00e7iril\u0259n m\u00fcsabiq\u0259nin Qaydalar\u0131&#8221;n\u0131n 2.1.8.-ci b\u0259ndin\u0259 (\u015eura m\u00fcsabiq\u0259d\u0259 3-d\u0259n az i\u015ftirak\u00e7\u0131 i\u015ftirak etdikd\u0259 m\u00fcsabiq\u0259ni l\u0259\u011fv ed\u0259 v\u0259 ya yeni m\u00fcsabiq\u0259 elan ed\u0259 bil\u0259r) \u0259sas\u0259n, \u015eura m\u00fcsabiq\u0259nin l\u0259\u011fv olunmas\u0131 bar\u0259d\u0259 q\u0259rar q\u0259bul edib.<\/p>\n","protected":false},"excerpt":{"rendered":"<p>Yanvar\u0131n 10-da Milli Televiziya v\u0259 Radio \u015euras\u0131n\u0131n (MTR\u015e) iclas\u0131 ke\u00e7irilib. ARANTV.AZ\u00a0\u00a0&#8220;Report&#8221;a istinad\u0259n x\u0259b\u0259r verir ki, iclasda \u015eura t\u0259r\u0259find\u0259n \u00fcmumrespublika radio kanal\u0131n\u0131n a\u00e7\u0131lmas\u0131 \u00fc\u00e7\u00fcn Bak\u0131 \u015f\u0259h\u0259ri v\u0259 Ab\u015feron yar\u0131madas\u0131 \u0259razisind\u0259 102,0 MHz i\u015f\u00e7i tezliyin\u0259 12 noyabr 2019-cu il tarixind\u0259n 12 dekabr 2019-cu il tarixin\u0259d\u0259k elan edilmi\u015f m\u00fcsabiq\u0259nin n\u0259tic\u0259l\u0259ri m\u00fczakir\u0259 olunub. M\u00fcsabiq\u0259d\u0259 i\u015ftirak etm\u0259k \u00fc\u00e7\u00fcn 5 h\u00fcquqi \u015f\u0259xs s\u0259n\u0259dl\u0259rini \u015euraya t\u0259qdim edib: 1.&#8221;Real T\u0259hlil \u0130nformasiya M\u0259rk\u0259zi&#8221; MMC; 2.&#8221;TV-Media Azerbaijan&#8221; MMC; 3.&#8221;Balans Studiyas\u0131&#8221; MMC; 4.&#8221;\u0130NS \u00c7M&#8221; MMC; 5.&#8221;OMD Azerbaijan&#8221; MMC. \u00dc\u00e7 iddia\u00e7\u0131 &#8211; &#8220;TV-Media Azerbaijan&#8221; MMC, &#8220;OMD Azerbaijan&#8221; MMC v\u0259 &#8220;Real T\u0259hlil \u0130nformasiya&hellip;<\/p>\n","protected":false},"author":2,"featured_media":117069,"comment_status":"closed","ping_status":"closed","sticky":false,"template":"","format":"standard","meta":{"om_disable_all_campaigns":false,"_monsterinsights_skip_tracking":false,"_monsterinsights_sitenote_active":false,"_monsterinsights_sitenote_note":"","_monsterinsights_sitenote_category":0},"categories":[1],"tags":[],"aioseo_notices":[],"gutentor_comment":0,"rttpg_featured_image_url":{"full":["https:\/\/arantv.az\/wp-content\/uploads\/2020\/01\/small_big_81598865_2354113878026743_1695057651374751744_n.jpg",270,180,false],"landscape":["https:\/\/arantv.az\/wp-content\/uploads\/2020\/01\/small_big_81598865_2354113878026743_1695057651374751744_n.jpg",270,180,false],"portraits":["https:\/\/arantv.az\/wp-content\/uploads\/2020\/01\/small_big_81598865_2354113878026743_1695057651374751744_n.jpg",270,180,false],"thumbnail":["https:\/\/arantv.az\/wp-content\/uploads\/2020\/01\/small_big_81598865_2354113878026743_1695057651374751744_n-150x150.jpg",150,150,true],"medium":["https:\/\/arantv.az\/wp-content\/uploads\/2020\/01\/small_big_81598865_2354113878026743_1695057651374751744_n.jpg",270,180,false],"large":["https:\/\/arantv.az\/wp-content\/uploads\/2020\/01\/small_big_81598865_2354113878026743_1695057651374751744_n.jpg",270,180,false],"1536x1536":["https:\/\/arantv.az\/wp-content\/uploads\/2020\/01\/small_big_81598865_2354113878026743_1695057651374751744_n.jpg",270,180,false],"2048x2048":["https:\/\/arantv.az\/wp-content\/uploads\/2020\/01\/small_big_81598865_2354113878026743_1695057651374751744_n.jpg",270,180,false],"post-thumbnail":["https:\/\/arantv.az\/wp-content\/uploads\/2020\/01\/small_big_81598865_2354113878026743_1695057651374751744_n-240x172.jpg",240,172,true],"advps-thumb-one":["https:\/\/arantv.az\/wp-content\/uploads\/2020\/01\/small_big_81598865_2354113878026743_1695057651374751744_n.jpg",270,180,false]},"rttpg_author":{"display_name":"V\u00fcsal Rafiqo\u011flu","author_link":"https:\/\/arantv.az\/?author=2"},"rttpg_comment":0,"rttpg_category":"<a href=\"https:\/\/arantv.az\/?cat=1\" rel=\"category\">C\u0259miyy\u0259t<\/a>","rttpg_excerpt":"Yanvar\u0131n 10-da Milli Televiziya v\u0259 Radio \u015euras\u0131n\u0131n (MTR\u015e) iclas\u0131 ke\u00e7irilib. ARANTV.AZ\u00a0\u00a0&#8220;Report&#8221;a istinad\u0259n x\u0259b\u0259r verir ki, iclasda \u015eura t\u0259r\u0259find\u0259n \u00fcmumrespublika radio kanal\u0131n\u0131n a\u00e7\u0131lmas\u0131 \u00fc\u00e7\u00fcn Bak\u0131 \u015f\u0259h\u0259ri v\u0259 Ab\u015feron yar\u0131madas\u0131 \u0259razisind\u0259 102,0 MHz i\u015f\u00e7i tezliyin\u0259 12 noyabr 2019-cu il tarixind\u0259n 12 dekabr 2019-cu il tarixin\u0259d\u0259k elan edilmi\u015f m\u00fcsabiq\u0259nin n\u0259tic\u0259l\u0259ri m\u00fczakir\u0259 olunub. M\u00fcsabiq\u0259d\u0259 i\u015ftirak etm\u0259k \u00fc\u00e7\u00fcn 5 h\u00fcquqi&hellip;","_links":{"self":[{"href":"https:\/\/arantv.az\/index.php?rest_route=\/wp\/v2\/posts\/117067"}],"collection":[{"href":"https:\/\/arantv.az\/index.php?rest_route=\/wp\/v2\/posts"}],"about":[{"href":"https:\/\/arantv.az\/index.php?rest_route=\/wp\/v2\/types\/post"}],"author":[{"embeddable":true,"href":"https:\/\/arantv.az\/index.php?rest_route=\/wp\/v2\/users\/2"}],"replies":[{"embeddable":true,"href":"https:\/\/arantv.az\/index.php?rest_route=%2Fwp%2Fv2%2Fcomments&post=117067"}],"version-history":[{"count":0,"href":"https:\/\/arantv.az\/index.php?rest_route=\/wp\/v2\/posts\/117067\/revisions"}],"wp:featuredmedia":[{"embeddable":true,"href":"https:\/\/arantv.az\/index.php?rest_route=\/wp\/v2\/media\/117069"}],"wp:attachment":[{"href":"https:\/\/arantv.az\/index.php?rest_route=%2Fwp%2Fv2%2Fmedia&parent=117067"}],"wp:term":[{"taxonomy":"category","embeddable":true,"href":"https:\/\/arantv.az\/index.php?rest_route=%2Fwp%2Fv2%2Fcategories&post=117067"},{"taxonomy":"post_tag","embeddable":true,"href":"https:\/\/arantv.az\/index.php?rest_route=%2Fwp%2Fv2%2Ftags&post=117067"}],"curies":[{"name":"wp","href":"https:\/\/api.w.org\/{rel}","templated":true}]}}