{"id":117072,"date":"2020-01-10T16:32:37","date_gmt":"2020-01-10T13:32:37","guid":{"rendered":"http:\/\/arantv.az\/?p=117072"},"modified":"2020-01-10T16:32:37","modified_gmt":"2020-01-10T13:32:37","slug":"ilham-%c9%99liyev-dovl%c9%99t-agentliyin%c9%99-174-milyon-manat-ayirdi","status":"publish","type":"post","link":"https:\/\/arantv.az\/?p=117072","title":{"rendered":"\u0130lham \u018fliyev D\u00f6vl\u0259t Agentliyin\u0259 17,4 milyon manat ay\u0131rd\u0131"},"content":{"rendered":"<p>Az\u0259rbaycan Respublikas\u0131 Prezidenti \u0130lham \u018fliyev A\u011fsu rayonunun A\u011fsu-A\u011farx-R\u0259himli-Qarada\u011f avtomobil yolunun tikintisi il\u0259 ba\u011fl\u0131 t\u0259dbirl\u0259r haqq\u0131nda s\u0259r\u0259ncam imzalay\u0131b.<\/p>\n<div id=\"AdviadNativeVideo0\" class=\"AdviadNativeVideo\"><\/div>\n<p>Bununla ba\u011fl\u0131\u00a0<a href=\"https:\/\/azertag.az\/xeber\/Agsu_rayonunun_Agsu_Agarx_Rehimli_Qaradag_avtomobil_yolunun_tikintisi_ile_bagli_tedbirler_haqqinda__Azerbaycan_Respublikasi_Prezidentinin_Serencami-1384345\" target=\"_blank\" rel=\"noopener\">AZ\u018fRTAC<\/a>\u00a0m\u0259lumat yay\u0131b.<\/p>\n<p>S\u0259r\u0259ncama \u0259sas\u0259n, alt\u0131 min n\u0259f\u0259r \u0259halinin ya\u015fad\u0131\u011f\u0131 doqquz ya\u015fay\u0131\u015f m\u0259nt\u0259q\u0259sini birl\u0259\u015fdir\u0259n A\u011fsu-A\u011farx-R\u0259himli-Qarada\u011f avtomobil yolunun tikintisi m\u0259qs\u0259dil\u0259 Az\u0259rbaycan Respublikas\u0131n\u0131n 2020-ci il d\u00f6vl\u0259t b\u00fcdc\u0259sinin d\u00f6vl\u0259t \u0259sasl\u0131 v\u0259sait qoyulu\u015funun (investisiya x\u0259rcl\u0259rinin) b\u00f6lg\u00fcs\u00fcnd\u0259 avtomobil yollar\u0131n\u0131n tikintisi v\u0259 yenid\u0259n qurulmas\u0131 \u00fc\u00e7\u00fcn n\u0259z\u0259rd\u0259 tutulmu\u015f v\u0259saitin 17,4 milyon manat\u0131 Az\u0259rbaycan Avtomobil Yollar\u0131 D\u00f6vl\u0259t Agentliyin\u0259 ayr\u0131l\u0131b.<\/p>\n","protected":false},"excerpt":{"rendered":"<p>Az\u0259rbaycan Respublikas\u0131 Prezidenti \u0130lham \u018fliyev A\u011fsu rayonunun A\u011fsu-A\u011farx-R\u0259himli-Qarada\u011f avtomobil yolunun tikintisi il\u0259 ba\u011fl\u0131 t\u0259dbirl\u0259r haqq\u0131nda s\u0259r\u0259ncam imzalay\u0131b. Bununla ba\u011fl\u0131\u00a0AZ\u018fRTAC\u00a0m\u0259lumat yay\u0131b. S\u0259r\u0259ncama \u0259sas\u0259n, alt\u0131 min n\u0259f\u0259r \u0259halinin ya\u015fad\u0131\u011f\u0131 doqquz ya\u015fay\u0131\u015f m\u0259nt\u0259q\u0259sini birl\u0259\u015fdir\u0259n A\u011fsu-A\u011farx-R\u0259himli-Qarada\u011f avtomobil yolunun tikintisi m\u0259qs\u0259dil\u0259 Az\u0259rbaycan Respublikas\u0131n\u0131n 2020-ci il d\u00f6vl\u0259t b\u00fcdc\u0259sinin d\u00f6vl\u0259t \u0259sasl\u0131 v\u0259sait qoyulu\u015funun (investisiya x\u0259rcl\u0259rinin) b\u00f6lg\u00fcs\u00fcnd\u0259 avtomobil yollar\u0131n\u0131n tikintisi v\u0259 yenid\u0259n qurulmas\u0131 \u00fc\u00e7\u00fcn n\u0259z\u0259rd\u0259 tutulmu\u015f v\u0259saitin 17,4 milyon manat\u0131 Az\u0259rbaycan Avtomobil Yollar\u0131 D\u00f6vl\u0259t Agentliyin\u0259 ayr\u0131l\u0131b.<\/p>\n","protected":false},"author":2,"featured_media":117073,"comment_status":"closed","ping_status":"closed","sticky":false,"template":"","format":"standard","meta":{"om_disable_all_campaigns":false,"_monsterinsights_skip_tracking":false,"_monsterinsights_sitenote_active":false,"_monsterinsights_sitenote_note":"","_monsterinsights_sitenote_category":0},"categories":[4],"tags":[],"aioseo_notices":[],"gutentor_comment":0,"rttpg_featured_image_url":{"full":["https:\/\/arantv.az\/wp-content\/uploads\/2020\/01\/prezident2.jpg",620,377,false],"landscape":["https:\/\/arantv.az\/wp-content\/uploads\/2020\/01\/prezident2.jpg",620,377,false],"portraits":["https:\/\/arantv.az\/wp-content\/uploads\/2020\/01\/prezident2.jpg",620,377,false],"thumbnail":["https:\/\/arantv.az\/wp-content\/uploads\/2020\/01\/prezident2-150x150.jpg",150,150,true],"medium":["https:\/\/arantv.az\/wp-content\/uploads\/2020\/01\/prezident2-300x182.jpg",300,182,true],"large":["https:\/\/arantv.az\/wp-content\/uploads\/2020\/01\/prezident2.jpg",620,377,false],"1536x1536":["https:\/\/arantv.az\/wp-content\/uploads\/2020\/01\/prezident2.jpg",620,377,false],"2048x2048":["https:\/\/arantv.az\/wp-content\/uploads\/2020\/01\/prezident2.jpg",620,377,false],"post-thumbnail":["https:\/\/arantv.az\/wp-content\/uploads\/2020\/01\/prezident2-240x172.jpg",240,172,true],"advps-thumb-one":["https:\/\/arantv.az\/wp-content\/uploads\/2020\/01\/prezident2.jpg",620,377,false]},"rttpg_author":{"display_name":"V\u00fcsal Rafiqo\u011flu","author_link":"https:\/\/arantv.az\/?author=2"},"rttpg_comment":0,"rttpg_category":"<a href=\"https:\/\/arantv.az\/?cat=4\" rel=\"category\">Siyas\u0259t<\/a>","rttpg_excerpt":"Az\u0259rbaycan Respublikas\u0131 Prezidenti \u0130lham \u018fliyev A\u011fsu rayonunun A\u011fsu-A\u011farx-R\u0259himli-Qarada\u011f avtomobil yolunun tikintisi il\u0259 ba\u011fl\u0131 t\u0259dbirl\u0259r haqq\u0131nda s\u0259r\u0259ncam imzalay\u0131b. Bununla ba\u011fl\u0131\u00a0AZ\u018fRTAC\u00a0m\u0259lumat yay\u0131b. S\u0259r\u0259ncama \u0259sas\u0259n, alt\u0131 min n\u0259f\u0259r \u0259halinin ya\u015fad\u0131\u011f\u0131 doqquz ya\u015fay\u0131\u015f m\u0259nt\u0259q\u0259sini birl\u0259\u015fdir\u0259n A\u011fsu-A\u011farx-R\u0259himli-Qarada\u011f avtomobil yolunun tikintisi m\u0259qs\u0259dil\u0259 Az\u0259rbaycan Respublikas\u0131n\u0131n 2020-ci il d\u00f6vl\u0259t b\u00fcdc\u0259sinin d\u00f6vl\u0259t \u0259sasl\u0131 v\u0259sait qoyulu\u015funun (investisiya x\u0259rcl\u0259rinin) b\u00f6lg\u00fcs\u00fcnd\u0259 avtomobil yollar\u0131n\u0131n tikintisi v\u0259 yenid\u0259n qurulmas\u0131&hellip;","_links":{"self":[{"href":"https:\/\/arantv.az\/index.php?rest_route=\/wp\/v2\/posts\/117072"}],"collection":[{"href":"https:\/\/arantv.az\/index.php?rest_route=\/wp\/v2\/posts"}],"about":[{"href":"https:\/\/arantv.az\/index.php?rest_route=\/wp\/v2\/types\/post"}],"author":[{"embeddable":true,"href":"https:\/\/arantv.az\/index.php?rest_route=\/wp\/v2\/users\/2"}],"replies":[{"embeddable":true,"href":"https:\/\/arantv.az\/index.php?rest_route=%2Fwp%2Fv2%2Fcomments&post=117072"}],"version-history":[{"count":0,"href":"https:\/\/arantv.az\/index.php?rest_route=\/wp\/v2\/posts\/117072\/revisions"}],"wp:featuredmedia":[{"embeddable":true,"href":"https:\/\/arantv.az\/index.php?rest_route=\/wp\/v2\/media\/117073"}],"wp:attachment":[{"href":"https:\/\/arantv.az\/index.php?rest_route=%2Fwp%2Fv2%2Fmedia&parent=117072"}],"wp:term":[{"taxonomy":"category","embeddable":true,"href":"https:\/\/arantv.az\/index.php?rest_route=%2Fwp%2Fv2%2Fcategories&post=117072"},{"taxonomy":"post_tag","embeddable":true,"href":"https:\/\/arantv.az\/index.php?rest_route=%2Fwp%2Fv2%2Ftags&post=117072"}],"curies":[{"name":"wp","href":"https:\/\/api.w.org\/{rel}","templated":true}]}}