{"id":117084,"date":"2020-01-11T09:46:26","date_gmt":"2020-01-11T06:46:26","guid":{"rendered":"http:\/\/arantv.az\/?p=117084"},"modified":"2020-01-11T09:46:26","modified_gmt":"2020-01-11T06:46:26","slug":"deputatliga-namiz%c9%99dl%c9%99rin-siyahisi-aciqlandi","status":"publish","type":"post","link":"https:\/\/arantv.az\/?p=117084","title":{"rendered":"Deputatl\u0131\u011fa namiz\u0259dl\u0259rin siyah\u0131s\u0131 a\u00e7\u0131qland\u0131"},"content":{"rendered":"<p>M\u0259rk\u0259zi Se\u00e7ki Komissiyas\u0131 (MSK)\u00a0Milli M\u0259clis\u0259 ke\u00e7iril\u0259c\u0259k se\u00e7kil\u0259rd\u0259 i\u015ftirak ed\u0259c\u0259k deputatl\u0131\u011fa namiz\u0259dl\u0259rin dair\u0259l\u0259r \u00fczr\u0259 ilkin siyah\u0131s\u0131n\u0131 a\u00e7\u0131qlay\u0131b.<\/p>\n<p><b>ARANTV.AZ<\/b>-\u0131n x\u0259b\u0259rin\u0259 g\u00f6r\u0259, bu bar\u0259d\u0259 MSK-n\u0131n sayt\u0131nda m\u0259lumat\u00a0<a href=\"https:\/\/www.infocenter.gov.az\/archive\/millimeclis2020.aspx?i=6&amp;dsk=1\" target=\"_blank\" rel=\"noopener\">yerl\u0259\u015fdirilib<\/a>.<\/p>\n<p>Deputatl\u0131\u011fa namiz\u0259dl\u0259r qeyd\u0259 al\u0131nd\u0131qca siyah\u0131da yenilikl\u0259r olacaq.<\/p>\n<p>Qeyd ed\u0259k ki, bu ilin fevral\u0131n 9-da n\u00f6vb\u0259d\u0259nk\u0259nar parlament se\u00e7kil\u0259ri ke\u00e7iril\u0259c\u0259k.\u00a0Oxu.Az<\/p>\n","protected":false},"excerpt":{"rendered":"<p>M\u0259rk\u0259zi Se\u00e7ki Komissiyas\u0131 (MSK)\u00a0Milli M\u0259clis\u0259 ke\u00e7iril\u0259c\u0259k se\u00e7kil\u0259rd\u0259 i\u015ftirak ed\u0259c\u0259k deputatl\u0131\u011fa namiz\u0259dl\u0259rin dair\u0259l\u0259r \u00fczr\u0259 ilkin siyah\u0131s\u0131n\u0131 a\u00e7\u0131qlay\u0131b. ARANTV.AZ-\u0131n x\u0259b\u0259rin\u0259 g\u00f6r\u0259, bu bar\u0259d\u0259 MSK-n\u0131n sayt\u0131nda m\u0259lumat\u00a0yerl\u0259\u015fdirilib. Deputatl\u0131\u011fa namiz\u0259dl\u0259r qeyd\u0259 al\u0131nd\u0131qca siyah\u0131da yenilikl\u0259r olacaq. Qeyd ed\u0259k ki, bu ilin fevral\u0131n 9-da n\u00f6vb\u0259d\u0259nk\u0259nar parlament se\u00e7kil\u0259ri ke\u00e7iril\u0259c\u0259k.\u00a0Oxu.Az<\/p>\n","protected":false},"author":2,"featured_media":117085,"comment_status":"closed","ping_status":"closed","sticky":false,"template":"","format":"standard","meta":{"om_disable_all_campaigns":false,"_monsterinsights_skip_tracking":false,"_monsterinsights_sitenote_active":false,"_monsterinsights_sitenote_note":"","_monsterinsights_sitenote_category":0},"categories":[1],"tags":[],"aioseo_notices":[],"gutentor_comment":0,"rttpg_featured_image_url":{"full":["https:\/\/arantv.az\/wp-content\/uploads\/2020\/01\/siyah\u00c4\u00b1.jpg",620,383,false],"landscape":["https:\/\/arantv.az\/wp-content\/uploads\/2020\/01\/siyah\u00c4\u00b1.jpg",620,383,false],"portraits":["https:\/\/arantv.az\/wp-content\/uploads\/2020\/01\/siyah\u00c4\u00b1.jpg",620,383,false],"thumbnail":["https:\/\/arantv.az\/wp-content\/uploads\/2020\/01\/siyah\u00c4\u00b1-150x150.jpg",150,150,true],"medium":["https:\/\/arantv.az\/wp-content\/uploads\/2020\/01\/siyah\u00c4\u00b1-300x185.jpg",300,185,true],"large":["https:\/\/arantv.az\/wp-content\/uploads\/2020\/01\/siyah\u00c4\u00b1.jpg",620,383,false],"1536x1536":["https:\/\/arantv.az\/wp-content\/uploads\/2020\/01\/siyah\u00c4\u00b1.jpg",620,383,false],"2048x2048":["https:\/\/arantv.az\/wp-content\/uploads\/2020\/01\/siyah\u00c4\u00b1.jpg",620,383,false],"post-thumbnail":["https:\/\/arantv.az\/wp-content\/uploads\/2020\/01\/siyah\u00c4\u00b1-240x172.jpg",240,172,true],"advps-thumb-one":["https:\/\/arantv.az\/wp-content\/uploads\/2020\/01\/siyah\u00c4\u00b1.jpg",620,383,false]},"rttpg_author":{"display_name":"V\u00fcsal Rafiqo\u011flu","author_link":"https:\/\/arantv.az\/?author=2"},"rttpg_comment":0,"rttpg_category":"<a href=\"https:\/\/arantv.az\/?cat=1\" rel=\"category\">C\u0259miyy\u0259t<\/a>","rttpg_excerpt":"M\u0259rk\u0259zi Se\u00e7ki Komissiyas\u0131 (MSK)\u00a0Milli M\u0259clis\u0259 ke\u00e7iril\u0259c\u0259k se\u00e7kil\u0259rd\u0259 i\u015ftirak ed\u0259c\u0259k deputatl\u0131\u011fa namiz\u0259dl\u0259rin dair\u0259l\u0259r \u00fczr\u0259 ilkin siyah\u0131s\u0131n\u0131 a\u00e7\u0131qlay\u0131b. ARANTV.AZ-\u0131n x\u0259b\u0259rin\u0259 g\u00f6r\u0259, bu bar\u0259d\u0259 MSK-n\u0131n sayt\u0131nda m\u0259lumat\u00a0yerl\u0259\u015fdirilib. Deputatl\u0131\u011fa namiz\u0259dl\u0259r qeyd\u0259 al\u0131nd\u0131qca siyah\u0131da yenilikl\u0259r olacaq. Qeyd ed\u0259k ki, bu ilin fevral\u0131n 9-da n\u00f6vb\u0259d\u0259nk\u0259nar parlament se\u00e7kil\u0259ri ke\u00e7iril\u0259c\u0259k.\u00a0Oxu.Az","_links":{"self":[{"href":"https:\/\/arantv.az\/index.php?rest_route=\/wp\/v2\/posts\/117084"}],"collection":[{"href":"https:\/\/arantv.az\/index.php?rest_route=\/wp\/v2\/posts"}],"about":[{"href":"https:\/\/arantv.az\/index.php?rest_route=\/wp\/v2\/types\/post"}],"author":[{"embeddable":true,"href":"https:\/\/arantv.az\/index.php?rest_route=\/wp\/v2\/users\/2"}],"replies":[{"embeddable":true,"href":"https:\/\/arantv.az\/index.php?rest_route=%2Fwp%2Fv2%2Fcomments&post=117084"}],"version-history":[{"count":0,"href":"https:\/\/arantv.az\/index.php?rest_route=\/wp\/v2\/posts\/117084\/revisions"}],"wp:featuredmedia":[{"embeddable":true,"href":"https:\/\/arantv.az\/index.php?rest_route=\/wp\/v2\/media\/117085"}],"wp:attachment":[{"href":"https:\/\/arantv.az\/index.php?rest_route=%2Fwp%2Fv2%2Fmedia&parent=117084"}],"wp:term":[{"taxonomy":"category","embeddable":true,"href":"https:\/\/arantv.az\/index.php?rest_route=%2Fwp%2Fv2%2Fcategories&post=117084"},{"taxonomy":"post_tag","embeddable":true,"href":"https:\/\/arantv.az\/index.php?rest_route=%2Fwp%2Fv2%2Ftags&post=117084"}],"curies":[{"name":"wp","href":"https:\/\/api.w.org\/{rel}","templated":true}]}}