{"id":117160,"date":"2020-01-11T10:58:18","date_gmt":"2020-01-11T07:58:18","guid":{"rendered":"http:\/\/arantv.az\/?p=117160"},"modified":"2020-01-11T10:58:18","modified_gmt":"2020-01-11T07:58:18","slug":"iranin-bas-prokuroru-t%c9%99yyar%c9%99ni-vuranlar-mu%c9%99yy%c9%99nl%c9%99sdirilsin","status":"publish","type":"post","link":"https:\/\/arantv.az\/?p=117160","title":{"rendered":"\u0130ran\u0131n ba\u015f prokuroru: &#8220;T\u0259yyar\u0259ni vuranlar m\u00fc\u0259yy\u0259nl\u0259\u015fdirilsin&#8221;"},"content":{"rendered":"<blockquote><p><em><strong>\u0130ran\u0131n Tehran vilay\u0259tinin Parand \u015f\u0259h\u0259ri yax\u0131nl\u0131\u011f\u0131nda 8 yanvarda Ukraynaya m\u0259xsus s\u0259rni\u015fin t\u0259yyar\u0259sini vuranlar m\u00fc\u0259yy\u0259nl\u0259\u015fdirilm\u0259lidir.<\/strong><\/em><\/p><\/blockquote>\n<p><strong>ARANTV.AZ<\/strong>\u00a0\u00a0<a href=\"https:\/\/az.trend.az\/\" target=\"_blank\" rel=\"noopener\">Trend<\/a>-\u0259 istinad\u0259n x\u0259b\u0259r\u00a0verir ki, bu, \u0130ran\u0131n ba\u015f prokuroru M\u0259h\u0259mm\u0259d C\u0259f\u0259r Mont\u0259zerinin Tehran\u0131n h\u0259rbi prokuroruna \u00fcnvanlad\u0131\u011f\u0131 g\u00f6st\u0259ri\u015fd\u0259 \u00f6z \u0259ksini tap\u0131b.<\/p>\n<p>Mont\u0259zerinin g\u00f6st\u0259ri\u015find\u0259 qeyd olunur: &#8220;\u0130ran\u0131n Silahl\u0131 Q\u00fcvv\u0259l\u0259ri Ba\u015f Q\u0259rargah\u0131n\u0131n Ukraynaya m\u0259xsus s\u0259rni\u015fin t\u0259yyar\u0259sinin \u0130ran\u0131n Havadan M\u00fcdafi\u0259 Sistemi t\u0259r\u0259find\u0259n vurulmas\u0131 il\u0259 \u0259laq\u0259dar b\u0259yanat\u0131n\u0131 \u0259sas g\u00f6t\u00fcr\u0259r\u0259k hadis\u0259nin b\u00fct\u00fcn s\u0259b\u0259bl\u0259ri tam \u015f\u0259kild\u0259 ara\u015fd\u0131r\u0131lmal\u0131d\u0131r. Ara\u015fd\u0131rmalar\u0131n n\u0259tic\u0259si ba\u015f prokurora elan olunmal\u0131d\u0131r&#8221;.<\/p>\n<p>\u0130ran\u0131n ba\u015f prokuroru hadis\u0259 n\u0259tic\u0259sind\u0259 h\u0259lak olanlar\u0131n ail\u0259l\u0259rin\u0259 ba\u015fsa\u011fl\u0131\u011f\u0131 verib.<\/p>\n<div><\/div>\n<p>Qeyd ed\u0259k ki, 8 yanvarda \u0130ran\u0131n Tehran vilay\u0259tinin Parand \u015f\u0259h\u0259ri yax\u0131nl\u0131\u011f\u0131nda Ukraynaya m\u0259xsus t\u0259yyar\u0259 q\u0259zaya u\u011fray\u0131b. Q\u0259za n\u0259tic\u0259sind\u0259 176 n\u0259f\u0259r h\u0259lak olub. \u0130ran\u0131n Silahl\u0131 Q\u00fcvv\u0259l\u0259ri Ba\u015f Q\u0259rargah\u0131 bu g\u00fcn (11 yanvar) s\u0259h\u0259r b\u0259yanat ver\u0259r\u0259k bu t\u0259yyar\u0259nin \u0130ran\u0131n Havadan M\u00fcdafi\u0259 Sistemi t\u0259r\u0259find\u0259n s\u0259hv\u0259n vuruldu\u011funu bildirib.<\/p>\n","protected":false},"excerpt":{"rendered":"<p>\u0130ran\u0131n Tehran vilay\u0259tinin Parand \u015f\u0259h\u0259ri yax\u0131nl\u0131\u011f\u0131nda 8 yanvarda Ukraynaya m\u0259xsus s\u0259rni\u015fin t\u0259yyar\u0259sini vuranlar m\u00fc\u0259yy\u0259nl\u0259\u015fdirilm\u0259lidir. ARANTV.AZ\u00a0\u00a0Trend-\u0259 istinad\u0259n x\u0259b\u0259r\u00a0verir ki, bu, \u0130ran\u0131n ba\u015f prokuroru M\u0259h\u0259mm\u0259d C\u0259f\u0259r Mont\u0259zerinin Tehran\u0131n h\u0259rbi prokuroruna \u00fcnvanlad\u0131\u011f\u0131 g\u00f6st\u0259ri\u015fd\u0259 \u00f6z \u0259ksini tap\u0131b. Mont\u0259zerinin g\u00f6st\u0259ri\u015find\u0259 qeyd olunur: &#8220;\u0130ran\u0131n Silahl\u0131 Q\u00fcvv\u0259l\u0259ri Ba\u015f Q\u0259rargah\u0131n\u0131n Ukraynaya m\u0259xsus s\u0259rni\u015fin t\u0259yyar\u0259sinin \u0130ran\u0131n Havadan M\u00fcdafi\u0259 Sistemi t\u0259r\u0259find\u0259n vurulmas\u0131 il\u0259 \u0259laq\u0259dar b\u0259yanat\u0131n\u0131 \u0259sas g\u00f6t\u00fcr\u0259r\u0259k hadis\u0259nin b\u00fct\u00fcn s\u0259b\u0259bl\u0259ri tam \u015f\u0259kild\u0259 ara\u015fd\u0131r\u0131lmal\u0131d\u0131r. Ara\u015fd\u0131rmalar\u0131n n\u0259tic\u0259si ba\u015f prokurora elan olunmal\u0131d\u0131r&#8221;. \u0130ran\u0131n ba\u015f prokuroru hadis\u0259 n\u0259tic\u0259sind\u0259 h\u0259lak olanlar\u0131n ail\u0259l\u0259rin\u0259 ba\u015fsa\u011fl\u0131\u011f\u0131 verib. Qeyd ed\u0259k ki, 8 yanvarda \u0130ran\u0131n Tehran vilay\u0259tinin Parand \u015f\u0259h\u0259ri yax\u0131nl\u0131\u011f\u0131nda&hellip;<\/p>\n","protected":false},"author":2,"featured_media":117161,"comment_status":"closed","ping_status":"closed","sticky":false,"template":"","format":"standard","meta":{"om_disable_all_campaigns":false,"_monsterinsights_skip_tracking":false,"_monsterinsights_sitenote_active":false,"_monsterinsights_sitenote_note":"","_monsterinsights_sitenote_category":0},"categories":[7],"tags":[],"aioseo_notices":[],"gutentor_comment":0,"rttpg_featured_image_url":{"full":["https:\/\/arantv.az\/wp-content\/uploads\/2020\/01\/817012.jpg",800,600,false],"landscape":["https:\/\/arantv.az\/wp-content\/uploads\/2020\/01\/817012.jpg",800,600,false],"portraits":["https:\/\/arantv.az\/wp-content\/uploads\/2020\/01\/817012.jpg",800,600,false],"thumbnail":["https:\/\/arantv.az\/wp-content\/uploads\/2020\/01\/817012-150x150.jpg",150,150,true],"medium":["https:\/\/arantv.az\/wp-content\/uploads\/2020\/01\/817012-300x225.jpg",300,225,true],"large":["https:\/\/arantv.az\/wp-content\/uploads\/2020\/01\/817012.jpg",640,480,false],"1536x1536":["https:\/\/arantv.az\/wp-content\/uploads\/2020\/01\/817012.jpg",800,600,false],"2048x2048":["https:\/\/arantv.az\/wp-content\/uploads\/2020\/01\/817012.jpg",800,600,false],"post-thumbnail":["https:\/\/arantv.az\/wp-content\/uploads\/2020\/01\/817012-240x172.jpg",240,172,true],"advps-thumb-one":["https:\/\/arantv.az\/wp-content\/uploads\/2020\/01\/817012.jpg",800,600,false]},"rttpg_author":{"display_name":"V\u00fcsal Rafiqo\u011flu","author_link":"https:\/\/arantv.az\/?author=2"},"rttpg_comment":0,"rttpg_category":"<a href=\"https:\/\/arantv.az\/?cat=7\" rel=\"category\">D\u00fcnya<\/a>","rttpg_excerpt":"\u0130ran\u0131n Tehran vilay\u0259tinin Parand \u015f\u0259h\u0259ri yax\u0131nl\u0131\u011f\u0131nda 8 yanvarda Ukraynaya m\u0259xsus s\u0259rni\u015fin t\u0259yyar\u0259sini vuranlar m\u00fc\u0259yy\u0259nl\u0259\u015fdirilm\u0259lidir. ARANTV.AZ\u00a0\u00a0Trend-\u0259 istinad\u0259n x\u0259b\u0259r\u00a0verir ki, bu, \u0130ran\u0131n ba\u015f prokuroru M\u0259h\u0259mm\u0259d C\u0259f\u0259r Mont\u0259zerinin Tehran\u0131n h\u0259rbi prokuroruna \u00fcnvanlad\u0131\u011f\u0131 g\u00f6st\u0259ri\u015fd\u0259 \u00f6z \u0259ksini tap\u0131b. Mont\u0259zerinin g\u00f6st\u0259ri\u015find\u0259 qeyd olunur: &#8220;\u0130ran\u0131n Silahl\u0131 Q\u00fcvv\u0259l\u0259ri Ba\u015f Q\u0259rargah\u0131n\u0131n Ukraynaya m\u0259xsus s\u0259rni\u015fin t\u0259yyar\u0259sinin \u0130ran\u0131n Havadan M\u00fcdafi\u0259 Sistemi t\u0259r\u0259find\u0259n vurulmas\u0131 il\u0259 \u0259laq\u0259dar b\u0259yanat\u0131n\u0131&hellip;","_links":{"self":[{"href":"https:\/\/arantv.az\/index.php?rest_route=\/wp\/v2\/posts\/117160"}],"collection":[{"href":"https:\/\/arantv.az\/index.php?rest_route=\/wp\/v2\/posts"}],"about":[{"href":"https:\/\/arantv.az\/index.php?rest_route=\/wp\/v2\/types\/post"}],"author":[{"embeddable":true,"href":"https:\/\/arantv.az\/index.php?rest_route=\/wp\/v2\/users\/2"}],"replies":[{"embeddable":true,"href":"https:\/\/arantv.az\/index.php?rest_route=%2Fwp%2Fv2%2Fcomments&post=117160"}],"version-history":[{"count":0,"href":"https:\/\/arantv.az\/index.php?rest_route=\/wp\/v2\/posts\/117160\/revisions"}],"wp:featuredmedia":[{"embeddable":true,"href":"https:\/\/arantv.az\/index.php?rest_route=\/wp\/v2\/media\/117161"}],"wp:attachment":[{"href":"https:\/\/arantv.az\/index.php?rest_route=%2Fwp%2Fv2%2Fmedia&parent=117160"}],"wp:term":[{"taxonomy":"category","embeddable":true,"href":"https:\/\/arantv.az\/index.php?rest_route=%2Fwp%2Fv2%2Fcategories&post=117160"},{"taxonomy":"post_tag","embeddable":true,"href":"https:\/\/arantv.az\/index.php?rest_route=%2Fwp%2Fv2%2Ftags&post=117160"}],"curies":[{"name":"wp","href":"https:\/\/api.w.org\/{rel}","templated":true}]}}