{"id":117188,"date":"2020-01-11T11:21:51","date_gmt":"2020-01-11T08:21:51","guid":{"rendered":"http:\/\/arantv.az\/?p=117188"},"modified":"2020-01-11T11:21:51","modified_gmt":"2020-01-11T08:21:51","slug":"aydin-mirz%c9%99zad%c9%99-vaxtil%c9%99-olk%c9%99ni-biabirci-v%c9%99ziyy%c9%99t%c9%99-salan-quvv%c9%99l%c9%99rin-bu-gun-hansisa-fikir-yurutm%c9%99y%c9%99-m%c9%99n%c9%99vi-haqqi-catmir","status":"publish","type":"post","link":"https:\/\/arantv.az\/?p=117188","title":{"rendered":"Ayd\u0131n Mirz\u0259zad\u0259: &#8220;Vaxtil\u0259 \u00f6lk\u0259ni biab\u0131r\u00e7\u0131 v\u0259ziyy\u0259t\u0259 salan q\u00fcvv\u0259l\u0259rin bu g\u00fcn hans\u0131sa fikir y\u00fcr\u00fctm\u0259y\u0259 m\u0259n\u0259vi haqq\u0131 \u00e7atm\u0131r&#8221;"},"content":{"rendered":"<p>&#8220;Radikal m\u00fcxalif\u0259t Az\u0259rbaycan\u0131n u\u011furlar\u0131 v\u0259 y\u00fcks\u0259k nailiyy\u0259tl\u0259rin\u0259 k\u00f6lg\u0259 salma\u011f\u0131 qar\u015f\u0131s\u0131na m\u0259qs\u0259d qoyub&#8221;.<\/p>\n<p><strong>ARANTV.AZ<\/strong> x\u0259b\u0259r verir ki, bunu\u00a0<a href=\"https:\/\/az.trend.az\/\" target=\"_blank\" rel=\"noopener\">Trend<\/a>-\u0259 a\u00e7\u0131qlamas\u0131nda mill\u0259t v\u0259kili Ayd\u0131n Mirz\u0259zad\u0259 deyib.<\/p>\n<p>Onun s\u00f6zl\u0259rin\u0259 g\u00f6r\u0259, Az\u0259rbaycan\u0131n u\u011furlar\u0131 radikal m\u00fcxalif\u0259t\u0259 s\u0259rf etmir. Onlar \u00fc\u00e7\u00fcn Az\u0259rbaycan\u0131n nailiyy\u0259tl\u0259rini qaralamaq \u0259sas motivl\u0259rd\u0259ndir:<\/p>\n<p>&#8220;Radikal m\u00fcxalif\u0259tin hakimiyy\u0259td\u0259 oldu\u011fu d\u00f6vrd\u0259 Az\u0259rbaycan b\u00f6y\u00fck probleml\u0259r m\u0259ng\u0259n\u0259sind\u0259 idi. Onlar\u0131n b\u0259d \u0259m\u0259ll\u0259ri xalq\u0131m\u0131z\u0131n yadda\u015f\u0131ndan silinm\u0259yib. AXC-M\u00fcsavat c\u00fctl\u00fcy\u00fcn\u00fcn hakimiyy\u0259ti bizim \u00fc\u00e7\u00fcn bir biab\u0131r\u00e7\u0131l\u0131q d\u00f6vr\u00fc idi. Onlar\u0131n \u0259sas m\u0259qs\u0259di varlanmaq, talamaq, o\u011furlamaq, satmaq idi. O d\u00f6vrd\u0259 Az\u0259rbaycan v\u0259t\u0259nda\u015flar\u0131 b\u00f6y\u00fck sosial probleml\u0259rl\u0259 \u00fczl\u0259\u015fmi\u015fdil\u0259r. \u0130nflyasiya min faizd\u0259n \u00e7ox idi. Eyni zamanda, \u00f6lk\u0259d\u0259 v\u0259t\u0259nda\u015f m\u00fcharib\u0259si gedirdi. Ona g\u00f6r\u0259 d\u0259 vaxtil\u0259 \u00f6lk\u0259ni biab\u0131r\u00e7\u0131 v\u0259ziyy\u0259t\u0259 salan q\u00fcvv\u0259l\u0259rin bu g\u00fcn hans\u0131sa fikir y\u00fcr\u00fctm\u0259y\u0259 m\u0259n\u0259vi haqq\u0131 \u00e7atm\u0131r&#8221;.<\/p>\n<p>A.Mirz\u0259zad\u0259 deyib ki, 1993-c\u00fc ild\u0259 sonra Az\u0259rbaycan\u0131n inki\u015faf\u0131 \u00fc\u00e7\u00fcn \u00e7ox b\u00f6y\u00fck i\u015fl\u0259r g\u00f6r\u00fcld\u00fc. Bunun da n\u0259tic\u0259si g\u00f6z qaba\u011f\u0131ndad\u0131r:<\/p>\n<p>&#8220;Bu g\u00fcn Prezident \u0130lham \u018fliyevin daxili v\u0259 xarici siyas\u0259ti Az\u0259rbaycan\u0131n maraqlar\u0131m\u0131z\u0131 beyn\u0259lxalq al\u0259md\u0259 g\u00fccl\u0259ndirir. \u0130\u015f\u011fal alt\u0131nda olan torpaqlar\u0131m\u0131z\u0131n azad olunmas\u0131 \u00fc\u00e7\u00fcn \u00e7ox m\u00fch\u00fcm i\u015fl\u0259r g\u00f6r\u00fcl\u00fcr. G\u00fccl\u00fc ordu, g\u00fccl\u00fc iqtisadiyyat yarad\u0131l\u0131b, d\u00f6vl\u0259tin bu m\u0259s\u0259l\u0259d\u0259 m\u00f6vqeyi birm\u0259nal\u0131d\u0131r. Ordumuzun maddi-texniki t\u0259minat\u0131 \u00fc\u00e7\u00fcn \u00e7ox b\u00f6y\u00fck i\u015fl\u0259r g\u00f6r\u00fcl\u00fcb, h\u0259rbi qulluq\u00e7ular\u0131n sosial probleml\u0259rinin h\u0259lli d\u00f6vl\u0259tin diqq\u0259tind\u0259dir. Bu g\u00fcn orduda d\u00f6y\u00fc\u015f \u0259hval-ruhiyy\u0259si kifay\u0259t q\u0259d\u0259r y\u00fcks\u0259kdir. Aprel d\u00f6y\u00fc\u015fl\u0259ri, Nax\u00e7\u0131xanda y\u00fcks\u0259kliyin geri al\u0131nmas\u0131, \u00f6t\u0259n ilin may ay\u0131nda Qazax rayonunda bir \u00e7ox y\u00fcks\u0259klikl\u0259rin n\u0259zar\u0259t\u0259 g\u00f6t\u00fcr\u00fclm\u0259si v\u0259 sair nailiyy\u0259tl\u0259r buna \u0259yani s\u00fcbutdur&#8221;.<\/p>\n<p>A.Mir\u0259zad\u0259 \u0259lav\u0259 edib ki, radikal m\u00fcxalif\u0259t xarici dair\u0259l\u0259rd\u0259n tap\u015f\u0131r\u0131q alaraq bu nailiyy\u0259tl\u0259r\u0259 k\u00f6lg\u0259 salma\u011fa \u00e7al\u0131\u015f\u0131r. Bu is\u0259 onlar\u0131n \u0259sl mahiyy\u0259tini g\u00f6st\u0259rir:<\/p>\n<p>&#8220;H\u0259min bu adamlar bu g\u00fcn m\u00fcxalif\u0259t\u00e7iliyi inhisara g\u00f6t\u00fcr\u00fcbl\u0259r. \u00c7\u00fcnki bunlar xaricd\u0259n idar\u0259 olunur. C\u0259miyy\u0259td\u0259 is\u0259 onlar\u0131n he\u00e7 bir h\u00f6rm\u0259ti yoxdur. Xalq art\u0131q onlara d\u0259st\u0259k vermir. \u00c7\u00fcnki xalq da art\u0131q onlar\u0131n Az\u0259rbaycan\u0131n inki\u015faf\u0131na k\u00f6lg\u0259 salmaq ist\u0259diyini g\u00f6r\u00fcr&#8221;.<\/p>\n","protected":false},"excerpt":{"rendered":"<p>&#8220;Radikal m\u00fcxalif\u0259t Az\u0259rbaycan\u0131n u\u011furlar\u0131 v\u0259 y\u00fcks\u0259k nailiyy\u0259tl\u0259rin\u0259 k\u00f6lg\u0259 salma\u011f\u0131 qar\u015f\u0131s\u0131na m\u0259qs\u0259d qoyub&#8221;. ARANTV.AZ x\u0259b\u0259r verir ki, bunu\u00a0Trend-\u0259 a\u00e7\u0131qlamas\u0131nda mill\u0259t v\u0259kili Ayd\u0131n Mirz\u0259zad\u0259 deyib. Onun s\u00f6zl\u0259rin\u0259 g\u00f6r\u0259, Az\u0259rbaycan\u0131n u\u011furlar\u0131 radikal m\u00fcxalif\u0259t\u0259 s\u0259rf etmir. Onlar \u00fc\u00e7\u00fcn Az\u0259rbaycan\u0131n nailiyy\u0259tl\u0259rini qaralamaq \u0259sas motivl\u0259rd\u0259ndir: &#8220;Radikal m\u00fcxalif\u0259tin hakimiyy\u0259td\u0259 oldu\u011fu d\u00f6vrd\u0259 Az\u0259rbaycan b\u00f6y\u00fck probleml\u0259r m\u0259ng\u0259n\u0259sind\u0259 idi. Onlar\u0131n b\u0259d \u0259m\u0259ll\u0259ri xalq\u0131m\u0131z\u0131n yadda\u015f\u0131ndan silinm\u0259yib. AXC-M\u00fcsavat c\u00fctl\u00fcy\u00fcn\u00fcn hakimiyy\u0259ti bizim \u00fc\u00e7\u00fcn bir biab\u0131r\u00e7\u0131l\u0131q d\u00f6vr\u00fc idi. Onlar\u0131n \u0259sas m\u0259qs\u0259di varlanmaq, talamaq, o\u011furlamaq, satmaq idi. O d\u00f6vrd\u0259 Az\u0259rbaycan v\u0259t\u0259nda\u015flar\u0131 b\u00f6y\u00fck sosial probleml\u0259rl\u0259 \u00fczl\u0259\u015fmi\u015fdil\u0259r. \u0130nflyasiya min faizd\u0259n \u00e7ox idi. Eyni zamanda, \u00f6lk\u0259d\u0259 v\u0259t\u0259nda\u015f m\u00fcharib\u0259si&hellip;<\/p>\n","protected":false},"author":2,"featured_media":117189,"comment_status":"closed","ping_status":"closed","sticky":false,"template":"","format":"standard","meta":{"om_disable_all_campaigns":false,"_monsterinsights_skip_tracking":false,"_monsterinsights_sitenote_active":false,"_monsterinsights_sitenote_note":"","_monsterinsights_sitenote_category":0},"categories":[4],"tags":[],"aioseo_notices":[],"gutentor_comment":0,"rttpg_featured_image_url":{"full":["https:\/\/arantv.az\/wp-content\/uploads\/2020\/01\/817033.jpg",800,600,false],"landscape":["https:\/\/arantv.az\/wp-content\/uploads\/2020\/01\/817033.jpg",800,600,false],"portraits":["https:\/\/arantv.az\/wp-content\/uploads\/2020\/01\/817033.jpg",800,600,false],"thumbnail":["https:\/\/arantv.az\/wp-content\/uploads\/2020\/01\/817033-150x150.jpg",150,150,true],"medium":["https:\/\/arantv.az\/wp-content\/uploads\/2020\/01\/817033-300x225.jpg",300,225,true],"large":["https:\/\/arantv.az\/wp-content\/uploads\/2020\/01\/817033.jpg",640,480,false],"1536x1536":["https:\/\/arantv.az\/wp-content\/uploads\/2020\/01\/817033.jpg",800,600,false],"2048x2048":["https:\/\/arantv.az\/wp-content\/uploads\/2020\/01\/817033.jpg",800,600,false],"post-thumbnail":["https:\/\/arantv.az\/wp-content\/uploads\/2020\/01\/817033-240x172.jpg",240,172,true],"advps-thumb-one":["https:\/\/arantv.az\/wp-content\/uploads\/2020\/01\/817033.jpg",800,600,false]},"rttpg_author":{"display_name":"V\u00fcsal Rafiqo\u011flu","author_link":"https:\/\/arantv.az\/?author=2"},"rttpg_comment":0,"rttpg_category":"<a href=\"https:\/\/arantv.az\/?cat=4\" rel=\"category\">Siyas\u0259t<\/a>","rttpg_excerpt":"&#8220;Radikal m\u00fcxalif\u0259t Az\u0259rbaycan\u0131n u\u011furlar\u0131 v\u0259 y\u00fcks\u0259k nailiyy\u0259tl\u0259rin\u0259 k\u00f6lg\u0259 salma\u011f\u0131 qar\u015f\u0131s\u0131na m\u0259qs\u0259d qoyub&#8221;. ARANTV.AZ x\u0259b\u0259r verir ki, bunu\u00a0Trend-\u0259 a\u00e7\u0131qlamas\u0131nda mill\u0259t v\u0259kili Ayd\u0131n Mirz\u0259zad\u0259 deyib. Onun s\u00f6zl\u0259rin\u0259 g\u00f6r\u0259, Az\u0259rbaycan\u0131n u\u011furlar\u0131 radikal m\u00fcxalif\u0259t\u0259 s\u0259rf etmir. Onlar \u00fc\u00e7\u00fcn Az\u0259rbaycan\u0131n nailiyy\u0259tl\u0259rini qaralamaq \u0259sas motivl\u0259rd\u0259ndir: &#8220;Radikal m\u00fcxalif\u0259tin hakimiyy\u0259td\u0259 oldu\u011fu d\u00f6vrd\u0259 Az\u0259rbaycan b\u00f6y\u00fck probleml\u0259r m\u0259ng\u0259n\u0259sind\u0259 idi. Onlar\u0131n b\u0259d \u0259m\u0259ll\u0259ri xalq\u0131m\u0131z\u0131n yadda\u015f\u0131ndan silinm\u0259yib.&hellip;","_links":{"self":[{"href":"https:\/\/arantv.az\/index.php?rest_route=\/wp\/v2\/posts\/117188"}],"collection":[{"href":"https:\/\/arantv.az\/index.php?rest_route=\/wp\/v2\/posts"}],"about":[{"href":"https:\/\/arantv.az\/index.php?rest_route=\/wp\/v2\/types\/post"}],"author":[{"embeddable":true,"href":"https:\/\/arantv.az\/index.php?rest_route=\/wp\/v2\/users\/2"}],"replies":[{"embeddable":true,"href":"https:\/\/arantv.az\/index.php?rest_route=%2Fwp%2Fv2%2Fcomments&post=117188"}],"version-history":[{"count":0,"href":"https:\/\/arantv.az\/index.php?rest_route=\/wp\/v2\/posts\/117188\/revisions"}],"wp:featuredmedia":[{"embeddable":true,"href":"https:\/\/arantv.az\/index.php?rest_route=\/wp\/v2\/media\/117189"}],"wp:attachment":[{"href":"https:\/\/arantv.az\/index.php?rest_route=%2Fwp%2Fv2%2Fmedia&parent=117188"}],"wp:term":[{"taxonomy":"category","embeddable":true,"href":"https:\/\/arantv.az\/index.php?rest_route=%2Fwp%2Fv2%2Fcategories&post=117188"},{"taxonomy":"post_tag","embeddable":true,"href":"https:\/\/arantv.az\/index.php?rest_route=%2Fwp%2Fv2%2Ftags&post=117188"}],"curies":[{"name":"wp","href":"https:\/\/api.w.org\/{rel}","templated":true}]}}