{"id":117192,"date":"2020-01-11T11:22:20","date_gmt":"2020-01-11T08:22:20","guid":{"rendered":"http:\/\/arantv.az\/?p=117192"},"modified":"2020-01-11T11:22:20","modified_gmt":"2020-01-11T08:22:20","slug":"yasamalda-manyak-peyda-olub-heyvanlari-oldurur-sonra-yandirir-video","status":"publish","type":"post","link":"https:\/\/arantv.az\/?p=117192","title":{"rendered":"Yasamalda &#8220;manyak&#8221; peyda olub: Heyvanlar\u0131 \u00f6ld\u00fcr\u00fcr, sonra yand\u0131r\u0131r &#8211; V\u0130DEO"},"content":{"rendered":"<p>Bak\u0131n\u0131n Yasamal rayonu \u0259razisind\u0259 manyak peyda olub.<\/p>\n<p>Bu haqda AZXEBER.COM-a sakinl\u0259r m\u0259lumat verib.<\/p>\n<p>Sakinl\u0259r deyir ki, \u0259qli problemi olan Muxtar adl\u0131 \u015f\u0259xs heyvanlar\u0131 yand\u0131r\u0131b, zibilliy\u0259 at\u0131r.<\/p>\n<div id=\"AdviadNativeVideo0\" class=\"AdviadNativeVideo\"><\/div>\n<p>Onlar m\u00fcvafiq orqanlardan xahi\u015f edirl\u0259r ki, Muxtar\u0131 ruhi dispanser\u0259 apars\u0131nlar. Bu g\u00fcn heyvanlar\u0131 yand\u0131randan sabah ba\u015fqa faci\u0259l\u0259r d\u0259 g\u00f6zl\u0259m\u0259k olar.<\/p>\n<p>Qeyd ed\u0259k ki, \u0259qli c\u0259h\u0259td\u0259n q\u00fcsurlu olan Muxtar it v\u0259 pi\u015fikl\u0259ri \u00f6ld\u00fcr\u00fcr.<\/p>\n<p>Bununla ba\u011fl\u0131 videonu t\u0259qdim edirik:<\/p>\n<div class=\"embed-responsive embed-responsive-16by9\"><iframe loading=\"lazy\" id=\"nmqembedid\" class=\"embed-responsive-item\" title=\"video player\" src=\"https:\/\/izle.az\/embed\/qyyxzfcM8woIDcmJT3IFAA~~\" width=\"600\" height=\"340\" frameborder=\"0\" scrolling=\"no\" allowfullscreen=\"allowfullscreen\" data-mce-fragment=\"1\"><\/iframe><\/div>\n<p>&nbsp;<\/p>\n","protected":false},"excerpt":{"rendered":"<p>Bak\u0131n\u0131n Yasamal rayonu \u0259razisind\u0259 manyak peyda olub. Bu haqda AZXEBER.COM-a sakinl\u0259r m\u0259lumat verib. Sakinl\u0259r deyir ki, \u0259qli problemi olan Muxtar adl\u0131 \u015f\u0259xs heyvanlar\u0131 yand\u0131r\u0131b, zibilliy\u0259 at\u0131r. Onlar m\u00fcvafiq orqanlardan xahi\u015f edirl\u0259r ki, Muxtar\u0131 ruhi dispanser\u0259 apars\u0131nlar. Bu g\u00fcn heyvanlar\u0131 yand\u0131randan sabah ba\u015fqa faci\u0259l\u0259r d\u0259 g\u00f6zl\u0259m\u0259k olar. Qeyd ed\u0259k ki, \u0259qli c\u0259h\u0259td\u0259n q\u00fcsurlu olan Muxtar it v\u0259 pi\u015fikl\u0259ri \u00f6ld\u00fcr\u00fcr. Bununla ba\u011fl\u0131 videonu t\u0259qdim edirik: &nbsp;<\/p>\n","protected":false},"author":2,"featured_media":117193,"comment_status":"closed","ping_status":"closed","sticky":false,"template":"","format":"standard","meta":{"om_disable_all_campaigns":false,"_monsterinsights_skip_tracking":false,"_monsterinsights_sitenote_active":false,"_monsterinsights_sitenote_note":"","_monsterinsights_sitenote_category":0},"categories":[1],"tags":[],"aioseo_notices":[],"gutentor_comment":0,"rttpg_featured_image_url":{"full":["https:\/\/arantv.az\/wp-content\/uploads\/2020\/01\/1578729616_received_3522562981119686.jpe.jpg",533,649,false],"landscape":["https:\/\/arantv.az\/wp-content\/uploads\/2020\/01\/1578729616_received_3522562981119686.jpe.jpg",533,649,false],"portraits":["https:\/\/arantv.az\/wp-content\/uploads\/2020\/01\/1578729616_received_3522562981119686.jpe.jpg",533,649,false],"thumbnail":["https:\/\/arantv.az\/wp-content\/uploads\/2020\/01\/1578729616_received_3522562981119686.jpe-150x150.jpg",150,150,true],"medium":["https:\/\/arantv.az\/wp-content\/uploads\/2020\/01\/1578729616_received_3522562981119686.jpe-246x300.jpg",246,300,true],"large":["https:\/\/arantv.az\/wp-content\/uploads\/2020\/01\/1578729616_received_3522562981119686.jpe.jpg",533,649,false],"1536x1536":["https:\/\/arantv.az\/wp-content\/uploads\/2020\/01\/1578729616_received_3522562981119686.jpe.jpg",533,649,false],"2048x2048":["https:\/\/arantv.az\/wp-content\/uploads\/2020\/01\/1578729616_received_3522562981119686.jpe.jpg",533,649,false],"post-thumbnail":["https:\/\/arantv.az\/wp-content\/uploads\/2020\/01\/1578729616_received_3522562981119686.jpe-240x172.jpg",240,172,true],"advps-thumb-one":["https:\/\/arantv.az\/wp-content\/uploads\/2020\/01\/1578729616_received_3522562981119686.jpe-533x620.jpg",533,620,true]},"rttpg_author":{"display_name":"V\u00fcsal Rafiqo\u011flu","author_link":"https:\/\/arantv.az\/?author=2"},"rttpg_comment":0,"rttpg_category":"<a href=\"https:\/\/arantv.az\/?cat=1\" rel=\"category\">C\u0259miyy\u0259t<\/a>","rttpg_excerpt":"Bak\u0131n\u0131n Yasamal rayonu \u0259razisind\u0259 manyak peyda olub. Bu haqda AZXEBER.COM-a sakinl\u0259r m\u0259lumat verib. Sakinl\u0259r deyir ki, \u0259qli problemi olan Muxtar adl\u0131 \u015f\u0259xs heyvanlar\u0131 yand\u0131r\u0131b, zibilliy\u0259 at\u0131r. Onlar m\u00fcvafiq orqanlardan xahi\u015f edirl\u0259r ki, Muxtar\u0131 ruhi dispanser\u0259 apars\u0131nlar. Bu g\u00fcn heyvanlar\u0131 yand\u0131randan sabah ba\u015fqa faci\u0259l\u0259r d\u0259 g\u00f6zl\u0259m\u0259k olar. Qeyd ed\u0259k ki, \u0259qli c\u0259h\u0259td\u0259n q\u00fcsurlu olan Muxtar it&hellip;","_links":{"self":[{"href":"https:\/\/arantv.az\/index.php?rest_route=\/wp\/v2\/posts\/117192"}],"collection":[{"href":"https:\/\/arantv.az\/index.php?rest_route=\/wp\/v2\/posts"}],"about":[{"href":"https:\/\/arantv.az\/index.php?rest_route=\/wp\/v2\/types\/post"}],"author":[{"embeddable":true,"href":"https:\/\/arantv.az\/index.php?rest_route=\/wp\/v2\/users\/2"}],"replies":[{"embeddable":true,"href":"https:\/\/arantv.az\/index.php?rest_route=%2Fwp%2Fv2%2Fcomments&post=117192"}],"version-history":[{"count":0,"href":"https:\/\/arantv.az\/index.php?rest_route=\/wp\/v2\/posts\/117192\/revisions"}],"wp:featuredmedia":[{"embeddable":true,"href":"https:\/\/arantv.az\/index.php?rest_route=\/wp\/v2\/media\/117193"}],"wp:attachment":[{"href":"https:\/\/arantv.az\/index.php?rest_route=%2Fwp%2Fv2%2Fmedia&parent=117192"}],"wp:term":[{"taxonomy":"category","embeddable":true,"href":"https:\/\/arantv.az\/index.php?rest_route=%2Fwp%2Fv2%2Fcategories&post=117192"},{"taxonomy":"post_tag","embeddable":true,"href":"https:\/\/arantv.az\/index.php?rest_route=%2Fwp%2Fv2%2Ftags&post=117192"}],"curies":[{"name":"wp","href":"https:\/\/api.w.org\/{rel}","templated":true}]}}