{"id":117196,"date":"2020-01-11T11:23:08","date_gmt":"2020-01-11T08:23:08","guid":{"rendered":"http:\/\/arantv.az\/?p=117196"},"modified":"2020-01-11T11:23:08","modified_gmt":"2020-01-11T08:23:08","slug":"zelenski-iranin-etirafina-munasib%c9%99t-bildirib","status":"publish","type":"post","link":"https:\/\/arantv.az\/?p=117196","title":{"rendered":"Zelenski \u0130ran\u0131n etiraf\u0131na m\u00fcnasib\u0259t bildirib"},"content":{"rendered":"<p>Ukrayna \u0130randan t\u0259qsirini tam etiraf edib r\u0259smi \u00fczr ist\u0259m\u0259sini, t\u0259zminat \u00f6d\u0259m\u0259sini, h\u0259m\u00e7inin Ukrayna t\u0259yyar\u0259sinin vurulmas\u0131nda g\u00fcnahkar olanlar\u0131n m\u0259suliyy\u0259t\u0259 c\u0259lb olunmas\u0131n\u0131 g\u00f6zl\u0259yir.<\/p>\n<p><b>ARANTV.AZ<\/b>-\u0131n RT-y\u0259 istinad\u0259n verdiyi x\u0259b\u0259r\u0259 g\u00f6r\u0259, bu s\u00f6zl\u0259ri Ukrayna Prezidenti Vladimir Zelenski \u00f6z &#8220;Facebook&#8221; s\u0259hif\u0259sind\u0259 yaz\u0131b:<\/p>\n<p>\u201cBiz g\u00fcnah\u0131n tam etiraf olunmas\u0131n\u0131 t\u0259l\u0259b edirik. \u0130randan tam v\u0259 a\u00e7\u0131q ara\u015fd\u0131rmaya, g\u00fcnahkarlar\u0131n m\u0259suliyy\u0259t\u0259 c\u0259lb olunmas\u0131na, \u00f6l\u0259nl\u0259rin c\u0259s\u0259dl\u0259rinin geri qaytar\u0131lmas\u0131na, kompensasiyalar\u0131n \u00f6d\u0259nilm\u0259sin\u0259, diplomatik kanallar vasit\u0259si il\u0259 r\u0259smi \u00fczr ist\u0259m\u0259sin\u0259 haz\u0131r olaca\u011f\u0131n\u0131 g\u00f6zl\u0259yirik &#8220;.<\/p>\n<div id=\"AdviadNativeVideo0\" class=\"AdviadNativeVideo\"><\/div>\n<p>Zelenski istintaq\u0131n s\u00fcni gecikm\u0259 olmadan apar\u0131laca\u011f\u0131na \u00fcmid etdiyini bildirib.<\/p>\n<p>&#8220;45 n\u0259f\u0259r m\u00fct\u0259x\u0259ssisimiz \u0259dal\u0259ti b\u0259rq\u0259rar etm\u0259k \u00fc\u00e7\u00fcn tam giri\u015f\u0259 malik olmal\u0131 v\u0259 onlarla \u0259m\u0259kda\u015fl\u0131q edilm\u0259lidir&#8221;, dey\u0259 o vur\u011fulay\u0131b.<\/p>\n<p>Xat\u0131rladaq ki, daha \u00f6nc\u0259 \u0130ran Silahl\u0131 Q\u00fcvv\u04d9l\u04d9rinin Ba\u015f Q\u04d9rargah\u0131n\u0131n b\u04d9yanat\u0131nda \u0130ran\u0131n Tehran vilay\u04d9tinin Parand \u015f\u04d9h\u04d9ri yax\u0131nl\u0131\u011f\u0131nda yanvar\u0131n 8-d\u0259 q\u04d9zaya u\u011frayan Ukraynaya m\u04d9xsus t\u04d9yyar\u04d9 s\u04d9hv\u04d9n vuruldu\u011fu bildirilib.<\/p>\n","protected":false},"excerpt":{"rendered":"<p>Ukrayna \u0130randan t\u0259qsirini tam etiraf edib r\u0259smi \u00fczr ist\u0259m\u0259sini, t\u0259zminat \u00f6d\u0259m\u0259sini, h\u0259m\u00e7inin Ukrayna t\u0259yyar\u0259sinin vurulmas\u0131nda g\u00fcnahkar olanlar\u0131n m\u0259suliyy\u0259t\u0259 c\u0259lb olunmas\u0131n\u0131 g\u00f6zl\u0259yir. ARANTV.AZ-\u0131n RT-y\u0259 istinad\u0259n verdiyi x\u0259b\u0259r\u0259 g\u00f6r\u0259, bu s\u00f6zl\u0259ri Ukrayna Prezidenti Vladimir Zelenski \u00f6z &#8220;Facebook&#8221; s\u0259hif\u0259sind\u0259 yaz\u0131b: \u201cBiz g\u00fcnah\u0131n tam etiraf olunmas\u0131n\u0131 t\u0259l\u0259b edirik. \u0130randan tam v\u0259 a\u00e7\u0131q ara\u015fd\u0131rmaya, g\u00fcnahkarlar\u0131n m\u0259suliyy\u0259t\u0259 c\u0259lb olunmas\u0131na, \u00f6l\u0259nl\u0259rin c\u0259s\u0259dl\u0259rinin geri qaytar\u0131lmas\u0131na, kompensasiyalar\u0131n \u00f6d\u0259nilm\u0259sin\u0259, diplomatik kanallar vasit\u0259si il\u0259 r\u0259smi \u00fczr ist\u0259m\u0259sin\u0259 haz\u0131r olaca\u011f\u0131n\u0131 g\u00f6zl\u0259yirik &#8220;. Zelenski istintaq\u0131n s\u00fcni gecikm\u0259 olmadan apar\u0131laca\u011f\u0131na \u00fcmid etdiyini bildirib. &#8220;45 n\u0259f\u0259r m\u00fct\u0259x\u0259ssisimiz \u0259dal\u0259ti b\u0259rq\u0259rar etm\u0259k \u00fc\u00e7\u00fcn tam giri\u015f\u0259 malik olmal\u0131&hellip;<\/p>\n","protected":false},"author":2,"featured_media":117197,"comment_status":"closed","ping_status":"closed","sticky":false,"template":"","format":"standard","meta":{"om_disable_all_campaigns":false,"_monsterinsights_skip_tracking":false,"_monsterinsights_sitenote_active":false,"_monsterinsights_sitenote_note":"","_monsterinsights_sitenote_category":0},"categories":[7],"tags":[],"aioseo_notices":[],"gutentor_comment":0,"rttpg_featured_image_url":{"full":["https:\/\/arantv.az\/wp-content\/uploads\/2020\/01\/3_71578730492.jpg",640,382,false],"landscape":["https:\/\/arantv.az\/wp-content\/uploads\/2020\/01\/3_71578730492.jpg",640,382,false],"portraits":["https:\/\/arantv.az\/wp-content\/uploads\/2020\/01\/3_71578730492.jpg",640,382,false],"thumbnail":["https:\/\/arantv.az\/wp-content\/uploads\/2020\/01\/3_71578730492-150x150.jpg",150,150,true],"medium":["https:\/\/arantv.az\/wp-content\/uploads\/2020\/01\/3_71578730492-300x179.jpg",300,179,true],"large":["https:\/\/arantv.az\/wp-content\/uploads\/2020\/01\/3_71578730492.jpg",640,382,false],"1536x1536":["https:\/\/arantv.az\/wp-content\/uploads\/2020\/01\/3_71578730492.jpg",640,382,false],"2048x2048":["https:\/\/arantv.az\/wp-content\/uploads\/2020\/01\/3_71578730492.jpg",640,382,false],"post-thumbnail":["https:\/\/arantv.az\/wp-content\/uploads\/2020\/01\/3_71578730492-240x172.jpg",240,172,true],"advps-thumb-one":["https:\/\/arantv.az\/wp-content\/uploads\/2020\/01\/3_71578730492.jpg",640,382,false]},"rttpg_author":{"display_name":"V\u00fcsal Rafiqo\u011flu","author_link":"https:\/\/arantv.az\/?author=2"},"rttpg_comment":0,"rttpg_category":"<a href=\"https:\/\/arantv.az\/?cat=7\" rel=\"category\">D\u00fcnya<\/a>","rttpg_excerpt":"Ukrayna \u0130randan t\u0259qsirini tam etiraf edib r\u0259smi \u00fczr ist\u0259m\u0259sini, t\u0259zminat \u00f6d\u0259m\u0259sini, h\u0259m\u00e7inin Ukrayna t\u0259yyar\u0259sinin vurulmas\u0131nda g\u00fcnahkar olanlar\u0131n m\u0259suliyy\u0259t\u0259 c\u0259lb olunmas\u0131n\u0131 g\u00f6zl\u0259yir. ARANTV.AZ-\u0131n RT-y\u0259 istinad\u0259n verdiyi x\u0259b\u0259r\u0259 g\u00f6r\u0259, bu s\u00f6zl\u0259ri Ukrayna Prezidenti Vladimir Zelenski \u00f6z &#8220;Facebook&#8221; s\u0259hif\u0259sind\u0259 yaz\u0131b: \u201cBiz g\u00fcnah\u0131n tam etiraf olunmas\u0131n\u0131 t\u0259l\u0259b edirik. \u0130randan tam v\u0259 a\u00e7\u0131q ara\u015fd\u0131rmaya, g\u00fcnahkarlar\u0131n m\u0259suliyy\u0259t\u0259 c\u0259lb olunmas\u0131na, \u00f6l\u0259nl\u0259rin c\u0259s\u0259dl\u0259rinin&hellip;","_links":{"self":[{"href":"https:\/\/arantv.az\/index.php?rest_route=\/wp\/v2\/posts\/117196"}],"collection":[{"href":"https:\/\/arantv.az\/index.php?rest_route=\/wp\/v2\/posts"}],"about":[{"href":"https:\/\/arantv.az\/index.php?rest_route=\/wp\/v2\/types\/post"}],"author":[{"embeddable":true,"href":"https:\/\/arantv.az\/index.php?rest_route=\/wp\/v2\/users\/2"}],"replies":[{"embeddable":true,"href":"https:\/\/arantv.az\/index.php?rest_route=%2Fwp%2Fv2%2Fcomments&post=117196"}],"version-history":[{"count":0,"href":"https:\/\/arantv.az\/index.php?rest_route=\/wp\/v2\/posts\/117196\/revisions"}],"wp:featuredmedia":[{"embeddable":true,"href":"https:\/\/arantv.az\/index.php?rest_route=\/wp\/v2\/media\/117197"}],"wp:attachment":[{"href":"https:\/\/arantv.az\/index.php?rest_route=%2Fwp%2Fv2%2Fmedia&parent=117196"}],"wp:term":[{"taxonomy":"category","embeddable":true,"href":"https:\/\/arantv.az\/index.php?rest_route=%2Fwp%2Fv2%2Fcategories&post=117196"},{"taxonomy":"post_tag","embeddable":true,"href":"https:\/\/arantv.az\/index.php?rest_route=%2Fwp%2Fv2%2Ftags&post=117196"}],"curies":[{"name":"wp","href":"https:\/\/api.w.org\/{rel}","templated":true}]}}