{"id":117204,"date":"2020-01-11T11:31:56","date_gmt":"2020-01-11T08:31:56","guid":{"rendered":"http:\/\/arantv.az\/?p=117204"},"modified":"2020-01-11T11:31:56","modified_gmt":"2020-01-11T08:31:56","slug":"n%c9%99rminin-meyitinin-o-formada-ortaya-cixmasinda-m%c9%99lum-verilisin-rolu-var-r%c9%99smi","status":"publish","type":"post","link":"https:\/\/arantv.az\/?p=117204","title":{"rendered":"N\u0259rminin meyitinin o formada ortaya \u00e7\u0131xmas\u0131nda m\u0259lum verili\u015fin rolu var &#8211; R\u018fSM\u0130"},"content":{"rendered":"<p>Bu il yanvar\u0131n 1-d\u0259n \u201cU\u015faqlar\u0131n z\u0259r\u0259rli informasiyadan qorunmas\u0131 haqq\u0131nda\u201d qanun q\u00fcvv\u0259y\u0259 minib.<\/p>\n<p>Ail\u0259, Qad\u0131n v\u0259 U\u015faq Probleml\u0259ri \u00fczr\u0259 D\u00f6vl\u0259t Komit\u0259sinin \u015f\u00f6b\u0259 m\u00fcdiri Elg\u00fcn S\u0259f\u0259rov AYNA-ya u\u015faq h\u00fcquqlar\u0131n\u0131n qorunmas\u0131na s\u00f6yk\u0259n\u0259n qanunun t\u0259nziml\u0259nm\u0259sind\u0259n dan\u0131\u015f\u0131b.<\/p>\n<p>Onun s\u00f6zl\u0259rin\u0259 g\u00f6r\u0259, h\u0259min qanunun mexanizml\u0259ri haz\u0131rlan\u0131b:<\/p>\n<div id=\"AdviadNativeVideo0\" class=\"AdviadNativeVideo\"><\/div>\n<p>\u201cQanunda normalar qeyd olunsa da, t\u0259nziml\u0259nm\u0259 yox idi. Nazirl\u0259r Kabinetinin q\u0259rar\u0131 v\u0259 t\u0259sdiqini g\u00f6zl\u0259yirik. Bir ne\u00e7\u0259 qurumla yana\u015f\u0131, biz d\u0259 \u00f6z s\u0259n\u0259dl\u0259rimizi t\u0259qdim etmi\u015fik. Fevral ay\u0131ndan biz \u00f6z t\u0259liml\u0259rimiz\u0259 start veririk, r\u0259smi t\u0259limatlar\u0131 \u0259ld\u0259 etdikd\u0259n sonra is\u0259 konkret i\u015fl\u0259r\u0259 ba\u015flayaca\u011f\u0131q. B\u0259li, telekanallardak\u0131 verili\u015fl\u0259r\u0259 qanundan \u00e7\u0131x\u0131\u015f ed\u0259r\u0259k t\u0259l\u0259bl\u0259r qoya bil\u0259rik, h\u0259tta onlar\u0131n bird\u0259f\u0259lik y\u0131\u011f\u0131\u015fd\u0131r\u0131lmas\u0131 m\u0259s\u0259l\u0259si d\u0259 g\u00fcnd\u0259m\u0259 g\u0259lm\u0259lidir\u201d.<\/p>\n<p>Komit\u0259 r\u0259smisi \u0259lav\u0259 edib ki, d\u0259f\u0259l\u0259rl\u0259 r\u0259smi qurumun t\u0259kidi il\u0259 daha \u00e7ox tama\u015fa\u00e7\u0131n\u0131n z\u0259r\u0259rin\u0259 i\u015fl\u0259y\u0259n verili\u015fl\u0259rin ba\u011flanmas\u0131na nail olunub:<\/p>\n<p>\u201cT\u0259\u0259ss\u00fcf ki, h\u0259min verili\u015fl\u0259r yeni adla ba\u015fqa kanalda yay\u0131mlanmaqda davam edir. B\u0259zi m\u0259s\u0259l\u0259l\u0259r var ki, bizim s\u0259lahiyy\u0259tl\u0259rimiz daxilind\u0259 deyil. Ona g\u00f6r\u0259 qeyd olunan qanunla ba\u011fl\u0131 t\u0259limatlar t\u0259sdiqini tapd\u0131qdan sonra baryer ortadan qalxacaq v\u0259 biz daha ciddi \u015f\u0259kild\u0259 t\u0259l\u0259bl\u0259r qoya bil\u0259c\u0259yik\u201d.<\/p>\n<p>E.S\u0259f\u0259rov Tovuzda ba\u015f ver\u0259n N\u0259rmin Quliyeva cinay\u0259tin\u0259 d\u0259 toxunub:<\/p>\n<p>\u201cEl\u0259 itmi\u015f u\u015fa\u011f\u0131n meyitinin d\u0259h\u015f\u0259tli formada ortaya \u00e7\u0131xmas\u0131nda m\u0259lum televerili\u015fin rolu var. Bu verili\u015f \u0259m\u0259liyyat-axtar\u0131\u015f prosesin\u0259 mane olub, m\u0259hz o verili\u015fd\u0259n sonra meyitin tap\u0131lmas\u0131 h\u0259r k\u0259sd\u0259 t\u0259\u0259ss\u00fcf do\u011furdu. H\u0259tta burada inzibati qaydada m\u0259suliyy\u0259t d\u0259 yarana bil\u0259r.<\/p>\n<p>Vur\u011fulay\u0131m ki, tezlikl\u0259 u\u015faq h\u00fcquqlar\u0131n\u0131 pozan, zorak\u0131l\u0131qla ba\u011fl\u0131 olan televerili\u015fl\u0259rin, h\u0259r hans\u0131 informasiya xarakterli m\u0259hsullarla ba\u011fl\u0131 proses\u0259 ba\u015flanacaq, s\u0259b\u0259bkarlar\u0131n m\u0259suliyy\u0259t\u0259 c\u0259lb olunmas\u0131 \u00fc\u00e7\u00fcn ciddi t\u0259dbirl\u0259r g\u00f6r\u0259c\u0259yik\u201d.<\/p>\n<p>\u201cKomit\u0259 N\u0259rminin itm\u0259si il\u0259 ba\u011fl\u0131 x\u0259b\u0259rin ard\u0131ndan d\u0259rhal f\u0259aliyy\u0259t\u0259 ba\u015flay\u0131b. N\u0259rmin noyabr\u0131n 21-d\u0259 yoxa \u00e7\u0131xd\u0131, s\u0259h\u0259ri Tovuz rayonunda monitorinq komissiyam\u0131z i\u015fl\u0259m\u0259y\u0259 ba\u015flad\u0131, amma biz ara\u015fd\u0131rma bitm\u0259mi\u015f \u00f6z i\u015fimizi g\u00f6r\u0259 bilmirik.<\/p>\n<p>Qeyd etm\u0259liy\u0259m ki, h\u0259min ail\u0259d\u0259 haz\u0131rda ba\u015fqa u\u015faq da var, o u\u015fa\u011f\u0131n t\u0259hl\u00fck\u0259sizliyi v\u0259 psixoloji v\u0259ziyy\u0259ti \u00fc\u00e7\u00fcn bir m\u00fcdd\u0259t ail\u0259d\u0259n al\u0131nmas\u0131 m\u0259s\u0259l\u0259si d\u0259 g\u00fcnd\u0259md\u0259dir. T\u0259\u0259ss\u00fcf ki, ba\u015f ver\u0259n cinay\u0259t \u00e7oxunda suallar do\u011furur. Ortada m\u0259suliyy\u0259tsizlik, s\u0259hl\u0259nkarl\u0131q var\u201d, &#8211; dey\u0259 Komit\u0259 r\u0259smisi vur\u011fulay\u0131b.<\/p>\n<p>Xat\u0131rladaq ki, \u201cX\u0259z\u0259r\u201d TV-d\u0259 efir\u0259 ged\u0259n \u201cS\u0259ni axtar\u0131ram\u201d verili\u015find\u0259 N.Quliyeva il\u0259 ba\u011fl\u0131 bir s\u0131ra s\u00fcjetl\u0259r yay\u0131mlan\u0131b. H\u0259min verili\u015fl\u0259rd\u0259n birind\u0259 itkin q\u0131z\u0131n anas\u0131 \u201cHe\u00e7 olmasa, \u00f6vlad\u0131m\u0131n \u00f6l\u00fcs\u00fcn\u00fc verin\u201d m\u00fcraci\u0259tini edib. Daha sonra 10 ya\u015fl\u0131 q\u0131z\u0131n yand\u0131r\u0131lm\u0131\u015f meyiti a\u015fkarlan\u0131b.<\/p>\n","protected":false},"excerpt":{"rendered":"<p>Bu il yanvar\u0131n 1-d\u0259n \u201cU\u015faqlar\u0131n z\u0259r\u0259rli informasiyadan qorunmas\u0131 haqq\u0131nda\u201d qanun q\u00fcvv\u0259y\u0259 minib. Ail\u0259, Qad\u0131n v\u0259 U\u015faq Probleml\u0259ri \u00fczr\u0259 D\u00f6vl\u0259t Komit\u0259sinin \u015f\u00f6b\u0259 m\u00fcdiri Elg\u00fcn S\u0259f\u0259rov AYNA-ya u\u015faq h\u00fcquqlar\u0131n\u0131n qorunmas\u0131na s\u00f6yk\u0259n\u0259n qanunun t\u0259nziml\u0259nm\u0259sind\u0259n dan\u0131\u015f\u0131b. Onun s\u00f6zl\u0259rin\u0259 g\u00f6r\u0259, h\u0259min qanunun mexanizml\u0259ri haz\u0131rlan\u0131b: \u201cQanunda normalar qeyd olunsa da, t\u0259nziml\u0259nm\u0259 yox idi. Nazirl\u0259r Kabinetinin q\u0259rar\u0131 v\u0259 t\u0259sdiqini g\u00f6zl\u0259yirik. Bir ne\u00e7\u0259 qurumla yana\u015f\u0131, biz d\u0259 \u00f6z s\u0259n\u0259dl\u0259rimizi t\u0259qdim etmi\u015fik. Fevral ay\u0131ndan biz \u00f6z t\u0259liml\u0259rimiz\u0259 start veririk, r\u0259smi t\u0259limatlar\u0131 \u0259ld\u0259 etdikd\u0259n sonra is\u0259 konkret i\u015fl\u0259r\u0259 ba\u015flayaca\u011f\u0131q. B\u0259li, telekanallardak\u0131 verili\u015fl\u0259r\u0259 qanundan \u00e7\u0131x\u0131\u015f ed\u0259r\u0259k t\u0259l\u0259bl\u0259r qoya bil\u0259rik, h\u0259tta onlar\u0131n&hellip;<\/p>\n","protected":false},"author":2,"featured_media":117205,"comment_status":"closed","ping_status":"closed","sticky":false,"template":"","format":"standard","meta":{"om_disable_all_campaigns":false,"_monsterinsights_skip_tracking":false,"_monsterinsights_sitenote_active":false,"_monsterinsights_sitenote_note":"","_monsterinsights_sitenote_category":0},"categories":[1],"tags":[],"aioseo_notices":[],"gutentor_comment":0,"rttpg_featured_image_url":{"full":["https:\/\/arantv.az\/wp-content\/uploads\/2020\/01\/FotoJet__3_-removebg-preview-1.jpg",620,370,false],"landscape":["https:\/\/arantv.az\/wp-content\/uploads\/2020\/01\/FotoJet__3_-removebg-preview-1.jpg",620,370,false],"portraits":["https:\/\/arantv.az\/wp-content\/uploads\/2020\/01\/FotoJet__3_-removebg-preview-1.jpg",620,370,false],"thumbnail":["https:\/\/arantv.az\/wp-content\/uploads\/2020\/01\/FotoJet__3_-removebg-preview-1-150x150.jpg",150,150,true],"medium":["https:\/\/arantv.az\/wp-content\/uploads\/2020\/01\/FotoJet__3_-removebg-preview-1-300x179.jpg",300,179,true],"large":["https:\/\/arantv.az\/wp-content\/uploads\/2020\/01\/FotoJet__3_-removebg-preview-1.jpg",620,370,false],"1536x1536":["https:\/\/arantv.az\/wp-content\/uploads\/2020\/01\/FotoJet__3_-removebg-preview-1.jpg",620,370,false],"2048x2048":["https:\/\/arantv.az\/wp-content\/uploads\/2020\/01\/FotoJet__3_-removebg-preview-1.jpg",620,370,false],"post-thumbnail":["https:\/\/arantv.az\/wp-content\/uploads\/2020\/01\/FotoJet__3_-removebg-preview-1-240x172.jpg",240,172,true],"advps-thumb-one":["https:\/\/arantv.az\/wp-content\/uploads\/2020\/01\/FotoJet__3_-removebg-preview-1.jpg",620,370,false]},"rttpg_author":{"display_name":"V\u00fcsal Rafiqo\u011flu","author_link":"https:\/\/arantv.az\/?author=2"},"rttpg_comment":0,"rttpg_category":"<a href=\"https:\/\/arantv.az\/?cat=1\" rel=\"category\">C\u0259miyy\u0259t<\/a>","rttpg_excerpt":"Bu il yanvar\u0131n 1-d\u0259n \u201cU\u015faqlar\u0131n z\u0259r\u0259rli informasiyadan qorunmas\u0131 haqq\u0131nda\u201d qanun q\u00fcvv\u0259y\u0259 minib. Ail\u0259, Qad\u0131n v\u0259 U\u015faq Probleml\u0259ri \u00fczr\u0259 D\u00f6vl\u0259t Komit\u0259sinin \u015f\u00f6b\u0259 m\u00fcdiri Elg\u00fcn S\u0259f\u0259rov AYNA-ya u\u015faq h\u00fcquqlar\u0131n\u0131n qorunmas\u0131na s\u00f6yk\u0259n\u0259n qanunun t\u0259nziml\u0259nm\u0259sind\u0259n dan\u0131\u015f\u0131b. Onun s\u00f6zl\u0259rin\u0259 g\u00f6r\u0259, h\u0259min qanunun mexanizml\u0259ri haz\u0131rlan\u0131b: \u201cQanunda normalar qeyd olunsa da, t\u0259nziml\u0259nm\u0259 yox idi. Nazirl\u0259r Kabinetinin q\u0259rar\u0131 v\u0259 t\u0259sdiqini g\u00f6zl\u0259yirik. Bir ne\u00e7\u0259&hellip;","_links":{"self":[{"href":"https:\/\/arantv.az\/index.php?rest_route=\/wp\/v2\/posts\/117204"}],"collection":[{"href":"https:\/\/arantv.az\/index.php?rest_route=\/wp\/v2\/posts"}],"about":[{"href":"https:\/\/arantv.az\/index.php?rest_route=\/wp\/v2\/types\/post"}],"author":[{"embeddable":true,"href":"https:\/\/arantv.az\/index.php?rest_route=\/wp\/v2\/users\/2"}],"replies":[{"embeddable":true,"href":"https:\/\/arantv.az\/index.php?rest_route=%2Fwp%2Fv2%2Fcomments&post=117204"}],"version-history":[{"count":0,"href":"https:\/\/arantv.az\/index.php?rest_route=\/wp\/v2\/posts\/117204\/revisions"}],"wp:featuredmedia":[{"embeddable":true,"href":"https:\/\/arantv.az\/index.php?rest_route=\/wp\/v2\/media\/117205"}],"wp:attachment":[{"href":"https:\/\/arantv.az\/index.php?rest_route=%2Fwp%2Fv2%2Fmedia&parent=117204"}],"wp:term":[{"taxonomy":"category","embeddable":true,"href":"https:\/\/arantv.az\/index.php?rest_route=%2Fwp%2Fv2%2Fcategories&post=117204"},{"taxonomy":"post_tag","embeddable":true,"href":"https:\/\/arantv.az\/index.php?rest_route=%2Fwp%2Fv2%2Ftags&post=117204"}],"curies":[{"name":"wp","href":"https:\/\/api.w.org\/{rel}","templated":true}]}}