{"id":117216,"date":"2020-01-11T11:44:30","date_gmt":"2020-01-11T08:44:30","guid":{"rendered":"http:\/\/arantv.az\/?p=117216"},"modified":"2020-01-11T11:44:30","modified_gmt":"2020-01-11T08:44:30","slug":"belaruslu-ekspert-baki-minskin-s%c9%99rf%c9%99li-iqtisadi-t%c9%99r%c9%99fdasidir","status":"publish","type":"post","link":"https:\/\/arantv.az\/?p=117216","title":{"rendered":"Belaruslu ekspert: Bak\u0131 Minskin s\u0259rf\u0259li iqtisadi t\u0259r\u0259fda\u015f\u0131d\u0131r"},"content":{"rendered":"<p>Kollektiv T\u0259hl\u00fck\u0259sizlik M\u00fcqavil\u0259si T\u0259\u015fkilat\u0131 \u00e7\u0259r\u00e7iv\u0259sind\u0259 s\u00f6z\u00fcged\u0259n bloka Belarus n\u00fcmay\u0259nd\u0259si Stanislav Zas\u0131n m\u00fcmk\u00fcn r\u0259hb\u0259rliyi m\u0259s\u0259l\u0259sinin m\u00fczakir\u0259sinin ba\u015flad\u0131\u011f\u0131 g\u00fcnd\u0259n etibar\u0259n Erm\u0259nistan\u0131n siyasi v\u0259 ekspert dair\u0259l\u0259rind\u0259 k\u00fctl\u0259vi qabaqlay\u0131c\u0131 isteriya v\u0259 t\u0259\u015fvi\u015f hallar\u0131 m\u00fc\u015fahid\u0259 olunma\u011fa ba\u015flad\u0131.<\/p>\n<p>\u201cErm\u0259ni\u201d simptomlar\u0131na Belarus D\u00f6vl\u0259t T\u0259hl\u00fck\u0259sizlik \u015euras\u0131n\u0131n katibi (2015-ci ild\u0259n &#8211; red.) general-leytenant Zas\u0131n Sovet d\u00f6vr\u00fcnd\u0259 m\u0259\u015fhur olan Bak\u0131 Ali \u00dcmumqo\u015fun Komandirl\u0259ri M\u0259kt\u0259bini bitirm\u0259si s\u0259b\u0259b olub.<\/p>\n<p>Bel\u0259likl\u0259, Erm\u0259nistandan sonra t\u0259\u015fkilata s\u0259drlik t\u0259sdiql\u0259nmi\u015f KTMT qaydalar\u0131na uy\u011fun olaraq, bloka r\u0259hb\u0259rlik ed\u0259n \u00f6lk\u0259l\u0259r \u0259lifba s\u0131ras\u0131 il\u0259 d\u0259yi\u015fdiyi \u00fc\u00e7\u00fcn Belarusa ke\u00e7di.<\/p>\n<div id=\"AdviadNativeVideo0\" class=\"AdviadNativeVideo\"><\/div>\n<p>S\u00f6z\u00fcged\u0259n q\u0259rar KTMT Kollektiv T\u0259hl\u00fck\u0259sizlik \u015euras\u0131n\u0131n (KT\u015e) Bi\u015fkekd\u0259 ke\u00e7iril\u0259n iclas\u0131 zaman\u0131 q\u0259bul edildi.<\/p>\n<p>Belarus\u00a0politoloqu, Siyasi T\u0259hlil v\u0259 Proqnozlar M\u0259rk\u0259zinin r\u0259hb\u0259ri Pavel Usov\u00a0Oxu.Az-a Az\u0259rbaycan-KTMT format\u0131nda m\u00fcnasib\u0259tl\u0259rin yeni s\u0259dr Stanislav Zas\u0131n r\u0259hb\u0259rliyi alt\u0131nda hans\u0131 \u015f\u0259kild\u0259 inki\u015faf ed\u0259c\u0259yind\u0259n b\u0259hs edib.<\/p>\n<p>\u201cStanislav Zas\u0131n Yerevanla m\u00fcqayis\u0259d\u0259 Bak\u0131ya daha loyal oldu\u011funu dem\u0259zdim. \u00a0Az\u0259rbaycana qar\u015f\u0131 m\u00fcnasib\u0259t m\u00fc\u0259yy\u0259n \u015f\u0259xsl\u0259r t\u0259r\u0259find\u0259n deyil, \u00f6lk\u0259nin \u0259n ali r\u0259hb\u0259rliyi v\u0259 iqtisadi prioritetl\u0259ri il\u0259 m\u00fc\u0259yy\u0259n edilir.<\/p>\n<p>Zas\u0131n m\u00f6vqeyi Minskin Bak\u0131ya m\u00fcnasib\u0259td\u0259 \u00fcmumi konstruktiv siyas\u0259tinin \u0259ks olunmas\u0131d\u0131r. G\u0259l\u0259c\u0259kd\u0259 m\u00fcnasib\u0259tl\u0259rin paradiqmas\u0131n\u0131n d\u0259yi\u015fm\u0259y\u0259c\u0259yini \u0259minlikl\u0259 s\u00f6yl\u0259m\u0259k olar\u201d, &#8211; m\u00fcsahib bildirib.<\/p>\n<p>KTMT v\u0259 Bak\u0131 aras\u0131ndak\u0131 qar\u015f\u0131l\u0131ql\u0131 m\u00fcnasib\u0259tl\u0259rin inki\u015faf\u0131na g\u0259ldikd\u0259,\u00a0Usovun s\u00f6zl\u0259rin\u0259 g\u00f6r\u0259, bu istiqam\u0259td\u0259 d\u0259 he\u00e7 bir b\u00f6y\u00fck d\u0259yi\u015fiklik ba\u015f verm\u0259y\u0259c\u0259k.<\/p>\n<p>\u201cKTMT mahiyy\u0259ti etibaril\u0259 siyasi bir t\u0259\u015fkilatd\u0131r v\u0259 d\u0259rin b\u00f6hran prosesl\u0259rinin h\u0259llin\u0259 t\u0259sir g\u00f6st\u0259rmir. H\u0259m\u00e7inin, n\u0259z\u0259r\u0259 almaq laz\u0131md\u0131r ki, bu t\u0259\u015fkilat\u0131n f\u0259aliyy\u0259t istiqam\u0259tini Moskva m\u00fc\u0259yy\u0259nl\u0259\u015fdirir v\u0259 haz\u0131rda Rusiya il\u0259 Az\u0259rbaycan aras\u0131nda iqtisadi v\u0259 siyasi m\u00fcnasib\u0259tl\u0259rin m\u00fcsb\u0259t konyunkturas\u0131 qurulub\u201d, &#8211; ekspert bildirib.<\/p>\n<p>Politoloq \u0259lav\u0259 edib ki, KTMT-nin yeni r\u0259hb\u0259ri Erm\u0259nistan\u0131n v\u0259 ya Az\u0259rbaycan\u0131n h\u0259r hans\u0131 bir f\u0259aliyy\u0259tinin qiym\u0259tl\u0259ndirilm\u0259sind\u0259n v\u0259 bu bar\u0259d\u0259 ifad\u0259l\u0259rd\u0259n \u00e7\u0259kin\u0259c\u0259k.<\/p>\n<p>Az\u0259rbaycan v\u0259 Belarus aras\u0131ndak\u0131 h\u0259rbi-texniki \u0259m\u0259kda\u015fl\u0131q m\u0259s\u0259l\u0259l\u0259rini \u015f\u0259rh ed\u0259n Pavel Usov bildirib:<\/p>\n<p>\u201cBildiyiniz kimi, Az\u0259rbaycan Belarusdan silah-sursat al\u0131\u015f\u0131nda liderl\u0259rd\u0259n biridir. Son ill\u0259rd\u0259 Belarus Az\u0259rbaycana milyonlarla dollar d\u0259y\u0259rind\u0259 h\u0259rbi texnika v\u0259 avadanl\u0131qlar, o c\u00fcml\u0259d\u0259n \u201cPolonez\u201d yayl\u0131m at\u0259\u015f sistemi, radiotexniki k\u0259\u015ffiyyat sisteml\u0259ri, zenit-raket kompleksl\u0259ri v\u0259.s \u00e7atd\u0131r\u0131b. Ba\u015fqa s\u00f6zl\u0259, \u0259g\u0259r Yerevan siyasi m\u00fctt\u0259fiqdirs\u0259, o zaman Bak\u0131 \u00a0s\u0259rf\u0259li iqtisadi t\u0259r\u0259fda\u015fd\u0131r. Bu is\u0259 Belarusdak\u0131 b\u00f6hran \u015f\u0259raitind\u0259 \u00e7ox vacibdir\u201d.<\/p>\n<p>Ekspert \u0259mindir ki, bu s\u0259b\u0259bd\u0259n Az\u0259rbaycanla h\u0259rbi-texniki \u0259m\u0259kda\u015fl\u0131q Belarus \u00fc\u00e7\u00fcn prioritet \u0259h\u0259miyy\u0259t k\u0259sb ed\u0259c\u0259k.<\/p>\n<p>M\u00fcmk\u00fcn t\u0259r\u0259fda\u015fl\u0131q, m\u00fc\u015fahid\u0259\u00e7i statusunun verilm\u0259si v\u0259 ya Az\u0259rbaycan\u0131n KTMT-y\u0259 daxil olmas\u0131 bar\u0259d\u0259 dan\u0131\u015f\u0131qlara g\u0259linc\u0259, ekspert bu c\u00fcr dan\u0131\u015f\u0131qlar\u0131n h\u0259l\u0259 2018-ci ild\u0259 apar\u0131ld\u0131\u011f\u0131n\u0131 xat\u0131rlad\u0131b.<\/p>\n<p>\u201c2019-cu ild\u0259 KTMT r\u0259hb\u0259rliyi, h\u0259m\u00e7inin bu istiqam\u0259td\u0259 dialoqa haz\u0131r oldu\u011funu bildirib. Lakin KTMT-d\u0259 q\u0259rar q\u0259buletm\u0259 mexanizmi b\u00fct\u00fcn \u00fczv \u00f6lk\u0259l\u0259rin raz\u0131l\u0131\u011f\u0131na, y\u0259ni konsensusa \u0259saslan\u0131r.<\/p>\n<p>M\u0259lumdur ki, Erm\u0259nistan Az\u0259rbaycan\u0131n t\u0259\u015fkilata qo\u015fulmaqla ba\u011fl\u0131 ist\u0259nil\u0259n c\u0259hdl\u0259rini \u0259ng\u0259ll\u0259y\u0259c\u0259k. \u00d6z n\u00f6vb\u0259sind\u0259, Rusiya \u00fc\u00e7\u00fcn bu, geosiyasi u\u011fur olard\u0131, amma h\u0259r halda, \u0259g\u0259r 2020-d\u0259n dan\u0131\u015fsaq,\u00a0 KTMT-nin yeni \u00fczv \u0259ld\u0259 etm\u0259k perspektivl\u0259ri olduqca a\u015fa\u011f\u0131d\u0131r\u201d, &#8211; Usov bildirib.<\/p>\n","protected":false},"excerpt":{"rendered":"<p>Kollektiv T\u0259hl\u00fck\u0259sizlik M\u00fcqavil\u0259si T\u0259\u015fkilat\u0131 \u00e7\u0259r\u00e7iv\u0259sind\u0259 s\u00f6z\u00fcged\u0259n bloka Belarus n\u00fcmay\u0259nd\u0259si Stanislav Zas\u0131n m\u00fcmk\u00fcn r\u0259hb\u0259rliyi m\u0259s\u0259l\u0259sinin m\u00fczakir\u0259sinin ba\u015flad\u0131\u011f\u0131 g\u00fcnd\u0259n etibar\u0259n Erm\u0259nistan\u0131n siyasi v\u0259 ekspert dair\u0259l\u0259rind\u0259 k\u00fctl\u0259vi qabaqlay\u0131c\u0131 isteriya v\u0259 t\u0259\u015fvi\u015f hallar\u0131 m\u00fc\u015fahid\u0259 olunma\u011fa ba\u015flad\u0131. \u201cErm\u0259ni\u201d simptomlar\u0131na Belarus D\u00f6vl\u0259t T\u0259hl\u00fck\u0259sizlik \u015euras\u0131n\u0131n katibi (2015-ci ild\u0259n &#8211; red.) general-leytenant Zas\u0131n Sovet d\u00f6vr\u00fcnd\u0259 m\u0259\u015fhur olan Bak\u0131 Ali \u00dcmumqo\u015fun Komandirl\u0259ri M\u0259kt\u0259bini bitirm\u0259si s\u0259b\u0259b olub. Bel\u0259likl\u0259, Erm\u0259nistandan sonra t\u0259\u015fkilata s\u0259drlik t\u0259sdiql\u0259nmi\u015f KTMT qaydalar\u0131na uy\u011fun olaraq, bloka r\u0259hb\u0259rlik ed\u0259n \u00f6lk\u0259l\u0259r \u0259lifba s\u0131ras\u0131 il\u0259 d\u0259yi\u015fdiyi \u00fc\u00e7\u00fcn Belarusa ke\u00e7di. S\u00f6z\u00fcged\u0259n q\u0259rar KTMT Kollektiv T\u0259hl\u00fck\u0259sizlik \u015euras\u0131n\u0131n (KT\u015e) Bi\u015fkekd\u0259 ke\u00e7iril\u0259n iclas\u0131 zaman\u0131 q\u0259bul&hellip;<\/p>\n","protected":false},"author":2,"featured_media":117217,"comment_status":"closed","ping_status":"closed","sticky":false,"template":"","format":"standard","meta":{"om_disable_all_campaigns":false,"_monsterinsights_skip_tracking":false,"_monsterinsights_sitenote_active":false,"_monsterinsights_sitenote_note":"","_monsterinsights_sitenote_category":0},"categories":[4],"tags":[],"aioseo_notices":[],"gutentor_comment":0,"rttpg_featured_image_url":{"full":["https:\/\/arantv.az\/wp-content\/uploads\/2020\/01\/loyal.jpg",620,349,false],"landscape":["https:\/\/arantv.az\/wp-content\/uploads\/2020\/01\/loyal.jpg",620,349,false],"portraits":["https:\/\/arantv.az\/wp-content\/uploads\/2020\/01\/loyal.jpg",620,349,false],"thumbnail":["https:\/\/arantv.az\/wp-content\/uploads\/2020\/01\/loyal-150x150.jpg",150,150,true],"medium":["https:\/\/arantv.az\/wp-content\/uploads\/2020\/01\/loyal-300x169.jpg",300,169,true],"large":["https:\/\/arantv.az\/wp-content\/uploads\/2020\/01\/loyal.jpg",620,349,false],"1536x1536":["https:\/\/arantv.az\/wp-content\/uploads\/2020\/01\/loyal.jpg",620,349,false],"2048x2048":["https:\/\/arantv.az\/wp-content\/uploads\/2020\/01\/loyal.jpg",620,349,false],"post-thumbnail":["https:\/\/arantv.az\/wp-content\/uploads\/2020\/01\/loyal-240x172.jpg",240,172,true],"advps-thumb-one":["https:\/\/arantv.az\/wp-content\/uploads\/2020\/01\/loyal.jpg",620,349,false]},"rttpg_author":{"display_name":"V\u00fcsal Rafiqo\u011flu","author_link":"https:\/\/arantv.az\/?author=2"},"rttpg_comment":0,"rttpg_category":"<a href=\"https:\/\/arantv.az\/?cat=4\" rel=\"category\">Siyas\u0259t<\/a>","rttpg_excerpt":"Kollektiv T\u0259hl\u00fck\u0259sizlik M\u00fcqavil\u0259si T\u0259\u015fkilat\u0131 \u00e7\u0259r\u00e7iv\u0259sind\u0259 s\u00f6z\u00fcged\u0259n bloka Belarus n\u00fcmay\u0259nd\u0259si Stanislav Zas\u0131n m\u00fcmk\u00fcn r\u0259hb\u0259rliyi m\u0259s\u0259l\u0259sinin m\u00fczakir\u0259sinin ba\u015flad\u0131\u011f\u0131 g\u00fcnd\u0259n etibar\u0259n Erm\u0259nistan\u0131n siyasi v\u0259 ekspert dair\u0259l\u0259rind\u0259 k\u00fctl\u0259vi qabaqlay\u0131c\u0131 isteriya v\u0259 t\u0259\u015fvi\u015f hallar\u0131 m\u00fc\u015fahid\u0259 olunma\u011fa ba\u015flad\u0131. \u201cErm\u0259ni\u201d simptomlar\u0131na Belarus D\u00f6vl\u0259t T\u0259hl\u00fck\u0259sizlik \u015euras\u0131n\u0131n katibi (2015-ci ild\u0259n &#8211; red.) general-leytenant Zas\u0131n Sovet d\u00f6vr\u00fcnd\u0259 m\u0259\u015fhur olan Bak\u0131 Ali \u00dcmumqo\u015fun Komandirl\u0259ri M\u0259kt\u0259bini bitirm\u0259si&hellip;","_links":{"self":[{"href":"https:\/\/arantv.az\/index.php?rest_route=\/wp\/v2\/posts\/117216"}],"collection":[{"href":"https:\/\/arantv.az\/index.php?rest_route=\/wp\/v2\/posts"}],"about":[{"href":"https:\/\/arantv.az\/index.php?rest_route=\/wp\/v2\/types\/post"}],"author":[{"embeddable":true,"href":"https:\/\/arantv.az\/index.php?rest_route=\/wp\/v2\/users\/2"}],"replies":[{"embeddable":true,"href":"https:\/\/arantv.az\/index.php?rest_route=%2Fwp%2Fv2%2Fcomments&post=117216"}],"version-history":[{"count":0,"href":"https:\/\/arantv.az\/index.php?rest_route=\/wp\/v2\/posts\/117216\/revisions"}],"wp:featuredmedia":[{"embeddable":true,"href":"https:\/\/arantv.az\/index.php?rest_route=\/wp\/v2\/media\/117217"}],"wp:attachment":[{"href":"https:\/\/arantv.az\/index.php?rest_route=%2Fwp%2Fv2%2Fmedia&parent=117216"}],"wp:term":[{"taxonomy":"category","embeddable":true,"href":"https:\/\/arantv.az\/index.php?rest_route=%2Fwp%2Fv2%2Fcategories&post=117216"},{"taxonomy":"post_tag","embeddable":true,"href":"https:\/\/arantv.az\/index.php?rest_route=%2Fwp%2Fv2%2Ftags&post=117216"}],"curies":[{"name":"wp","href":"https:\/\/api.w.org\/{rel}","templated":true}]}}