{"id":117236,"date":"2020-01-11T12:22:41","date_gmt":"2020-01-11T09:22:41","guid":{"rendered":"http:\/\/arantv.az\/?p=117236"},"modified":"2020-01-11T12:22:41","modified_gmt":"2020-01-11T09:22:41","slug":"zelenskid%c9%99n-iranin-s%c9%99hvl%c9%99-bagli-aciqlamasina-s%c9%99rt-cavab-oz-gunahini-tam-etiraf-etm%c9%99lidir","status":"publish","type":"post","link":"https:\/\/arantv.az\/?p=117236","title":{"rendered":"Zelenskid\u0259n \u0130ran\u0131n \u201cs\u0259hv\u201dl\u0259 ba\u011fl\u0131 a\u00e7\u0131qlamas\u0131na s\u0259rt cavab: \u201c\u00d6z g\u00fcnah\u0131n\u0131 tam etiraf etm\u0259lidir!\u201d"},"content":{"rendered":"<p>Ukrayna s\u0259hv\u0259n raket h\u00fccumu n\u0259tic\u0259sind\u0259 Tehranda t\u0259yyar\u0259nin q\u0259zaya u\u011framas\u0131ndan sonra \u0130randan s\u00fcni gecikm\u0259l\u0259r v\u0259 mane\u0259l\u0259r olmadan tam v\u0259 a\u00e7\u0131q bir ara\u015fd\u0131rma aparmas\u0131n\u0131 g\u00f6zl\u0259yir.<\/p>\n<p>Gazeta.ru\u00a0x\u0259b\u0259r verir ki, bunu\u00a0Ukrayna Prezidenti Vladimir Zelenski \u201cFacebook\u201d hesab\u0131nda yaz\u0131b.<\/p>\n<div id=\"AdviadNativeVideo0\" class=\"AdviadNativeVideo\"><\/div>\n<p>Ukrayna prezidenti bildirib ki, \u0130ran \u00f6z g\u00fcnah\u0131n\u0131 tam etiraf etm\u0259li, hadis\u0259y\u0259 g\u00f6r\u0259 m\u0259suliyy\u0259t da\u015f\u0131yanlar\u0131 c\u0259zaland\u0131rmal\u0131 v\u0259 t\u0259zminat \u00f6d\u0259m\u0259lidir.<\/p>\n<p>V.Zelenski \u0130ran\u0131n Ukraynadan diplomatik kanallar vasit\u0259sil\u0259 \u00fczr ist\u0259m\u0259sini d\u0259 g\u00f6zl\u0259diyini a\u00e7\u0131qlay\u0131b.<\/p>\n","protected":false},"excerpt":{"rendered":"<p>Ukrayna s\u0259hv\u0259n raket h\u00fccumu n\u0259tic\u0259sind\u0259 Tehranda t\u0259yyar\u0259nin q\u0259zaya u\u011framas\u0131ndan sonra \u0130randan s\u00fcni gecikm\u0259l\u0259r v\u0259 mane\u0259l\u0259r olmadan tam v\u0259 a\u00e7\u0131q bir ara\u015fd\u0131rma aparmas\u0131n\u0131 g\u00f6zl\u0259yir. Gazeta.ru\u00a0x\u0259b\u0259r verir ki, bunu\u00a0Ukrayna Prezidenti Vladimir Zelenski \u201cFacebook\u201d hesab\u0131nda yaz\u0131b. Ukrayna prezidenti bildirib ki, \u0130ran \u00f6z g\u00fcnah\u0131n\u0131 tam etiraf etm\u0259li, hadis\u0259y\u0259 g\u00f6r\u0259 m\u0259suliyy\u0259t da\u015f\u0131yanlar\u0131 c\u0259zaland\u0131rmal\u0131 v\u0259 t\u0259zminat \u00f6d\u0259m\u0259lidir. V.Zelenski \u0130ran\u0131n Ukraynadan diplomatik kanallar vasit\u0259sil\u0259 \u00fczr ist\u0259m\u0259sini d\u0259 g\u00f6zl\u0259diyini a\u00e7\u0131qlay\u0131b.<\/p>\n","protected":false},"author":2,"featured_media":117237,"comment_status":"closed","ping_status":"closed","sticky":false,"template":"","format":"standard","meta":{"om_disable_all_campaigns":false,"_monsterinsights_skip_tracking":false,"_monsterinsights_sitenote_active":false,"_monsterinsights_sitenote_note":"","_monsterinsights_sitenote_category":0},"categories":[7],"tags":[],"aioseo_notices":[],"gutentor_comment":0,"rttpg_featured_image_url":{"full":["https:\/\/arantv.az\/wp-content\/uploads\/2020\/01\/97_original.jpg",620,383,false],"landscape":["https:\/\/arantv.az\/wp-content\/uploads\/2020\/01\/97_original.jpg",620,383,false],"portraits":["https:\/\/arantv.az\/wp-content\/uploads\/2020\/01\/97_original.jpg",620,383,false],"thumbnail":["https:\/\/arantv.az\/wp-content\/uploads\/2020\/01\/97_original-150x150.jpg",150,150,true],"medium":["https:\/\/arantv.az\/wp-content\/uploads\/2020\/01\/97_original-300x185.jpg",300,185,true],"large":["https:\/\/arantv.az\/wp-content\/uploads\/2020\/01\/97_original.jpg",620,383,false],"1536x1536":["https:\/\/arantv.az\/wp-content\/uploads\/2020\/01\/97_original.jpg",620,383,false],"2048x2048":["https:\/\/arantv.az\/wp-content\/uploads\/2020\/01\/97_original.jpg",620,383,false],"post-thumbnail":["https:\/\/arantv.az\/wp-content\/uploads\/2020\/01\/97_original-240x172.jpg",240,172,true],"advps-thumb-one":["https:\/\/arantv.az\/wp-content\/uploads\/2020\/01\/97_original.jpg",620,383,false]},"rttpg_author":{"display_name":"V\u00fcsal Rafiqo\u011flu","author_link":"https:\/\/arantv.az\/?author=2"},"rttpg_comment":0,"rttpg_category":"<a href=\"https:\/\/arantv.az\/?cat=7\" rel=\"category\">D\u00fcnya<\/a>","rttpg_excerpt":"Ukrayna s\u0259hv\u0259n raket h\u00fccumu n\u0259tic\u0259sind\u0259 Tehranda t\u0259yyar\u0259nin q\u0259zaya u\u011framas\u0131ndan sonra \u0130randan s\u00fcni gecikm\u0259l\u0259r v\u0259 mane\u0259l\u0259r olmadan tam v\u0259 a\u00e7\u0131q bir ara\u015fd\u0131rma aparmas\u0131n\u0131 g\u00f6zl\u0259yir. Gazeta.ru\u00a0x\u0259b\u0259r verir ki, bunu\u00a0Ukrayna Prezidenti Vladimir Zelenski \u201cFacebook\u201d hesab\u0131nda yaz\u0131b. Ukrayna prezidenti bildirib ki, \u0130ran \u00f6z g\u00fcnah\u0131n\u0131 tam etiraf etm\u0259li, hadis\u0259y\u0259 g\u00f6r\u0259 m\u0259suliyy\u0259t da\u015f\u0131yanlar\u0131 c\u0259zaland\u0131rmal\u0131 v\u0259 t\u0259zminat \u00f6d\u0259m\u0259lidir. V.Zelenski \u0130ran\u0131n Ukraynadan diplomatik&hellip;","_links":{"self":[{"href":"https:\/\/arantv.az\/index.php?rest_route=\/wp\/v2\/posts\/117236"}],"collection":[{"href":"https:\/\/arantv.az\/index.php?rest_route=\/wp\/v2\/posts"}],"about":[{"href":"https:\/\/arantv.az\/index.php?rest_route=\/wp\/v2\/types\/post"}],"author":[{"embeddable":true,"href":"https:\/\/arantv.az\/index.php?rest_route=\/wp\/v2\/users\/2"}],"replies":[{"embeddable":true,"href":"https:\/\/arantv.az\/index.php?rest_route=%2Fwp%2Fv2%2Fcomments&post=117236"}],"version-history":[{"count":0,"href":"https:\/\/arantv.az\/index.php?rest_route=\/wp\/v2\/posts\/117236\/revisions"}],"wp:featuredmedia":[{"embeddable":true,"href":"https:\/\/arantv.az\/index.php?rest_route=\/wp\/v2\/media\/117237"}],"wp:attachment":[{"href":"https:\/\/arantv.az\/index.php?rest_route=%2Fwp%2Fv2%2Fmedia&parent=117236"}],"wp:term":[{"taxonomy":"category","embeddable":true,"href":"https:\/\/arantv.az\/index.php?rest_route=%2Fwp%2Fv2%2Fcategories&post=117236"},{"taxonomy":"post_tag","embeddable":true,"href":"https:\/\/arantv.az\/index.php?rest_route=%2Fwp%2Fv2%2Ftags&post=117236"}],"curies":[{"name":"wp","href":"https:\/\/api.w.org\/{rel}","templated":true}]}}