{"id":117249,"date":"2020-01-11T12:27:36","date_gmt":"2020-01-11T09:27:36","guid":{"rendered":"http:\/\/arantv.az\/?p=117249"},"modified":"2020-01-11T12:27:36","modified_gmt":"2020-01-11T09:27:36","slug":"avstraliyanin-m%c9%99hv-ed%c9%99c%c9%99yi-d%c9%99v%c9%99l%c9%99rl%c9%99-bagli-turkiy%c9%99d%c9%99n-unikal-t%c9%99klif","status":"publish","type":"post","link":"https:\/\/arantv.az\/?p=117249","title":{"rendered":"Avstraliyan\u0131n m\u0259hv ed\u0259c\u0259yi d\u0259v\u0259l\u0259rl\u0259 ba\u011fl\u0131 T\u00fcrkiy\u0259d\u0259n UN\u0130KAL T\u018fKL\u0130F"},"content":{"rendered":"<p><strong>Avstraliyada aylard\u0131r davam ed\u0259n me\u015f\u0259 yan\u011f\u0131nlar\u0131 qit\u0259nin minl\u0259rl\u0259 canl\u0131 n\u00f6v\u00fcn\u00fc m\u0259hvolma t\u0259hl\u00fck\u0259si il\u0259 \u00fcz-\u00fcz\u0259 qoyub.<\/strong><\/p>\n<p><strong>ARANTV.AZ \u00a0<\/strong>x\u0259b\u0259r verir ki, \u00f6lk\u0259d\u0259ki radikal-sa\u011f\u00e7\u0131 h\u00f6kum\u0259t 10 min d\u0259v\u0259ni<strong>\u00a0<\/strong>t\u0259l\u0259f etm\u0259y\u0259 q\u0259rar verib.<\/p>\n<p>S\u0259b\u0259b is\u0259 d\u0259v\u0259l\u0259rin \u00e7ox su i\u00e7m\u0259sidir.<\/p>\n<p>H\u00f6kum\u0259t iddia edir ki, d\u0259v\u0259l\u0259r sudan \u00e7ox istifad\u0259 edir v\u0259 bu, yan\u011f\u0131nlar\u0131n s\u00f6nd\u00fcr\u00fclm\u0259sin\u0259 \u0259ng\u0259l olur.<\/p>\n<p>D\u00fcnya bu prosesl\u0259ri k\u0259d\u0259rl\u0259 izl\u0259y\u0259rk\u0259n, T\u00fcrkiy\u0259d\u0259n Avstraliyaya d\u0259v\u0259l\u0259rl\u0259 ba\u011fl\u0131 t\u0259klif gedib. Bel\u0259 ki, Humanitar Yard\u0131m V\u0259qfi d\u0259v\u0259l\u0259rin \u0259tini konserv ed\u0259r\u0259k yard\u0131ma m\u00f6htac insanlara \u00e7atd\u0131r\u0131lmas\u0131n\u0131 t\u0259klif edib.<\/p>\n<p>V\u0259qf bu m\u0259s\u0259l\u0259d\u0259 Avstraliyadak\u0131 s\u0259firlik vasit\u0259sil\u0259 h\u00f6kum\u0259t\u0259 m\u00fcraci\u0259t etdikl\u0259rini bildirib. Haz\u0131rda Avstraliya h\u00f6kum\u0259tinin cavab\u0131 g\u00f6zl\u0259nilir.Publika.az<\/p>\n","protected":false},"excerpt":{"rendered":"<p>Avstraliyada aylard\u0131r davam ed\u0259n me\u015f\u0259 yan\u011f\u0131nlar\u0131 qit\u0259nin minl\u0259rl\u0259 canl\u0131 n\u00f6v\u00fcn\u00fc m\u0259hvolma t\u0259hl\u00fck\u0259si il\u0259 \u00fcz-\u00fcz\u0259 qoyub. ARANTV.AZ \u00a0x\u0259b\u0259r verir ki, \u00f6lk\u0259d\u0259ki radikal-sa\u011f\u00e7\u0131 h\u00f6kum\u0259t 10 min d\u0259v\u0259ni\u00a0t\u0259l\u0259f etm\u0259y\u0259 q\u0259rar verib. S\u0259b\u0259b is\u0259 d\u0259v\u0259l\u0259rin \u00e7ox su i\u00e7m\u0259sidir. H\u00f6kum\u0259t iddia edir ki, d\u0259v\u0259l\u0259r sudan \u00e7ox istifad\u0259 edir v\u0259 bu, yan\u011f\u0131nlar\u0131n s\u00f6nd\u00fcr\u00fclm\u0259sin\u0259 \u0259ng\u0259l olur. D\u00fcnya bu prosesl\u0259ri k\u0259d\u0259rl\u0259 izl\u0259y\u0259rk\u0259n, T\u00fcrkiy\u0259d\u0259n Avstraliyaya d\u0259v\u0259l\u0259rl\u0259 ba\u011fl\u0131 t\u0259klif gedib. Bel\u0259 ki, Humanitar Yard\u0131m V\u0259qfi d\u0259v\u0259l\u0259rin \u0259tini konserv ed\u0259r\u0259k yard\u0131ma m\u00f6htac insanlara \u00e7atd\u0131r\u0131lmas\u0131n\u0131 t\u0259klif edib. V\u0259qf bu m\u0259s\u0259l\u0259d\u0259 Avstraliyadak\u0131 s\u0259firlik vasit\u0259sil\u0259 h\u00f6kum\u0259t\u0259 m\u00fcraci\u0259t etdikl\u0259rini bildirib. Haz\u0131rda Avstraliya h\u00f6kum\u0259tinin cavab\u0131 g\u00f6zl\u0259nilir.Publika.az<\/p>\n","protected":false},"author":2,"featured_media":117250,"comment_status":"closed","ping_status":"closed","sticky":false,"template":"","format":"standard","meta":{"om_disable_all_campaigns":false,"_monsterinsights_skip_tracking":false,"_monsterinsights_sitenote_active":false,"_monsterinsights_sitenote_note":"","_monsterinsights_sitenote_category":0},"categories":[7],"tags":[],"aioseo_notices":[],"gutentor_comment":0,"rttpg_featured_image_url":{"full":["https:\/\/arantv.az\/wp-content\/uploads\/2020\/01\/avustralyada_10_binden_fazla_deve_cok_fazla_su_ictikleri_icin_vurulacak_1578406318_5132.jpg",800,450,false],"landscape":["https:\/\/arantv.az\/wp-content\/uploads\/2020\/01\/avustralyada_10_binden_fazla_deve_cok_fazla_su_ictikleri_icin_vurulacak_1578406318_5132.jpg",800,450,false],"portraits":["https:\/\/arantv.az\/wp-content\/uploads\/2020\/01\/avustralyada_10_binden_fazla_deve_cok_fazla_su_ictikleri_icin_vurulacak_1578406318_5132.jpg",800,450,false],"thumbnail":["https:\/\/arantv.az\/wp-content\/uploads\/2020\/01\/avustralyada_10_binden_fazla_deve_cok_fazla_su_ictikleri_icin_vurulacak_1578406318_5132-150x150.jpg",150,150,true],"medium":["https:\/\/arantv.az\/wp-content\/uploads\/2020\/01\/avustralyada_10_binden_fazla_deve_cok_fazla_su_ictikleri_icin_vurulacak_1578406318_5132-300x169.jpg",300,169,true],"large":["https:\/\/arantv.az\/wp-content\/uploads\/2020\/01\/avustralyada_10_binden_fazla_deve_cok_fazla_su_ictikleri_icin_vurulacak_1578406318_5132.jpg",640,360,false],"1536x1536":["https:\/\/arantv.az\/wp-content\/uploads\/2020\/01\/avustralyada_10_binden_fazla_deve_cok_fazla_su_ictikleri_icin_vurulacak_1578406318_5132.jpg",800,450,false],"2048x2048":["https:\/\/arantv.az\/wp-content\/uploads\/2020\/01\/avustralyada_10_binden_fazla_deve_cok_fazla_su_ictikleri_icin_vurulacak_1578406318_5132.jpg",800,450,false],"post-thumbnail":["https:\/\/arantv.az\/wp-content\/uploads\/2020\/01\/avustralyada_10_binden_fazla_deve_cok_fazla_su_ictikleri_icin_vurulacak_1578406318_5132-240x172.jpg",240,172,true],"advps-thumb-one":["https:\/\/arantv.az\/wp-content\/uploads\/2020\/01\/avustralyada_10_binden_fazla_deve_cok_fazla_su_ictikleri_icin_vurulacak_1578406318_5132.jpg",800,450,false]},"rttpg_author":{"display_name":"V\u00fcsal Rafiqo\u011flu","author_link":"https:\/\/arantv.az\/?author=2"},"rttpg_comment":0,"rttpg_category":"<a href=\"https:\/\/arantv.az\/?cat=7\" rel=\"category\">D\u00fcnya<\/a>","rttpg_excerpt":"Avstraliyada aylard\u0131r davam ed\u0259n me\u015f\u0259 yan\u011f\u0131nlar\u0131 qit\u0259nin minl\u0259rl\u0259 canl\u0131 n\u00f6v\u00fcn\u00fc m\u0259hvolma t\u0259hl\u00fck\u0259si il\u0259 \u00fcz-\u00fcz\u0259 qoyub. ARANTV.AZ \u00a0x\u0259b\u0259r verir ki, \u00f6lk\u0259d\u0259ki radikal-sa\u011f\u00e7\u0131 h\u00f6kum\u0259t 10 min d\u0259v\u0259ni\u00a0t\u0259l\u0259f etm\u0259y\u0259 q\u0259rar verib. S\u0259b\u0259b is\u0259 d\u0259v\u0259l\u0259rin \u00e7ox su i\u00e7m\u0259sidir. H\u00f6kum\u0259t iddia edir ki, d\u0259v\u0259l\u0259r sudan \u00e7ox istifad\u0259 edir v\u0259 bu, yan\u011f\u0131nlar\u0131n s\u00f6nd\u00fcr\u00fclm\u0259sin\u0259 \u0259ng\u0259l olur. D\u00fcnya bu prosesl\u0259ri k\u0259d\u0259rl\u0259 izl\u0259y\u0259rk\u0259n, T\u00fcrkiy\u0259d\u0259n&hellip;","_links":{"self":[{"href":"https:\/\/arantv.az\/index.php?rest_route=\/wp\/v2\/posts\/117249"}],"collection":[{"href":"https:\/\/arantv.az\/index.php?rest_route=\/wp\/v2\/posts"}],"about":[{"href":"https:\/\/arantv.az\/index.php?rest_route=\/wp\/v2\/types\/post"}],"author":[{"embeddable":true,"href":"https:\/\/arantv.az\/index.php?rest_route=\/wp\/v2\/users\/2"}],"replies":[{"embeddable":true,"href":"https:\/\/arantv.az\/index.php?rest_route=%2Fwp%2Fv2%2Fcomments&post=117249"}],"version-history":[{"count":0,"href":"https:\/\/arantv.az\/index.php?rest_route=\/wp\/v2\/posts\/117249\/revisions"}],"wp:featuredmedia":[{"embeddable":true,"href":"https:\/\/arantv.az\/index.php?rest_route=\/wp\/v2\/media\/117250"}],"wp:attachment":[{"href":"https:\/\/arantv.az\/index.php?rest_route=%2Fwp%2Fv2%2Fmedia&parent=117249"}],"wp:term":[{"taxonomy":"category","embeddable":true,"href":"https:\/\/arantv.az\/index.php?rest_route=%2Fwp%2Fv2%2Fcategories&post=117249"},{"taxonomy":"post_tag","embeddable":true,"href":"https:\/\/arantv.az\/index.php?rest_route=%2Fwp%2Fv2%2Ftags&post=117249"}],"curies":[{"name":"wp","href":"https:\/\/api.w.org\/{rel}","templated":true}]}}