{"id":117253,"date":"2020-01-11T12:31:21","date_gmt":"2020-01-11T09:31:21","guid":{"rendered":"http:\/\/arantv.az\/?p=117253"},"modified":"2020-01-11T12:31:21","modified_gmt":"2020-01-11T09:31:21","slug":"d%c9%99hs%c9%99tli-q%c9%99zada-ol%c9%99n-kapitanin-h%c9%99yat-yoldasi-qizim-atasinin-oldurulduyunu-yuxuda-gormusdu","status":"publish","type":"post","link":"https:\/\/arantv.az\/?p=117253","title":{"rendered":"D\u0259h\u015f\u0259tli q\u0259zada \u00f6l\u0259n kapitan\u0131n h\u0259yat yolda\u015f\u0131: \u201cQ\u0131z\u0131m atas\u0131n\u0131n \u00f6ld\u00fcr\u00fcld\u00fcy\u00fcn\u00fc yuxuda g\u00f6rm\u00fc\u015fd\u00fc\u201d"},"content":{"rendered":"<p>\u0130randa \u201cBoeing-737\u201d t\u0259yyar\u0259\u00a0q\u0259zas\u0131 n\u0259tic\u0259sind\u0259\u00a0h\u0259lak olmu\u015f\u00a0kapitan\u0131n\u00a0h\u0259yat yolda\u015f\u0131 Yekaterina Qaponenko faci\u0259d\u0259n \u00f6nc\u0259 \u00fcr\u0259yin\u0259 daman fikirl\u0259r haqq\u0131nda dan\u0131\u015f\u0131b.<\/p>\n<p>T\u0259yyar\u0259 kapitan\u0131n\u0131n h\u0259yat yolda\u015f\u0131 \u201cStran\u0131\u201d n\u0259\u015frin\u0259 verdiyi m\u00fcsahib\u0259d\u0259 t\u0259yyar\u0259nin q\u0259zaya u\u011frayaca\u011f\u0131n\u0131 \u0259vv\u0259lc\u0259d\u0259n hiss etdiyini bildirib.<\/p>\n<div id=\"AdviadNativeVideo0\" class=\"AdviadNativeVideo\"><\/div>\n<p>Qad\u0131n \u00f6vlad\u0131n\u0131n bir ne\u00e7\u0259 g\u00fcn \u00f6nc\u0259 ba\u015f ver\u0259c\u0259k faci\u0259 haqq\u0131nda q\u0131z\u0131n\u0131n yuxu g\u00f6rd\u00fcy\u00fcn\u0259 x\u00fcsusi diqq\u0259t \u00e7\u0259kib:<\/p>\n<p>\u201cKi\u00e7ik q\u0131z\u0131m q\u0259zadan bir g\u00fcn \u00f6nc\u0259 yuxuda atas\u0131n\u0131n \u00f6ld\u00fcr\u00fcld\u00fcy\u00fcn\u00fc g\u00f6r\u00fcb. Maraql\u0131d\u0131r ki, evd\u0259 olan saat\u0131n da \u0259qr\u0259bl\u0259ri \u00f6z-\u00f6z\u00fcn\u0259 dayan\u0131b. H\u0259yat yolda\u015f\u0131m bir m\u00fcdd\u0259t \u0259vv\u0259l 50 illik yubileyini qeyd etmi\u015fdi v\u0259 ona h\u0259diyy\u0259 edil\u0259n saat\u0131n \u00f6l\u00fcm\u00fcnd\u0259n \u00f6nc\u0259 i\u015fl\u0259m\u0259m\u0259sini pis \u0259lam\u0259t kimi qiym\u0259tl\u0259ndirmi\u015fdik\u201d.<\/p>\n<div class=\"gallery\">\n<div class=\"gallery-i\"><img src=\"https:\/\/assets.oxu.az\/uploads\/W1siZiIsIjIwMjAvMDEvMTEvMTIvMjYvMzYvZTY5YmY4YTYtZmUzMi00MzBmLWIzNDEtZWE5YmVmODJkNzhlL1TJmXl5YXLJmSAxLmpwZyJdLFsicCIsImVuY29kZSIsImpwZyIsIi1xdWFsaXR5IDgwIl0sWyJwIiwidGh1bWIiLCI1OTB4NTkwXHUwMDNlIl1d?sha=b67769260a55a679\" alt=\"\" \/><\/div>\n<\/div>\n","protected":false},"excerpt":{"rendered":"<p>\u0130randa \u201cBoeing-737\u201d t\u0259yyar\u0259\u00a0q\u0259zas\u0131 n\u0259tic\u0259sind\u0259\u00a0h\u0259lak olmu\u015f\u00a0kapitan\u0131n\u00a0h\u0259yat yolda\u015f\u0131 Yekaterina Qaponenko faci\u0259d\u0259n \u00f6nc\u0259 \u00fcr\u0259yin\u0259 daman fikirl\u0259r haqq\u0131nda dan\u0131\u015f\u0131b. T\u0259yyar\u0259 kapitan\u0131n\u0131n h\u0259yat yolda\u015f\u0131 \u201cStran\u0131\u201d n\u0259\u015frin\u0259 verdiyi m\u00fcsahib\u0259d\u0259 t\u0259yyar\u0259nin q\u0259zaya u\u011frayaca\u011f\u0131n\u0131 \u0259vv\u0259lc\u0259d\u0259n hiss etdiyini bildirib. Qad\u0131n \u00f6vlad\u0131n\u0131n bir ne\u00e7\u0259 g\u00fcn \u00f6nc\u0259 ba\u015f ver\u0259c\u0259k faci\u0259 haqq\u0131nda q\u0131z\u0131n\u0131n yuxu g\u00f6rd\u00fcy\u00fcn\u0259 x\u00fcsusi diqq\u0259t \u00e7\u0259kib: \u201cKi\u00e7ik q\u0131z\u0131m q\u0259zadan bir g\u00fcn \u00f6nc\u0259 yuxuda atas\u0131n\u0131n \u00f6ld\u00fcr\u00fcld\u00fcy\u00fcn\u00fc g\u00f6r\u00fcb. Maraql\u0131d\u0131r ki, evd\u0259 olan saat\u0131n da \u0259qr\u0259bl\u0259ri \u00f6z-\u00f6z\u00fcn\u0259 dayan\u0131b. H\u0259yat yolda\u015f\u0131m bir m\u00fcdd\u0259t \u0259vv\u0259l 50 illik yubileyini qeyd etmi\u015fdi v\u0259 ona h\u0259diyy\u0259 edil\u0259n saat\u0131n \u00f6l\u00fcm\u00fcnd\u0259n \u00f6nc\u0259 i\u015fl\u0259m\u0259m\u0259sini pis \u0259lam\u0259t kimi qiym\u0259tl\u0259ndirmi\u015fdik\u201d.<\/p>\n","protected":false},"author":2,"featured_media":117254,"comment_status":"closed","ping_status":"closed","sticky":false,"template":"","format":"standard","meta":{"om_disable_all_campaigns":false,"_monsterinsights_skip_tracking":false,"_monsterinsights_sitenote_active":false,"_monsterinsights_sitenote_note":"","_monsterinsights_sitenote_category":0},"categories":[7],"tags":[],"aioseo_notices":[],"gutentor_comment":0,"rttpg_featured_image_url":{"full":["https:\/\/arantv.az\/wp-content\/uploads\/2020\/01\/FotoJet-5-2.jpg",620,412,false],"landscape":["https:\/\/arantv.az\/wp-content\/uploads\/2020\/01\/FotoJet-5-2.jpg",620,412,false],"portraits":["https:\/\/arantv.az\/wp-content\/uploads\/2020\/01\/FotoJet-5-2.jpg",620,412,false],"thumbnail":["https:\/\/arantv.az\/wp-content\/uploads\/2020\/01\/FotoJet-5-2-150x150.jpg",150,150,true],"medium":["https:\/\/arantv.az\/wp-content\/uploads\/2020\/01\/FotoJet-5-2-300x199.jpg",300,199,true],"large":["https:\/\/arantv.az\/wp-content\/uploads\/2020\/01\/FotoJet-5-2.jpg",620,412,false],"1536x1536":["https:\/\/arantv.az\/wp-content\/uploads\/2020\/01\/FotoJet-5-2.jpg",620,412,false],"2048x2048":["https:\/\/arantv.az\/wp-content\/uploads\/2020\/01\/FotoJet-5-2.jpg",620,412,false],"post-thumbnail":["https:\/\/arantv.az\/wp-content\/uploads\/2020\/01\/FotoJet-5-2-240x172.jpg",240,172,true],"advps-thumb-one":["https:\/\/arantv.az\/wp-content\/uploads\/2020\/01\/FotoJet-5-2.jpg",620,412,false]},"rttpg_author":{"display_name":"V\u00fcsal Rafiqo\u011flu","author_link":"https:\/\/arantv.az\/?author=2"},"rttpg_comment":0,"rttpg_category":"<a href=\"https:\/\/arantv.az\/?cat=7\" rel=\"category\">D\u00fcnya<\/a>","rttpg_excerpt":"\u0130randa \u201cBoeing-737\u201d t\u0259yyar\u0259\u00a0q\u0259zas\u0131 n\u0259tic\u0259sind\u0259\u00a0h\u0259lak olmu\u015f\u00a0kapitan\u0131n\u00a0h\u0259yat yolda\u015f\u0131 Yekaterina Qaponenko faci\u0259d\u0259n \u00f6nc\u0259 \u00fcr\u0259yin\u0259 daman fikirl\u0259r haqq\u0131nda dan\u0131\u015f\u0131b. T\u0259yyar\u0259 kapitan\u0131n\u0131n h\u0259yat yolda\u015f\u0131 \u201cStran\u0131\u201d n\u0259\u015frin\u0259 verdiyi m\u00fcsahib\u0259d\u0259 t\u0259yyar\u0259nin q\u0259zaya u\u011frayaca\u011f\u0131n\u0131 \u0259vv\u0259lc\u0259d\u0259n hiss etdiyini bildirib. Qad\u0131n \u00f6vlad\u0131n\u0131n bir ne\u00e7\u0259 g\u00fcn \u00f6nc\u0259 ba\u015f ver\u0259c\u0259k faci\u0259 haqq\u0131nda q\u0131z\u0131n\u0131n yuxu g\u00f6rd\u00fcy\u00fcn\u0259 x\u00fcsusi diqq\u0259t \u00e7\u0259kib: \u201cKi\u00e7ik q\u0131z\u0131m q\u0259zadan bir g\u00fcn \u00f6nc\u0259 yuxuda atas\u0131n\u0131n \u00f6ld\u00fcr\u00fcld\u00fcy\u00fcn\u00fc&hellip;","_links":{"self":[{"href":"https:\/\/arantv.az\/index.php?rest_route=\/wp\/v2\/posts\/117253"}],"collection":[{"href":"https:\/\/arantv.az\/index.php?rest_route=\/wp\/v2\/posts"}],"about":[{"href":"https:\/\/arantv.az\/index.php?rest_route=\/wp\/v2\/types\/post"}],"author":[{"embeddable":true,"href":"https:\/\/arantv.az\/index.php?rest_route=\/wp\/v2\/users\/2"}],"replies":[{"embeddable":true,"href":"https:\/\/arantv.az\/index.php?rest_route=%2Fwp%2Fv2%2Fcomments&post=117253"}],"version-history":[{"count":0,"href":"https:\/\/arantv.az\/index.php?rest_route=\/wp\/v2\/posts\/117253\/revisions"}],"wp:featuredmedia":[{"embeddable":true,"href":"https:\/\/arantv.az\/index.php?rest_route=\/wp\/v2\/media\/117254"}],"wp:attachment":[{"href":"https:\/\/arantv.az\/index.php?rest_route=%2Fwp%2Fv2%2Fmedia&parent=117253"}],"wp:term":[{"taxonomy":"category","embeddable":true,"href":"https:\/\/arantv.az\/index.php?rest_route=%2Fwp%2Fv2%2Fcategories&post=117253"},{"taxonomy":"post_tag","embeddable":true,"href":"https:\/\/arantv.az\/index.php?rest_route=%2Fwp%2Fv2%2Ftags&post=117253"}],"curies":[{"name":"wp","href":"https:\/\/api.w.org\/{rel}","templated":true}]}}