{"id":117277,"date":"2020-01-11T13:25:47","date_gmt":"2020-01-11T10:25:47","guid":{"rendered":"http:\/\/arantv.az\/?p=117277"},"modified":"2020-01-11T13:25:47","modified_gmt":"2020-01-11T10:25:47","slug":"ukraynali-politoloq-q%c9%99rb-erm%c9%99nistana-qarsi-sanksiyalar-t%c9%99tbiq-ed%c9%99-bil%c9%99r-oz%c9%99l","status":"publish","type":"post","link":"https:\/\/arantv.az\/?p=117277","title":{"rendered":"Ukraynal\u0131 politoloq: Q\u0259rb Erm\u0259nistana qar\u015f\u0131 sanksiyalar t\u0259tbiq ed\u0259 bil\u0259r &#8211; \u00d6Z\u018fL"},"content":{"rendered":"<p>B\u0259zi erm\u0259ni k\u00fctl\u0259vi informasiya vasit\u0259l\u0259rind\u0259 Kr\u0131mdan Erm\u0259nistana ilk \u201cbeyn\u0259lxalq u\u00e7u\u015f\u201dun ba\u015flanmas\u0131 bar\u0259d\u0259 m\u0259lumat yay\u0131l\u0131b.<\/p>\n<p>Bildirilib ki, ilhaq edilmi\u015f yar\u0131madan\u0131n turizm, kurortlar v\u0259 idman komit\u0259sinin s\u0259dri Aleksey \u00c7ernyak Rusiya Federal Hava N\u0259qliyyat\u0131 Agentliyinin (\u201cRosaviasiya\u201d) 2020-ci ild\u0259 Simferopol (Kr\u0131m) v\u0259 Yerevan (Erm\u0259nistan) hava limanlar\u0131 aras\u0131nda avia\u0259laq\u0259nin a\u00e7\u0131lmas\u0131n\u0131 raz\u0131la\u015fd\u0131rd\u0131\u011f\u0131n\u0131 bildirib.<\/p>\n<p>\u201cCari ilin mart ay\u0131ndan Kr\u0131m v\u0259 Erm\u0259nistan aras\u0131nda m\u00fcnt\u0259z\u0259m aviareysl\u0259rin ba\u015flanmas\u0131 planla\u015fd\u0131r\u0131l\u0131r. \u201c\u0130kar\u201d avia\u015firk\u0259ti art\u0131q m\u00fcnt\u0259z\u0259m u\u00e7u\u015flar \u00fc\u00e7\u00fcn \u201cRosaviasiya\u201ddan m\u00fcvafiq icaz\u0259 v\u0259 t\u0259sdiq al\u0131b. \u0130ndi m\u0259s\u0259l\u0259, o c\u00fcml\u0259d\u0259n, u\u00e7u\u015f c\u0259dv\u0259ll\u0259ri v\u0259 hava limanlar\u0131 il\u0259 raz\u0131la\u015fmalar bax\u0131m\u0131ndan haz\u0131rl\u0131q v\u0259 raz\u0131la\u015fd\u0131rma m\u0259rh\u0259l\u0259sind\u0259dir.<\/p>\n<div id=\"AdviadNativeVideo0\" class=\"AdviadNativeVideo\"><\/div>\n<p>U\u00e7u\u015flar mart ay\u0131ndan h\u0259ft\u0259d\u0259 iki d\u0259f\u0259 planla\u015fd\u0131r\u0131l\u0131r. Daha sonra is\u0259 t\u0259l\u0259batdan as\u0131l\u0131 olacaq, lakin h\u0259ft\u0259d\u0259 yeddi d\u0259f\u0259d\u0259n art\u0131q olmayacaq\u201d, &#8211; \u00c7ernyak bildirib.<\/p>\n<p>Qeyd etm\u0259k laz\u0131md\u0131r ki, Simferopol-Yerevan reysinin ba\u015flanmas\u0131na dair informasiyan\u0131n r\u0259smi t\u0259sdiqi yoxdur.<\/p>\n<p>Ukraynal\u0131 diplomat v\u0259 politoloq Vadim Tryuxan\u00a0Oxu.Az-a bildirib ki, Rusiya \u00fc\u00e7\u00fcn Kr\u0131m hava limanlar\u0131 v\u0259 Sevastopoldan m\u00fcnt\u0259z\u0259m birba\u015fa beyn\u0259lxalq avia\u0259laq\u0259l\u0259rin t\u0259\u015fkil olunmas\u0131 &#8211; prinsip m\u0259s\u0259l\u0259sidir:<\/p>\n<p>\u201c\u018fn\u0259n\u0259vi olaraq Rusiyaya y\u00f6n\u0259l\u0259n Erm\u0259nistan \u00e7\u0259tin ki, bel\u0259 bir t\u0259hl\u00fck\u0259li presedentin yarad\u0131lmas\u0131na getsin. D\u00fc\u015f\u00fcn\u00fcr\u0259m ki, ukraynal\u0131 diplomatlar Erm\u0259nistan r\u0259hb\u0259rliyin\u0259 bel\u0259 bir hipotetik q\u0259rar\u0131n faydalar\u0131n\u0131n onun m\u00fcmk\u00fcn n\u0259tic\u0259l\u0259ril\u0259 nisb\u0259td\u0259 m\u00fcqayis\u0259olunmaz \u015f\u0259kild\u0259 az olaca\u011f\u0131n\u0131 izah ed\u0259 bil\u0259c\u0259kl\u0259r.<\/p>\n<p>Bu yax\u0131nlarda Ukraynan\u0131n \u0130r\u0259vandak\u0131 s\u0259firliyin\u0259 t\u0259cr\u00fcb\u0259li ukraynal\u0131 diplomat &#8211; \u0130van Kuleba r\u0259hb\u0259rlik edib.<\/p>\n<p>\u201cUkraynada g\u00f6z\u0259l bilirl\u0259r ki, Rusiya \u00f6z maraqlar\u0131 namin\u0259 bu yar\u0131mas\u0131l\u0131 \u00f6lk\u0259d\u0259n istifad\u0259 etm\u0259y\u0259 \u00e7al\u0131\u015facaq.\u00a0Buna g\u00f6r\u0259 d\u0259 bu v\u0259 buna b\u0259nz\u0259r v\u0259ziyy\u0259tl\u0259rd\u0259 Ukrayna qabaqlay\u0131c\u0131 t\u0259dbirl\u0259r g\u00f6r\u0259c\u0259k\u201d, &#8211; o bildirib.<\/p>\n<p><img src=\"https:\/\/assets.oxu.az\/uploads\/W1siZiIsIjIwMjAvMDEvMTEvMTMvNDQvMDEvN2I5MGFjZjItYWEwYy00YzE1LTk2ZGUtMTIwYjAwOTg0ZDQzL2Vrc3BlcnQxLmpwZyJdLFsicCIsImVuY29kZSIsImpwZyIsIi1xdWFsaXR5IDgwIl0sWyJwIiwidGh1bWIiLCI1OTB4NTkwXHUwMDNlIl1d?sha=b071b147e368596a\" alt=\"\" \/><\/p>\n<p>Politoloq qeyd edib ki, Simferopol v\u0259 Yerevan aras\u0131nda birba\u015fa avia\u0259laq\u0259l\u0259r ilk d\u0259f\u0259 h\u0259l\u0259 2014-c\u00fc ilin oktyabr\u0131nda anons edilib. Lakin h\u0259r \u015fey \u0259vv\u0259lki kimidir.<\/p>\n<p>\u00d6z n\u00f6vb\u0259sind\u0259 ukraynal\u0131 siyasi ekspert Petro Ole\u015f\u00e7uk<strong>\u00a0<\/strong>Oxu.Az-a bildirib ki, Kr\u0131mdan Erm\u0259nistana aviareysin a\u00e7\u0131lmas\u0131 informasiya tullant\u0131s\u0131ndan ba\u015fqa bir \u015fey deyil:<\/p>\n<p>\u201cAyd\u0131nd\u0131r ki, bu n\u00f6vb\u0259ti informasiya tullant\u0131s\u0131d\u0131r. Yerevan-Kr\u0131m aviareysinin a\u00e7\u0131lmas\u0131 bar\u0259d\u0259 \u015fayi\u0259l\u0259r art\u0131q 2019-cu ilin dekabr\u0131nda aktiv \u015f\u0259kild\u0259 tirajlan\u0131rd\u0131. Ancaq n\u0259tic\u0259d\u0259, Erm\u0259nistan\u0131n Ba\u015f nazirinin Aparat\u0131n\u0131n \u0130ctimaiyy\u0259tl\u0259 \u018flaq\u0259l\u0259r v\u0259 \u0130nformasiya M\u0259rk\u0259zi m\u0259lumatlar\u0131n h\u0259qiq\u0259ti \u0259ks etdirm\u0259diyini bildirdi.<\/p>\n<p>\u00d6z n\u00f6vb\u0259sind\u0259 Erm\u0259nistan M\u00fclki Aviasiya Komit\u0259sind\u0259n bildirilib ki, g\u00f6st\u0259ril\u0259n Rusiya \u015firk\u0259ti il\u0259 bel\u0259 m\u00fczakir\u0259l\u0259r apar\u0131lmay\u0131b, Kr\u0131m istiqam\u0259tinin a\u00e7\u0131lmas\u0131 \u00fc\u00e7\u00fcn m\u00fcraci\u0259tl\u0259r daxil olmay\u0131b.<\/p>\n<p><img src=\"https:\/\/assets.oxu.az\/uploads\/W1siZiIsIjIwMjAvMDEvMTEvMTMvNDQvMDAvNWVmZjdjNGUtN2MxYy00ZDY4LTk3MWMtOGU4MGJiZDIxZjg2L2Vrc3BlcnQyLmpwZyJdLFsicCIsImVuY29kZSIsImpwZyIsIi1xdWFsaXR5IDgwIl0sWyJwIiwidGh1bWIiLCI1OTB4NTkwXHUwMDNlIl1d?sha=29ee672c0d3befc1\" alt=\"\" \/><\/p>\n<p>Ekspert\u00a0onu da qeyd edib ki, Erm\u0259nistan avia\u0259laq\u0259ni yaratmaq q\u0259rar\u0131na g\u0259ls\u0259, bu zaman Q\u0259rb Erm\u0259nistana qar\u015f\u0131 sanksiyalar t\u0259tbiq ed\u0259 bil\u0259r.<\/p>\n<p>Ukraynal\u0131 politoloq h\u0259r \u015fey\u0259 baxmayaraq Erm\u0259nistan\u0131n Kr\u0131mla avia\u0259laq\u0259 yaratmaq q\u0259rar\u0131n\u0131n q\u0259bul edilm\u0259si il\u0259 ba\u011fl\u0131 \u00f6z\u00fcn\u0259 hesabat ver\u0259c\u0259yin\u0259 \u00fcmid etdiyini, \u0259ks halda r\u0259smi Yerevan\u0131n m\u00fcmk\u00fcn f\u0259sadlarla qar\u015f\u0131la\u015fa bil\u0259c\u0259yini bildirib.<\/p>\n<p>\u201cAncaq haz\u0131rda \u0259minlikl\u0259 dey\u0259 bil\u0259r\u0259m ki, bu, \u201csaxtad\u0131r\u201d, &#8211;\u00a0ekspert fikrini tamamlay\u0131b.<\/p>\n","protected":false},"excerpt":{"rendered":"<p>B\u0259zi erm\u0259ni k\u00fctl\u0259vi informasiya vasit\u0259l\u0259rind\u0259 Kr\u0131mdan Erm\u0259nistana ilk \u201cbeyn\u0259lxalq u\u00e7u\u015f\u201dun ba\u015flanmas\u0131 bar\u0259d\u0259 m\u0259lumat yay\u0131l\u0131b. Bildirilib ki, ilhaq edilmi\u015f yar\u0131madan\u0131n turizm, kurortlar v\u0259 idman komit\u0259sinin s\u0259dri Aleksey \u00c7ernyak Rusiya Federal Hava N\u0259qliyyat\u0131 Agentliyinin (\u201cRosaviasiya\u201d) 2020-ci ild\u0259 Simferopol (Kr\u0131m) v\u0259 Yerevan (Erm\u0259nistan) hava limanlar\u0131 aras\u0131nda avia\u0259laq\u0259nin a\u00e7\u0131lmas\u0131n\u0131 raz\u0131la\u015fd\u0131rd\u0131\u011f\u0131n\u0131 bildirib. \u201cCari ilin mart ay\u0131ndan Kr\u0131m v\u0259 Erm\u0259nistan aras\u0131nda m\u00fcnt\u0259z\u0259m aviareysl\u0259rin ba\u015flanmas\u0131 planla\u015fd\u0131r\u0131l\u0131r. \u201c\u0130kar\u201d avia\u015firk\u0259ti art\u0131q m\u00fcnt\u0259z\u0259m u\u00e7u\u015flar \u00fc\u00e7\u00fcn \u201cRosaviasiya\u201ddan m\u00fcvafiq icaz\u0259 v\u0259 t\u0259sdiq al\u0131b. \u0130ndi m\u0259s\u0259l\u0259, o c\u00fcml\u0259d\u0259n, u\u00e7u\u015f c\u0259dv\u0259ll\u0259ri v\u0259 hava limanlar\u0131 il\u0259 raz\u0131la\u015fmalar bax\u0131m\u0131ndan haz\u0131rl\u0131q v\u0259 raz\u0131la\u015fd\u0131rma m\u0259rh\u0259l\u0259sind\u0259dir. U\u00e7u\u015flar mart ay\u0131ndan&hellip;<\/p>\n","protected":false},"author":2,"featured_media":117278,"comment_status":"closed","ping_status":"closed","sticky":false,"template":"","format":"standard","meta":{"om_disable_all_campaigns":false,"_monsterinsights_skip_tracking":false,"_monsterinsights_sitenote_active":false,"_monsterinsights_sitenote_note":"","_monsterinsights_sitenote_category":0},"categories":[4],"tags":[],"aioseo_notices":[],"gutentor_comment":0,"rttpg_featured_image_url":{"full":["https:\/\/arantv.az\/wp-content\/uploads\/2020\/01\/simfe.jpg",618,405,false],"landscape":["https:\/\/arantv.az\/wp-content\/uploads\/2020\/01\/simfe.jpg",618,405,false],"portraits":["https:\/\/arantv.az\/wp-content\/uploads\/2020\/01\/simfe.jpg",618,405,false],"thumbnail":["https:\/\/arantv.az\/wp-content\/uploads\/2020\/01\/simfe-150x150.jpg",150,150,true],"medium":["https:\/\/arantv.az\/wp-content\/uploads\/2020\/01\/simfe-300x197.jpg",300,197,true],"large":["https:\/\/arantv.az\/wp-content\/uploads\/2020\/01\/simfe.jpg",618,405,false],"1536x1536":["https:\/\/arantv.az\/wp-content\/uploads\/2020\/01\/simfe.jpg",618,405,false],"2048x2048":["https:\/\/arantv.az\/wp-content\/uploads\/2020\/01\/simfe.jpg",618,405,false],"post-thumbnail":["https:\/\/arantv.az\/wp-content\/uploads\/2020\/01\/simfe-240x172.jpg",240,172,true],"advps-thumb-one":["https:\/\/arantv.az\/wp-content\/uploads\/2020\/01\/simfe.jpg",618,405,false]},"rttpg_author":{"display_name":"V\u00fcsal Rafiqo\u011flu","author_link":"https:\/\/arantv.az\/?author=2"},"rttpg_comment":0,"rttpg_category":"<a href=\"https:\/\/arantv.az\/?cat=4\" rel=\"category\">Siyas\u0259t<\/a>","rttpg_excerpt":"B\u0259zi erm\u0259ni k\u00fctl\u0259vi informasiya vasit\u0259l\u0259rind\u0259 Kr\u0131mdan Erm\u0259nistana ilk \u201cbeyn\u0259lxalq u\u00e7u\u015f\u201dun ba\u015flanmas\u0131 bar\u0259d\u0259 m\u0259lumat yay\u0131l\u0131b. Bildirilib ki, ilhaq edilmi\u015f yar\u0131madan\u0131n turizm, kurortlar v\u0259 idman komit\u0259sinin s\u0259dri Aleksey \u00c7ernyak Rusiya Federal Hava N\u0259qliyyat\u0131 Agentliyinin (\u201cRosaviasiya\u201d) 2020-ci ild\u0259 Simferopol (Kr\u0131m) v\u0259 Yerevan (Erm\u0259nistan) hava limanlar\u0131 aras\u0131nda avia\u0259laq\u0259nin a\u00e7\u0131lmas\u0131n\u0131 raz\u0131la\u015fd\u0131rd\u0131\u011f\u0131n\u0131 bildirib. \u201cCari ilin mart ay\u0131ndan Kr\u0131m v\u0259 Erm\u0259nistan aras\u0131nda&hellip;","_links":{"self":[{"href":"https:\/\/arantv.az\/index.php?rest_route=\/wp\/v2\/posts\/117277"}],"collection":[{"href":"https:\/\/arantv.az\/index.php?rest_route=\/wp\/v2\/posts"}],"about":[{"href":"https:\/\/arantv.az\/index.php?rest_route=\/wp\/v2\/types\/post"}],"author":[{"embeddable":true,"href":"https:\/\/arantv.az\/index.php?rest_route=\/wp\/v2\/users\/2"}],"replies":[{"embeddable":true,"href":"https:\/\/arantv.az\/index.php?rest_route=%2Fwp%2Fv2%2Fcomments&post=117277"}],"version-history":[{"count":0,"href":"https:\/\/arantv.az\/index.php?rest_route=\/wp\/v2\/posts\/117277\/revisions"}],"wp:featuredmedia":[{"embeddable":true,"href":"https:\/\/arantv.az\/index.php?rest_route=\/wp\/v2\/media\/117278"}],"wp:attachment":[{"href":"https:\/\/arantv.az\/index.php?rest_route=%2Fwp%2Fv2%2Fmedia&parent=117277"}],"wp:term":[{"taxonomy":"category","embeddable":true,"href":"https:\/\/arantv.az\/index.php?rest_route=%2Fwp%2Fv2%2Fcategories&post=117277"},{"taxonomy":"post_tag","embeddable":true,"href":"https:\/\/arantv.az\/index.php?rest_route=%2Fwp%2Fv2%2Ftags&post=117277"}],"curies":[{"name":"wp","href":"https:\/\/api.w.org\/{rel}","templated":true}]}}