{"id":117410,"date":"2020-01-11T15:49:18","date_gmt":"2020-01-11T12:49:18","guid":{"rendered":"http:\/\/arantv.az\/?p=117410"},"modified":"2020-01-11T15:49:18","modified_gmt":"2020-01-11T12:49:18","slug":"%c9%99li-%c9%99hm%c9%99dov-yap-parlament-seckil%c9%99rin%c9%99-ciddi-s%c9%99kild%c9%99-hazirlasib","status":"publish","type":"post","link":"https:\/\/arantv.az\/?p=117410","title":{"rendered":"\u018fli \u018fhm\u0259dov: &#8220;YAP parlament se\u00e7kil\u0259rin\u0259 ciddi \u015f\u0259kild\u0259 haz\u0131rla\u015f\u0131b&#8221;"},"content":{"rendered":"<blockquote><p><em><strong>B\u00f6y\u00fck se\u00e7ki t\u0259cr\u00fcb\u0259sin\u0259 malik olan Yeni Az\u0259rbaycan Partiyas\u0131 parlament se\u00e7kil\u0259rin\u0259 ciddi \u015f\u0259kild\u0259 haz\u0131rla\u015f\u0131b.<\/strong><\/em><\/p><\/blockquote>\n<p><strong>ARANTV.AZ<\/strong>\u00a0<a href=\"http:\/\/az.trend.az\/\" target=\"_blank\" rel=\"noopener\">Trend<\/a>-\u0259 istinad\u0259n bildirir ki, bunu Ba\u015f nazirin m\u00fcavini, YAP S\u0259drinin m\u00fcavini-\u0130cra katibi \u018fli \u018fhm\u0259dov Yeni Az\u0259rbaycan Partiyas\u0131n\u0131n (YAP) rayon v\u0259 \u015f\u0259h\u0259r t\u0259\u015fkilatlar\u0131n\u0131n \u00fcmumrespublika m\u00fc\u015favir\u0259sind\u0259 deyib.<\/p>\n<p>\u018f.\u018fhm\u0259dov Prezident \u0130lham \u018fliyevin h\u0259yata ke\u00e7irdiyi siyas\u0259t n\u0259tic\u0259sind\u0259 Az\u0259rbaycan\u0131n dinamik inki\u015faf etdiyini, b\u00fct\u00fcn sah\u0259l\u0259r \u00fczr\u0259 m\u00fch\u00fcm nailiyy\u0259tl\u0259rin qazan\u0131ld\u0131\u011f\u0131n\u0131 diqq\u0259t\u0259 \u00e7atd\u0131r\u0131b. \u018fli \u018fhm\u0259dov bildirib ki, d\u00f6vl\u0259timizin ba\u015f\u00e7\u0131s\u0131n\u0131n r\u0259hb\u0259rliyi il\u0259 m\u00fcasir d\u00f6vr\u00fcn \u00e7a\u011f\u0131r\u0131\u015flar\u0131 il\u0259 s\u0259sl\u0259\u015f\u0259n islahatlar h\u0259yata ke\u00e7irilir v\u0259 xalq\u0131m\u0131z, c\u0259miyy\u0259timiz bu islahatlar\u0131 d\u0259st\u0259kl\u0259yir.<\/p>\n<p>Haz\u0131rda \u00f6lk\u0259mizin m\u00fch\u00fcm siyasi hadis\u0259 \u0259r\u0259f\u0259sind\u0259 oldu\u011funu dey\u0259n YAP S\u0259drinin m\u00fcavini fevral\u0131n 9-da Az\u0259rbaycanda parlament se\u00e7kil\u0259rinin ke\u00e7iril\u0259c\u0259yini qeyd edib.<\/p>\n<p>M\u00fc\u015favir\u0259d\u0259 parlament se\u00e7kil\u0259ri kampaniyas\u0131 il\u0259 \u0259laq\u0259dar partiyan\u0131n rayon v\u0259 \u015f\u0259h\u0259r t\u0259\u015fkilatlar\u0131na m\u00fcvafiq t\u00f6vsiy\u0259 v\u0259 tap\u015f\u0131r\u0131qlar verilib.<\/p>\n","protected":false},"excerpt":{"rendered":"<p>B\u00f6y\u00fck se\u00e7ki t\u0259cr\u00fcb\u0259sin\u0259 malik olan Yeni Az\u0259rbaycan Partiyas\u0131 parlament se\u00e7kil\u0259rin\u0259 ciddi \u015f\u0259kild\u0259 haz\u0131rla\u015f\u0131b. ARANTV.AZ\u00a0Trend-\u0259 istinad\u0259n bildirir ki, bunu Ba\u015f nazirin m\u00fcavini, YAP S\u0259drinin m\u00fcavini-\u0130cra katibi \u018fli \u018fhm\u0259dov Yeni Az\u0259rbaycan Partiyas\u0131n\u0131n (YAP) rayon v\u0259 \u015f\u0259h\u0259r t\u0259\u015fkilatlar\u0131n\u0131n \u00fcmumrespublika m\u00fc\u015favir\u0259sind\u0259 deyib. \u018f.\u018fhm\u0259dov Prezident \u0130lham \u018fliyevin h\u0259yata ke\u00e7irdiyi siyas\u0259t n\u0259tic\u0259sind\u0259 Az\u0259rbaycan\u0131n dinamik inki\u015faf etdiyini, b\u00fct\u00fcn sah\u0259l\u0259r \u00fczr\u0259 m\u00fch\u00fcm nailiyy\u0259tl\u0259rin qazan\u0131ld\u0131\u011f\u0131n\u0131 diqq\u0259t\u0259 \u00e7atd\u0131r\u0131b. \u018fli \u018fhm\u0259dov bildirib ki, d\u00f6vl\u0259timizin ba\u015f\u00e7\u0131s\u0131n\u0131n r\u0259hb\u0259rliyi il\u0259 m\u00fcasir d\u00f6vr\u00fcn \u00e7a\u011f\u0131r\u0131\u015flar\u0131 il\u0259 s\u0259sl\u0259\u015f\u0259n islahatlar h\u0259yata ke\u00e7irilir v\u0259 xalq\u0131m\u0131z, c\u0259miyy\u0259timiz bu islahatlar\u0131 d\u0259st\u0259kl\u0259yir. Haz\u0131rda \u00f6lk\u0259mizin m\u00fch\u00fcm siyasi hadis\u0259 \u0259r\u0259f\u0259sind\u0259 oldu\u011funu dey\u0259n YAP S\u0259drinin&hellip;<\/p>\n","protected":false},"author":2,"featured_media":117411,"comment_status":"closed","ping_status":"closed","sticky":false,"template":"","format":"standard","meta":{"om_disable_all_campaigns":false,"_monsterinsights_skip_tracking":false,"_monsterinsights_sitenote_active":false,"_monsterinsights_sitenote_note":"","_monsterinsights_sitenote_category":0},"categories":[4],"tags":[],"aioseo_notices":[],"gutentor_comment":0,"rttpg_featured_image_url":{"full":["https:\/\/arantv.az\/wp-content\/uploads\/2020\/01\/eli_ehmedov.jpg",976,900,false],"landscape":["https:\/\/arantv.az\/wp-content\/uploads\/2020\/01\/eli_ehmedov.jpg",976,900,false],"portraits":["https:\/\/arantv.az\/wp-content\/uploads\/2020\/01\/eli_ehmedov.jpg",976,900,false],"thumbnail":["https:\/\/arantv.az\/wp-content\/uploads\/2020\/01\/eli_ehmedov-150x150.jpg",150,150,true],"medium":["https:\/\/arantv.az\/wp-content\/uploads\/2020\/01\/eli_ehmedov-300x277.jpg",300,277,true],"large":["https:\/\/arantv.az\/wp-content\/uploads\/2020\/01\/eli_ehmedov.jpg",640,590,false],"1536x1536":["https:\/\/arantv.az\/wp-content\/uploads\/2020\/01\/eli_ehmedov.jpg",976,900,false],"2048x2048":["https:\/\/arantv.az\/wp-content\/uploads\/2020\/01\/eli_ehmedov.jpg",976,900,false],"post-thumbnail":["https:\/\/arantv.az\/wp-content\/uploads\/2020\/01\/eli_ehmedov-240x172.jpg",240,172,true],"advps-thumb-one":["https:\/\/arantv.az\/wp-content\/uploads\/2020\/01\/eli_ehmedov-976x620.jpg",976,620,true]},"rttpg_author":{"display_name":"V\u00fcsal Rafiqo\u011flu","author_link":"https:\/\/arantv.az\/?author=2"},"rttpg_comment":0,"rttpg_category":"<a href=\"https:\/\/arantv.az\/?cat=4\" rel=\"category\">Siyas\u0259t<\/a>","rttpg_excerpt":"B\u00f6y\u00fck se\u00e7ki t\u0259cr\u00fcb\u0259sin\u0259 malik olan Yeni Az\u0259rbaycan Partiyas\u0131 parlament se\u00e7kil\u0259rin\u0259 ciddi \u015f\u0259kild\u0259 haz\u0131rla\u015f\u0131b. ARANTV.AZ\u00a0Trend-\u0259 istinad\u0259n bildirir ki, bunu Ba\u015f nazirin m\u00fcavini, YAP S\u0259drinin m\u00fcavini-\u0130cra katibi \u018fli \u018fhm\u0259dov Yeni Az\u0259rbaycan Partiyas\u0131n\u0131n (YAP) rayon v\u0259 \u015f\u0259h\u0259r t\u0259\u015fkilatlar\u0131n\u0131n \u00fcmumrespublika m\u00fc\u015favir\u0259sind\u0259 deyib. \u018f.\u018fhm\u0259dov Prezident \u0130lham \u018fliyevin h\u0259yata ke\u00e7irdiyi siyas\u0259t n\u0259tic\u0259sind\u0259 Az\u0259rbaycan\u0131n dinamik inki\u015faf etdiyini, b\u00fct\u00fcn sah\u0259l\u0259r \u00fczr\u0259 m\u00fch\u00fcm nailiyy\u0259tl\u0259rin&hellip;","_links":{"self":[{"href":"https:\/\/arantv.az\/index.php?rest_route=\/wp\/v2\/posts\/117410"}],"collection":[{"href":"https:\/\/arantv.az\/index.php?rest_route=\/wp\/v2\/posts"}],"about":[{"href":"https:\/\/arantv.az\/index.php?rest_route=\/wp\/v2\/types\/post"}],"author":[{"embeddable":true,"href":"https:\/\/arantv.az\/index.php?rest_route=\/wp\/v2\/users\/2"}],"replies":[{"embeddable":true,"href":"https:\/\/arantv.az\/index.php?rest_route=%2Fwp%2Fv2%2Fcomments&post=117410"}],"version-history":[{"count":0,"href":"https:\/\/arantv.az\/index.php?rest_route=\/wp\/v2\/posts\/117410\/revisions"}],"wp:featuredmedia":[{"embeddable":true,"href":"https:\/\/arantv.az\/index.php?rest_route=\/wp\/v2\/media\/117411"}],"wp:attachment":[{"href":"https:\/\/arantv.az\/index.php?rest_route=%2Fwp%2Fv2%2Fmedia&parent=117410"}],"wp:term":[{"taxonomy":"category","embeddable":true,"href":"https:\/\/arantv.az\/index.php?rest_route=%2Fwp%2Fv2%2Fcategories&post=117410"},{"taxonomy":"post_tag","embeddable":true,"href":"https:\/\/arantv.az\/index.php?rest_route=%2Fwp%2Fv2%2Ftags&post=117410"}],"curies":[{"name":"wp","href":"https:\/\/api.w.org\/{rel}","templated":true}]}}