{"id":117418,"date":"2020-01-11T16:03:48","date_gmt":"2020-01-11T13:03:48","guid":{"rendered":"http:\/\/arantv.az\/?p=117418"},"modified":"2020-01-11T16:03:48","modified_gmt":"2020-01-11T13:03:48","slug":"2-ay-onc%c9%99-ozunu-oluluy%c9%99-vurub-videosunu-c%c9%99kmisdi-el%c9%99-d%c9%99-oldu-sok-olay","status":"publish","type":"post","link":"https:\/\/arantv.az\/?p=117418","title":{"rendered":"2 ay \u00f6nc\u0259 \u00f6z\u00fcn\u00fc \u00f6l\u00fcl\u00fcy\u0259 vurub videosunu \u00e7\u0259kmi\u015fdi, el\u0259 d\u0259 \u00d6LD\u00dc &#8211; \u015eOK OLAY"},"content":{"rendered":"<p>Antalyada 20 g\u00fcn \u00f6nc\u0259 infarkt n\u0259tic\u0259sind\u0259 h\u0259yat\u0131n\u0131 itir\u0259n \u015f\u0259xsin 2 ay qabaq xatir\u0259 qalmas\u0131 \u00fc\u00e7\u00fcn azya\u015fl\u0131 qarda\u015f\u0131 q\u0131z\u0131 il\u0259 zarafatyana \u00e7\u0259kdiyi videoda infarkt ke\u00e7irm\u0259 an\u0131n\u0131 canland\u0131rd\u0131\u011f\u0131 ortaya \u00e7\u0131x\u0131b.<\/p>\n<p>28 ya\u015fl\u0131 m\u0259rhum Ali Ba\u015f\u0131n yax\u0131nlar\u0131 videonu g\u00f6r\u0259nd\u0259 \u015fok olublar.<\/p>\n<p>Yax\u0131n dostu Alinin videonu b\u00f6y\u00fck qarda\u015f\u0131n\u0131n evind\u0259 \u00e7\u0259kdiyini bildirib:<\/p>\n<p>&#8220;Dem\u0259k ki, bel\u0259 \u00f6l\u0259c\u0259yini hiss edibmi\u015f. Xatir\u0259 qals\u0131n dey\u0259 bu add\u0131m\u0131 at\u0131b. \u0130ndi biz v\u0259 ail\u0259si bu videoya bax\u0131b onu an\u0131r\u0131q&#8221;.<\/p>\n<p>Milli.az<\/p>\n","protected":false},"excerpt":{"rendered":"<p>Antalyada 20 g\u00fcn \u00f6nc\u0259 infarkt n\u0259tic\u0259sind\u0259 h\u0259yat\u0131n\u0131 itir\u0259n \u015f\u0259xsin 2 ay qabaq xatir\u0259 qalmas\u0131 \u00fc\u00e7\u00fcn azya\u015fl\u0131 qarda\u015f\u0131 q\u0131z\u0131 il\u0259 zarafatyana \u00e7\u0259kdiyi videoda infarkt ke\u00e7irm\u0259 an\u0131n\u0131 canland\u0131rd\u0131\u011f\u0131 ortaya \u00e7\u0131x\u0131b. 28 ya\u015fl\u0131 m\u0259rhum Ali Ba\u015f\u0131n yax\u0131nlar\u0131 videonu g\u00f6r\u0259nd\u0259 \u015fok olublar. Yax\u0131n dostu Alinin videonu b\u00f6y\u00fck qarda\u015f\u0131n\u0131n evind\u0259 \u00e7\u0259kdiyini bildirib: &#8220;Dem\u0259k ki, bel\u0259 \u00f6l\u0259c\u0259yini hiss edibmi\u015f. Xatir\u0259 qals\u0131n dey\u0259 bu add\u0131m\u0131 at\u0131b. \u0130ndi biz v\u0259 ail\u0259si bu videoya bax\u0131b onu an\u0131r\u0131q&#8221;. Milli.az<\/p>\n","protected":false},"author":2,"featured_media":117419,"comment_status":"closed","ping_status":"closed","sticky":false,"template":"","format":"standard","meta":{"om_disable_all_campaigns":false,"_monsterinsights_skip_tracking":false,"_monsterinsights_sitenote_active":false,"_monsterinsights_sitenote_note":"","_monsterinsights_sitenote_category":0},"categories":[7],"tags":[],"aioseo_notices":[],"gutentor_comment":0,"rttpg_featured_image_url":{"full":["https:\/\/arantv.az\/wp-content\/uploads\/2020\/01\/D41A7B1F-833A-4F0C-ADEF-725E20B07E04.jpe.jpg",649,487,false],"landscape":["https:\/\/arantv.az\/wp-content\/uploads\/2020\/01\/D41A7B1F-833A-4F0C-ADEF-725E20B07E04.jpe.jpg",649,487,false],"portraits":["https:\/\/arantv.az\/wp-content\/uploads\/2020\/01\/D41A7B1F-833A-4F0C-ADEF-725E20B07E04.jpe.jpg",649,487,false],"thumbnail":["https:\/\/arantv.az\/wp-content\/uploads\/2020\/01\/D41A7B1F-833A-4F0C-ADEF-725E20B07E04.jpe-150x150.jpg",150,150,true],"medium":["https:\/\/arantv.az\/wp-content\/uploads\/2020\/01\/D41A7B1F-833A-4F0C-ADEF-725E20B07E04.jpe-300x225.jpg",300,225,true],"large":["https:\/\/arantv.az\/wp-content\/uploads\/2020\/01\/D41A7B1F-833A-4F0C-ADEF-725E20B07E04.jpe.jpg",640,480,false],"1536x1536":["https:\/\/arantv.az\/wp-content\/uploads\/2020\/01\/D41A7B1F-833A-4F0C-ADEF-725E20B07E04.jpe.jpg",649,487,false],"2048x2048":["https:\/\/arantv.az\/wp-content\/uploads\/2020\/01\/D41A7B1F-833A-4F0C-ADEF-725E20B07E04.jpe.jpg",649,487,false],"post-thumbnail":["https:\/\/arantv.az\/wp-content\/uploads\/2020\/01\/D41A7B1F-833A-4F0C-ADEF-725E20B07E04.jpe-240x172.jpg",240,172,true],"advps-thumb-one":["https:\/\/arantv.az\/wp-content\/uploads\/2020\/01\/D41A7B1F-833A-4F0C-ADEF-725E20B07E04.jpe.jpg",649,487,false]},"rttpg_author":{"display_name":"V\u00fcsal Rafiqo\u011flu","author_link":"https:\/\/arantv.az\/?author=2"},"rttpg_comment":0,"rttpg_category":"<a href=\"https:\/\/arantv.az\/?cat=7\" rel=\"category\">D\u00fcnya<\/a>","rttpg_excerpt":"Antalyada 20 g\u00fcn \u00f6nc\u0259 infarkt n\u0259tic\u0259sind\u0259 h\u0259yat\u0131n\u0131 itir\u0259n \u015f\u0259xsin 2 ay qabaq xatir\u0259 qalmas\u0131 \u00fc\u00e7\u00fcn azya\u015fl\u0131 qarda\u015f\u0131 q\u0131z\u0131 il\u0259 zarafatyana \u00e7\u0259kdiyi videoda infarkt ke\u00e7irm\u0259 an\u0131n\u0131 canland\u0131rd\u0131\u011f\u0131 ortaya \u00e7\u0131x\u0131b. 28 ya\u015fl\u0131 m\u0259rhum Ali Ba\u015f\u0131n yax\u0131nlar\u0131 videonu g\u00f6r\u0259nd\u0259 \u015fok olublar. Yax\u0131n dostu Alinin videonu b\u00f6y\u00fck qarda\u015f\u0131n\u0131n evind\u0259 \u00e7\u0259kdiyini bildirib: &#8220;Dem\u0259k ki, bel\u0259 \u00f6l\u0259c\u0259yini hiss edibmi\u015f. Xatir\u0259 qals\u0131n&hellip;","_links":{"self":[{"href":"https:\/\/arantv.az\/index.php?rest_route=\/wp\/v2\/posts\/117418"}],"collection":[{"href":"https:\/\/arantv.az\/index.php?rest_route=\/wp\/v2\/posts"}],"about":[{"href":"https:\/\/arantv.az\/index.php?rest_route=\/wp\/v2\/types\/post"}],"author":[{"embeddable":true,"href":"https:\/\/arantv.az\/index.php?rest_route=\/wp\/v2\/users\/2"}],"replies":[{"embeddable":true,"href":"https:\/\/arantv.az\/index.php?rest_route=%2Fwp%2Fv2%2Fcomments&post=117418"}],"version-history":[{"count":0,"href":"https:\/\/arantv.az\/index.php?rest_route=\/wp\/v2\/posts\/117418\/revisions"}],"wp:featuredmedia":[{"embeddable":true,"href":"https:\/\/arantv.az\/index.php?rest_route=\/wp\/v2\/media\/117419"}],"wp:attachment":[{"href":"https:\/\/arantv.az\/index.php?rest_route=%2Fwp%2Fv2%2Fmedia&parent=117418"}],"wp:term":[{"taxonomy":"category","embeddable":true,"href":"https:\/\/arantv.az\/index.php?rest_route=%2Fwp%2Fv2%2Fcategories&post=117418"},{"taxonomy":"post_tag","embeddable":true,"href":"https:\/\/arantv.az\/index.php?rest_route=%2Fwp%2Fv2%2Ftags&post=117418"}],"curies":[{"name":"wp","href":"https:\/\/api.w.org\/{rel}","templated":true}]}}