{"id":117509,"date":"2020-01-13T09:13:58","date_gmt":"2020-01-13T06:13:58","guid":{"rendered":"http:\/\/arantv.az\/?p=117509"},"modified":"2020-01-13T09:13:58","modified_gmt":"2020-01-13T06:13:58","slug":"simal-bolg%c9%99sin%c9%99-qar-yagib-foto","status":"publish","type":"post","link":"https:\/\/arantv.az\/?p=117509","title":{"rendered":"\u015eimal b\u00f6lg\u0259sin\u0259 qar ya\u011f\u0131b \u2014 FOTO"},"content":{"rendered":"<p>Quba v\u0259 Qusar rayonlar\u0131nda qar ya\u011fma\u011fa ba\u015flay\u0131b.<\/p>\n<p><strong>ARANTV.AZ<\/strong>-\u0131n Report-a istinad\u0259n verdiyi m\u0259lumata g\u00f6r\u0259, \u015fimal zonas\u0131nda bir m\u00fcdd\u0259tdir ki, m\u00fclayim ke\u00e7\u0259n hava \u015f\u0259raiti d\u0259yi\u015fib v\u0259 gec\u0259 saatlar\u0131ndan qar ya\u011fma\u011fa ba\u015flay\u0131b.<\/p>\n<p>Haz\u0131rda h\u0259r iki rayonun \u0259razisind\u0259 ya\u011f\u0131nt\u0131 davam edir.<\/p>\n<div class=\"carousel initialized\" data-namespace=\"DIVcarousel0\"><a class=\"carousel-item active\" href=\"http:\/\/olke.az\/news\/detail\/simal-bolgesine-qar-yagib-foto-178448\/#!\"><img src=\"http:\/\/olke.az\/uploads\/1578892288\/86000e22-cd57-40d5-84f2-6b0aa18dbe18.jpg\" alt=\"\" width=\"100%\" data-desc=\"\" data-author=\"olke.az\" \/><\/a><a class=\"carousel-item\" href=\"http:\/\/olke.az\/news\/detail\/simal-bolgesine-qar-yagib-foto-178448\/#!\"><img src=\"http:\/\/olke.az\/uploads\/1578892288\/2d830898-2110-4778-bfd8-3352e19f67b6.jpg\" alt=\"\" width=\"100%\" data-desc=\"\" data-author=\"olke.az\" \/><\/a><a class=\"carousel-item\" href=\"http:\/\/olke.az\/news\/detail\/simal-bolgesine-qar-yagib-foto-178448\/#!\"><img src=\"http:\/\/olke.az\/uploads\/1578892288\/fd1be539-7fe1-4a85-8cc7-ee9ece189166.jpg\" alt=\"\" width=\"100%\" data-desc=\"\" data-author=\"olke.az\" \/><\/a><\/div>\n","protected":false},"excerpt":{"rendered":"<p>Quba v\u0259 Qusar rayonlar\u0131nda qar ya\u011fma\u011fa ba\u015flay\u0131b. ARANTV.AZ-\u0131n Report-a istinad\u0259n verdiyi m\u0259lumata g\u00f6r\u0259, \u015fimal zonas\u0131nda bir m\u00fcdd\u0259tdir ki, m\u00fclayim ke\u00e7\u0259n hava \u015f\u0259raiti d\u0259yi\u015fib v\u0259 gec\u0259 saatlar\u0131ndan qar ya\u011fma\u011fa ba\u015flay\u0131b. Haz\u0131rda h\u0259r iki rayonun \u0259razisind\u0259 ya\u011f\u0131nt\u0131 davam edir.<\/p>\n","protected":false},"author":2,"featured_media":117510,"comment_status":"closed","ping_status":"closed","sticky":false,"template":"","format":"standard","meta":{"om_disable_all_campaigns":false,"_monsterinsights_skip_tracking":false,"_monsterinsights_sitenote_active":false,"_monsterinsights_sitenote_note":"","_monsterinsights_sitenote_category":0},"categories":[2],"tags":[],"aioseo_notices":[],"gutentor_comment":0,"rttpg_featured_image_url":{"full":["https:\/\/arantv.az\/wp-content\/uploads\/2020\/01\/6279dd0f-3b39-4bb3-a075-54d9d858559a_640.jpg",640,360,false],"landscape":["https:\/\/arantv.az\/wp-content\/uploads\/2020\/01\/6279dd0f-3b39-4bb3-a075-54d9d858559a_640.jpg",640,360,false],"portraits":["https:\/\/arantv.az\/wp-content\/uploads\/2020\/01\/6279dd0f-3b39-4bb3-a075-54d9d858559a_640.jpg",640,360,false],"thumbnail":["https:\/\/arantv.az\/wp-content\/uploads\/2020\/01\/6279dd0f-3b39-4bb3-a075-54d9d858559a_640-150x150.jpg",150,150,true],"medium":["https:\/\/arantv.az\/wp-content\/uploads\/2020\/01\/6279dd0f-3b39-4bb3-a075-54d9d858559a_640-300x169.jpg",300,169,true],"large":["https:\/\/arantv.az\/wp-content\/uploads\/2020\/01\/6279dd0f-3b39-4bb3-a075-54d9d858559a_640.jpg",640,360,false],"1536x1536":["https:\/\/arantv.az\/wp-content\/uploads\/2020\/01\/6279dd0f-3b39-4bb3-a075-54d9d858559a_640.jpg",640,360,false],"2048x2048":["https:\/\/arantv.az\/wp-content\/uploads\/2020\/01\/6279dd0f-3b39-4bb3-a075-54d9d858559a_640.jpg",640,360,false],"post-thumbnail":["https:\/\/arantv.az\/wp-content\/uploads\/2020\/01\/6279dd0f-3b39-4bb3-a075-54d9d858559a_640-240x172.jpg",240,172,true],"advps-thumb-one":["https:\/\/arantv.az\/wp-content\/uploads\/2020\/01\/6279dd0f-3b39-4bb3-a075-54d9d858559a_640.jpg",640,360,false]},"rttpg_author":{"display_name":"V\u00fcsal Rafiqo\u011flu","author_link":"https:\/\/arantv.az\/?author=2"},"rttpg_comment":0,"rttpg_category":"<a href=\"https:\/\/arantv.az\/?cat=2\" rel=\"category\">Region X\u0259b\u0259rl\u0259ri<\/a>","rttpg_excerpt":"Quba v\u0259 Qusar rayonlar\u0131nda qar ya\u011fma\u011fa ba\u015flay\u0131b. ARANTV.AZ-\u0131n Report-a istinad\u0259n verdiyi m\u0259lumata g\u00f6r\u0259, \u015fimal zonas\u0131nda bir m\u00fcdd\u0259tdir ki, m\u00fclayim ke\u00e7\u0259n hava \u015f\u0259raiti d\u0259yi\u015fib v\u0259 gec\u0259 saatlar\u0131ndan qar ya\u011fma\u011fa ba\u015flay\u0131b. Haz\u0131rda h\u0259r iki rayonun \u0259razisind\u0259 ya\u011f\u0131nt\u0131 davam edir.","_links":{"self":[{"href":"https:\/\/arantv.az\/index.php?rest_route=\/wp\/v2\/posts\/117509"}],"collection":[{"href":"https:\/\/arantv.az\/index.php?rest_route=\/wp\/v2\/posts"}],"about":[{"href":"https:\/\/arantv.az\/index.php?rest_route=\/wp\/v2\/types\/post"}],"author":[{"embeddable":true,"href":"https:\/\/arantv.az\/index.php?rest_route=\/wp\/v2\/users\/2"}],"replies":[{"embeddable":true,"href":"https:\/\/arantv.az\/index.php?rest_route=%2Fwp%2Fv2%2Fcomments&post=117509"}],"version-history":[{"count":0,"href":"https:\/\/arantv.az\/index.php?rest_route=\/wp\/v2\/posts\/117509\/revisions"}],"wp:featuredmedia":[{"embeddable":true,"href":"https:\/\/arantv.az\/index.php?rest_route=\/wp\/v2\/media\/117510"}],"wp:attachment":[{"href":"https:\/\/arantv.az\/index.php?rest_route=%2Fwp%2Fv2%2Fmedia&parent=117509"}],"wp:term":[{"taxonomy":"category","embeddable":true,"href":"https:\/\/arantv.az\/index.php?rest_route=%2Fwp%2Fv2%2Fcategories&post=117509"},{"taxonomy":"post_tag","embeddable":true,"href":"https:\/\/arantv.az\/index.php?rest_route=%2Fwp%2Fv2%2Ftags&post=117509"}],"curies":[{"name":"wp","href":"https:\/\/api.w.org\/{rel}","templated":true}]}}