{"id":117525,"date":"2020-01-13T09:26:35","date_gmt":"2020-01-13T06:26:35","guid":{"rendered":"http:\/\/arantv.az\/?p=117525"},"modified":"2020-01-13T09:26:35","modified_gmt":"2020-01-13T06:26:35","slug":"deputatliga-namiz%c9%99dl%c9%99rin-qeyd%c9%99-alinmasi-prosesi-n%c9%99-zaman-bit%c9%99c%c9%99k","status":"publish","type":"post","link":"https:\/\/arantv.az\/?p=117525","title":{"rendered":"Deputatl\u0131\u011fa namiz\u0259dl\u0259rin qeyd\u0259 al\u0131nmas\u0131 prosesi n\u0259 zaman bit\u0259c\u0259k?"},"content":{"rendered":"<p>N\u00f6vb\u0259d\u0259nk\u0259nar parlament se\u00e7kil\u0259rind\u0259 i\u015ftirak etm\u0259k ist\u0259y\u0259n deputatl\u0131\u011fa namiz\u0259dl\u0259rin qeyd\u0259 al\u0131nmas\u0131 prosesi davam edir.<\/p>\n<p><b>ARANTV.AZ<\/b>-\u0131n x\u0259b\u0259rin\u0259 g\u00f6r\u0259, haz\u0131rda t\u0259qdim edil\u0259n s\u0259n\u0259dl\u0259rd\u0259 m\u0259lumatlar\u0131n d\u00fczg\u00fcnl\u00fcy\u00fcn\u00fcn yoxlan\u0131lmas\u0131 v\u0259 namiz\u0259din qeyd\u0259 al\u0131n\u0131b-al\u0131nmamas\u0131 haqq\u0131nda q\u0259rar q\u0259bul edilm\u0259si m\u0259rh\u0259l\u0259sidir.<\/p>\n<p>S\u0259n\u0259dl\u0259r\u0259 dair\u0259 se\u00e7ki komissiyalar\u0131na q\u0259bul edildikd\u0259n sonra yeddi\u00a0g\u00fcn m\u00fcdd\u0259tind\u0259 bax\u0131lmal\u0131d\u0131r.<\/p>\n<p>Xat\u0131rladaq ki, namiz\u0259dl\u0259rin s\u0259n\u0259dl\u0259ri t\u0259qdim etm\u0259l\u0259ri m\u0259rh\u0259l\u0259si 2019-cu ilin dekabr\u0131n 21-d\u0259 ba\u015flay\u0131b, 2020-ci ilin yanvar\u0131n 10-u saat 18:00-d\u0259k davam edib.<\/p>\n<p>Dem\u0259li, namiz\u0259dl\u0259rin qeyd\u0259 al\u0131nmas\u0131 prosesi yanvar\u0131n 16-da bit\u0259c\u0259k.<\/p>\n<p>Yanvar\u0131n 17-d\u0259n etibar\u0259n is\u0259 deputatl\u0131\u011fa namiz\u0259dl\u0259rin t\u0259\u015fviqat kampaniyas\u0131na start veril\u0259c\u0259k.<br \/>\nSe\u00e7ki prosesinin bu m\u0259rh\u0259l\u0259si fevral\u0131n 8-d\u0259k davam ed\u0259c\u0259k.<\/p>\n<p>Qeyd ed\u0259k ki, Az\u0259rbaycanda Milli M\u0259clis\u0259 n\u00f6vb\u0259d\u0259nk\u0259nar se\u00e7kil\u0259ri bu ilin fevral\u0131n 9-da ke\u00e7iril\u0259c\u0259k.\u00a0Oxu.Az<\/p>\n","protected":false},"excerpt":{"rendered":"<p>N\u00f6vb\u0259d\u0259nk\u0259nar parlament se\u00e7kil\u0259rind\u0259 i\u015ftirak etm\u0259k ist\u0259y\u0259n deputatl\u0131\u011fa namiz\u0259dl\u0259rin qeyd\u0259 al\u0131nmas\u0131 prosesi davam edir. ARANTV.AZ-\u0131n x\u0259b\u0259rin\u0259 g\u00f6r\u0259, haz\u0131rda t\u0259qdim edil\u0259n s\u0259n\u0259dl\u0259rd\u0259 m\u0259lumatlar\u0131n d\u00fczg\u00fcnl\u00fcy\u00fcn\u00fcn yoxlan\u0131lmas\u0131 v\u0259 namiz\u0259din qeyd\u0259 al\u0131n\u0131b-al\u0131nmamas\u0131 haqq\u0131nda q\u0259rar q\u0259bul edilm\u0259si m\u0259rh\u0259l\u0259sidir. S\u0259n\u0259dl\u0259r\u0259 dair\u0259 se\u00e7ki komissiyalar\u0131na q\u0259bul edildikd\u0259n sonra yeddi\u00a0g\u00fcn m\u00fcdd\u0259tind\u0259 bax\u0131lmal\u0131d\u0131r. Xat\u0131rladaq ki, namiz\u0259dl\u0259rin s\u0259n\u0259dl\u0259ri t\u0259qdim etm\u0259l\u0259ri m\u0259rh\u0259l\u0259si 2019-cu ilin dekabr\u0131n 21-d\u0259 ba\u015flay\u0131b, 2020-ci ilin yanvar\u0131n 10-u saat 18:00-d\u0259k davam edib. Dem\u0259li, namiz\u0259dl\u0259rin qeyd\u0259 al\u0131nmas\u0131 prosesi yanvar\u0131n 16-da bit\u0259c\u0259k. Yanvar\u0131n 17-d\u0259n etibar\u0259n is\u0259 deputatl\u0131\u011fa namiz\u0259dl\u0259rin t\u0259\u015fviqat kampaniyas\u0131na start veril\u0259c\u0259k. Se\u00e7ki prosesinin bu m\u0259rh\u0259l\u0259si fevral\u0131n 8-d\u0259k davam ed\u0259c\u0259k. Qeyd ed\u0259k&hellip;<\/p>\n","protected":false},"author":2,"featured_media":117526,"comment_status":"closed","ping_status":"closed","sticky":false,"template":"","format":"standard","meta":{"om_disable_all_campaigns":false,"_monsterinsights_skip_tracking":false,"_monsterinsights_sitenote_active":false,"_monsterinsights_sitenote_note":"","_monsterinsights_sitenote_category":0},"categories":[4],"tags":[],"aioseo_notices":[],"gutentor_comment":0,"rttpg_featured_image_url":{"full":["https:\/\/arantv.az\/wp-content\/uploads\/2020\/01\/605d24826295efa.jpg",620,390,false],"landscape":["https:\/\/arantv.az\/wp-content\/uploads\/2020\/01\/605d24826295efa.jpg",620,390,false],"portraits":["https:\/\/arantv.az\/wp-content\/uploads\/2020\/01\/605d24826295efa.jpg",620,390,false],"thumbnail":["https:\/\/arantv.az\/wp-content\/uploads\/2020\/01\/605d24826295efa-150x150.jpg",150,150,true],"medium":["https:\/\/arantv.az\/wp-content\/uploads\/2020\/01\/605d24826295efa-300x189.jpg",300,189,true],"large":["https:\/\/arantv.az\/wp-content\/uploads\/2020\/01\/605d24826295efa.jpg",620,390,false],"1536x1536":["https:\/\/arantv.az\/wp-content\/uploads\/2020\/01\/605d24826295efa.jpg",620,390,false],"2048x2048":["https:\/\/arantv.az\/wp-content\/uploads\/2020\/01\/605d24826295efa.jpg",620,390,false],"post-thumbnail":["https:\/\/arantv.az\/wp-content\/uploads\/2020\/01\/605d24826295efa-240x172.jpg",240,172,true],"advps-thumb-one":["https:\/\/arantv.az\/wp-content\/uploads\/2020\/01\/605d24826295efa.jpg",620,390,false]},"rttpg_author":{"display_name":"V\u00fcsal Rafiqo\u011flu","author_link":"https:\/\/arantv.az\/?author=2"},"rttpg_comment":0,"rttpg_category":"<a href=\"https:\/\/arantv.az\/?cat=4\" rel=\"category\">Siyas\u0259t<\/a>","rttpg_excerpt":"N\u00f6vb\u0259d\u0259nk\u0259nar parlament se\u00e7kil\u0259rind\u0259 i\u015ftirak etm\u0259k ist\u0259y\u0259n deputatl\u0131\u011fa namiz\u0259dl\u0259rin qeyd\u0259 al\u0131nmas\u0131 prosesi davam edir. ARANTV.AZ-\u0131n x\u0259b\u0259rin\u0259 g\u00f6r\u0259, haz\u0131rda t\u0259qdim edil\u0259n s\u0259n\u0259dl\u0259rd\u0259 m\u0259lumatlar\u0131n d\u00fczg\u00fcnl\u00fcy\u00fcn\u00fcn yoxlan\u0131lmas\u0131 v\u0259 namiz\u0259din qeyd\u0259 al\u0131n\u0131b-al\u0131nmamas\u0131 haqq\u0131nda q\u0259rar q\u0259bul edilm\u0259si m\u0259rh\u0259l\u0259sidir. S\u0259n\u0259dl\u0259r\u0259 dair\u0259 se\u00e7ki komissiyalar\u0131na q\u0259bul edildikd\u0259n sonra yeddi\u00a0g\u00fcn m\u00fcdd\u0259tind\u0259 bax\u0131lmal\u0131d\u0131r. Xat\u0131rladaq ki, namiz\u0259dl\u0259rin s\u0259n\u0259dl\u0259ri t\u0259qdim etm\u0259l\u0259ri m\u0259rh\u0259l\u0259si 2019-cu ilin dekabr\u0131n 21-d\u0259 ba\u015flay\u0131b, 2020-ci&hellip;","_links":{"self":[{"href":"https:\/\/arantv.az\/index.php?rest_route=\/wp\/v2\/posts\/117525"}],"collection":[{"href":"https:\/\/arantv.az\/index.php?rest_route=\/wp\/v2\/posts"}],"about":[{"href":"https:\/\/arantv.az\/index.php?rest_route=\/wp\/v2\/types\/post"}],"author":[{"embeddable":true,"href":"https:\/\/arantv.az\/index.php?rest_route=\/wp\/v2\/users\/2"}],"replies":[{"embeddable":true,"href":"https:\/\/arantv.az\/index.php?rest_route=%2Fwp%2Fv2%2Fcomments&post=117525"}],"version-history":[{"count":0,"href":"https:\/\/arantv.az\/index.php?rest_route=\/wp\/v2\/posts\/117525\/revisions"}],"wp:featuredmedia":[{"embeddable":true,"href":"https:\/\/arantv.az\/index.php?rest_route=\/wp\/v2\/media\/117526"}],"wp:attachment":[{"href":"https:\/\/arantv.az\/index.php?rest_route=%2Fwp%2Fv2%2Fmedia&parent=117525"}],"wp:term":[{"taxonomy":"category","embeddable":true,"href":"https:\/\/arantv.az\/index.php?rest_route=%2Fwp%2Fv2%2Fcategories&post=117525"},{"taxonomy":"post_tag","embeddable":true,"href":"https:\/\/arantv.az\/index.php?rest_route=%2Fwp%2Fv2%2Ftags&post=117525"}],"curies":[{"name":"wp","href":"https:\/\/api.w.org\/{rel}","templated":true}]}}