{"id":117558,"date":"2020-01-13T09:47:22","date_gmt":"2020-01-13T06:47:22","guid":{"rendered":"http:\/\/arantv.az\/?p=117558"},"modified":"2020-01-13T09:47:22","modified_gmt":"2020-01-13T06:47:22","slug":"baki-hava-limaninda-g%c9%99rginlik-buta-airwaysin-t%c9%99yyar%c9%99si-havaya-qalxa-bilm%c9%99di","status":"publish","type":"post","link":"https:\/\/arantv.az\/?p=117558","title":{"rendered":"Bak\u0131 hava liman\u0131nda g\u0259rginlik: &#8220;Buta Airways&#8221;in t\u0259yyar\u0259si havaya qalxa bilm\u0259di&#8230;"},"content":{"rendered":"<p>Bu g\u00fcn Bak\u0131dan Ukraynan\u0131n Lvov \u015f\u0259h\u0259rin\u0259 u\u00e7mal\u0131 olan &#8220;Buta Airways&#8221; \u015firk\u0259tin\u0259 m\u0259xsus t\u0259yyar\u0259 havaya qalxa bilm\u0259yib.<\/p>\n<p><b>ARANTV.AZ\u00a0<\/b>\u00a0&#8220;Report&#8221;a istinad\u0259n x\u0259b\u0259r verir ki, &#8220;Embraer 190&#8221; markal\u0131 hava g\u0259misi Heyd\u0259r \u018fliyev Beyn\u0259lxalq Hava Liman\u0131nda u\u00e7u\u015f zola\u011f\u0131na daxil olduqdan sonra geri qay\u0131tmal\u0131 olub.<\/p>\n<div id=\"AdviadNativeVideo0\" class=\"AdviadNativeVideo\"><\/div>\n<p>U\u00e7u\u015fun ba\u015f tutmamas\u0131 texniki s\u0259b\u0259bl\u0259rl\u0259 \u0259laq\u0259l\u0259ndirilib. S\u0259rni\u015finl\u0259rd\u0259n \u0259lav\u0259 m\u0259lumat veril\u0259n\u0259d\u0259k g\u00f6y\u0259rt\u0259d\u0259 g\u00f6zl\u0259m\u0259l\u0259ri xahi\u015f olunub.<\/p>\n<p><img class=\"imgbcodecent\" src=\"https:\/\/upload.az\/foto\/arxiv\/1578894255_1578892562_goyy.jpg\" alt=\"Bak\u0131 hava liman\u0131nda g\u0259rginlik: &quot;Buta Airways&quot;in t\u0259yyar\u0259si havaya qalxa bilm\u0259di...\" \/><\/p>\n","protected":false},"excerpt":{"rendered":"<p>Bu g\u00fcn Bak\u0131dan Ukraynan\u0131n Lvov \u015f\u0259h\u0259rin\u0259 u\u00e7mal\u0131 olan &#8220;Buta Airways&#8221; \u015firk\u0259tin\u0259 m\u0259xsus t\u0259yyar\u0259 havaya qalxa bilm\u0259yib. ARANTV.AZ\u00a0\u00a0&#8220;Report&#8221;a istinad\u0259n x\u0259b\u0259r verir ki, &#8220;Embraer 190&#8221; markal\u0131 hava g\u0259misi Heyd\u0259r \u018fliyev Beyn\u0259lxalq Hava Liman\u0131nda u\u00e7u\u015f zola\u011f\u0131na daxil olduqdan sonra geri qay\u0131tmal\u0131 olub. U\u00e7u\u015fun ba\u015f tutmamas\u0131 texniki s\u0259b\u0259bl\u0259rl\u0259 \u0259laq\u0259l\u0259ndirilib. S\u0259rni\u015finl\u0259rd\u0259n \u0259lav\u0259 m\u0259lumat veril\u0259n\u0259d\u0259k g\u00f6y\u0259rt\u0259d\u0259 g\u00f6zl\u0259m\u0259l\u0259ri xahi\u015f olunub.<\/p>\n","protected":false},"author":2,"featured_media":117559,"comment_status":"closed","ping_status":"closed","sticky":false,"template":"","format":"standard","meta":{"om_disable_all_campaigns":false,"_monsterinsights_skip_tracking":false,"_monsterinsights_sitenote_active":false,"_monsterinsights_sitenote_note":"","_monsterinsights_sitenote_category":0},"categories":[1],"tags":[],"aioseo_notices":[],"gutentor_comment":0,"rttpg_featured_image_url":{"full":["https:\/\/arantv.az\/wp-content\/uploads\/2020\/01\/1578894323_59cbc29c637d7_teyyare-samalyo.jpg",600,400,false],"landscape":["https:\/\/arantv.az\/wp-content\/uploads\/2020\/01\/1578894323_59cbc29c637d7_teyyare-samalyo.jpg",600,400,false],"portraits":["https:\/\/arantv.az\/wp-content\/uploads\/2020\/01\/1578894323_59cbc29c637d7_teyyare-samalyo.jpg",600,400,false],"thumbnail":["https:\/\/arantv.az\/wp-content\/uploads\/2020\/01\/1578894323_59cbc29c637d7_teyyare-samalyo-150x150.jpg",150,150,true],"medium":["https:\/\/arantv.az\/wp-content\/uploads\/2020\/01\/1578894323_59cbc29c637d7_teyyare-samalyo-300x200.jpg",300,200,true],"large":["https:\/\/arantv.az\/wp-content\/uploads\/2020\/01\/1578894323_59cbc29c637d7_teyyare-samalyo.jpg",600,400,false],"1536x1536":["https:\/\/arantv.az\/wp-content\/uploads\/2020\/01\/1578894323_59cbc29c637d7_teyyare-samalyo.jpg",600,400,false],"2048x2048":["https:\/\/arantv.az\/wp-content\/uploads\/2020\/01\/1578894323_59cbc29c637d7_teyyare-samalyo.jpg",600,400,false],"post-thumbnail":["https:\/\/arantv.az\/wp-content\/uploads\/2020\/01\/1578894323_59cbc29c637d7_teyyare-samalyo-240x172.jpg",240,172,true],"advps-thumb-one":["https:\/\/arantv.az\/wp-content\/uploads\/2020\/01\/1578894323_59cbc29c637d7_teyyare-samalyo.jpg",600,400,false]},"rttpg_author":{"display_name":"V\u00fcsal Rafiqo\u011flu","author_link":"https:\/\/arantv.az\/?author=2"},"rttpg_comment":0,"rttpg_category":"<a href=\"https:\/\/arantv.az\/?cat=1\" rel=\"category\">C\u0259miyy\u0259t<\/a>","rttpg_excerpt":"Bu g\u00fcn Bak\u0131dan Ukraynan\u0131n Lvov \u015f\u0259h\u0259rin\u0259 u\u00e7mal\u0131 olan &#8220;Buta Airways&#8221; \u015firk\u0259tin\u0259 m\u0259xsus t\u0259yyar\u0259 havaya qalxa bilm\u0259yib. ARANTV.AZ\u00a0\u00a0&#8220;Report&#8221;a istinad\u0259n x\u0259b\u0259r verir ki, &#8220;Embraer 190&#8221; markal\u0131 hava g\u0259misi Heyd\u0259r \u018fliyev Beyn\u0259lxalq Hava Liman\u0131nda u\u00e7u\u015f zola\u011f\u0131na daxil olduqdan sonra geri qay\u0131tmal\u0131 olub. U\u00e7u\u015fun ba\u015f tutmamas\u0131 texniki s\u0259b\u0259bl\u0259rl\u0259 \u0259laq\u0259l\u0259ndirilib. S\u0259rni\u015finl\u0259rd\u0259n \u0259lav\u0259 m\u0259lumat veril\u0259n\u0259d\u0259k g\u00f6y\u0259rt\u0259d\u0259 g\u00f6zl\u0259m\u0259l\u0259ri xahi\u015f olunub.","_links":{"self":[{"href":"https:\/\/arantv.az\/index.php?rest_route=\/wp\/v2\/posts\/117558"}],"collection":[{"href":"https:\/\/arantv.az\/index.php?rest_route=\/wp\/v2\/posts"}],"about":[{"href":"https:\/\/arantv.az\/index.php?rest_route=\/wp\/v2\/types\/post"}],"author":[{"embeddable":true,"href":"https:\/\/arantv.az\/index.php?rest_route=\/wp\/v2\/users\/2"}],"replies":[{"embeddable":true,"href":"https:\/\/arantv.az\/index.php?rest_route=%2Fwp%2Fv2%2Fcomments&post=117558"}],"version-history":[{"count":0,"href":"https:\/\/arantv.az\/index.php?rest_route=\/wp\/v2\/posts\/117558\/revisions"}],"wp:featuredmedia":[{"embeddable":true,"href":"https:\/\/arantv.az\/index.php?rest_route=\/wp\/v2\/media\/117559"}],"wp:attachment":[{"href":"https:\/\/arantv.az\/index.php?rest_route=%2Fwp%2Fv2%2Fmedia&parent=117558"}],"wp:term":[{"taxonomy":"category","embeddable":true,"href":"https:\/\/arantv.az\/index.php?rest_route=%2Fwp%2Fv2%2Fcategories&post=117558"},{"taxonomy":"post_tag","embeddable":true,"href":"https:\/\/arantv.az\/index.php?rest_route=%2Fwp%2Fv2%2Ftags&post=117558"}],"curies":[{"name":"wp","href":"https:\/\/api.w.org\/{rel}","templated":true}]}}