{"id":117582,"date":"2020-01-13T09:55:15","date_gmt":"2020-01-13T06:55:15","guid":{"rendered":"http:\/\/arantv.az\/?p=117582"},"modified":"2020-01-13T09:55:15","modified_gmt":"2020-01-13T06:55:15","slug":"jurnalist%c9%99-dost-agentliyind%c9%99-v%c9%99zif%c9%99-verdil%c9%99r","status":"publish","type":"post","link":"https:\/\/arantv.az\/?p=117582","title":{"rendered":"Jurnalist\u0259 DOST Agentliyind\u0259 v\u0259zif\u0259 verdil\u0259r"},"content":{"rendered":"<p>\u018fm\u0259k v\u0259 \u018fhalinin Sosial M\u00fcdafi\u0259si Nazirliyind\u0259 yeni t\u0259yinat olub.<\/p>\n<p><strong>ARANTV.AZ<\/strong> x\u0259b\u0259r verir ki, El\u015f\u0259n Allahverdiyev Nazirliyin tabeliyind\u0259ki DOST (Dayan\u0131ql\u0131 v\u0259 Operativ Sosial T\u0259minat) Agentliyinin V\u0259t\u0259nda\u015f m\u00fcraci\u0259tl\u0259ri il\u0259 i\u015f \u015f\u00f6b\u0259sinin m\u00fcdiri v\u0259zif\u0259sin\u0259 t\u0259yinat al\u0131b. M\u0259lumat\u0131 Nazirliyin \u0130ctimaiyy\u0259tl\u0259 \u018flaq\u0259l\u0259r v\u0259 Kommunikasiya \u015f\u00f6b\u0259sinin m\u00fcdiri Fazil Tal\u0131bov t\u0259sdiql\u0259yib.<\/p>\n<div id=\"AdviadNativeVideo0\" class=\"AdviadNativeVideo\"><\/div>\n<p>Qeyd ed\u0259k ki, daha \u0259vv\u0259l El\u015f\u0259n Allahverdiyev Az\u0259rbaycan Televiziyas\u0131nda (AZTV) ba\u015f redaktor, \u201cCDB Bank\u201d v\u0259 \u201cG\u00fcnay Bank\u201dda Marketinq v\u0259 \u0130ctimaiyy\u0259tl\u0259 \u0259laq\u0259l\u0259r departamentl\u0259rind\u0259 direktor, Maliyy\u0259 Bazarlar\u0131na N\u0259zar\u0259t Palatas\u0131n\u0131n m\u0259tbuat katibi v\u0259zif\u0259l\u0259rind\u0259 \u00e7al\u0131\u015f\u0131b.Unikal.org<\/p>\n","protected":false},"excerpt":{"rendered":"<p>\u018fm\u0259k v\u0259 \u018fhalinin Sosial M\u00fcdafi\u0259si Nazirliyind\u0259 yeni t\u0259yinat olub. ARANTV.AZ x\u0259b\u0259r verir ki, El\u015f\u0259n Allahverdiyev Nazirliyin tabeliyind\u0259ki DOST (Dayan\u0131ql\u0131 v\u0259 Operativ Sosial T\u0259minat) Agentliyinin V\u0259t\u0259nda\u015f m\u00fcraci\u0259tl\u0259ri il\u0259 i\u015f \u015f\u00f6b\u0259sinin m\u00fcdiri v\u0259zif\u0259sin\u0259 t\u0259yinat al\u0131b. M\u0259lumat\u0131 Nazirliyin \u0130ctimaiyy\u0259tl\u0259 \u018flaq\u0259l\u0259r v\u0259 Kommunikasiya \u015f\u00f6b\u0259sinin m\u00fcdiri Fazil Tal\u0131bov t\u0259sdiql\u0259yib. Qeyd ed\u0259k ki, daha \u0259vv\u0259l El\u015f\u0259n Allahverdiyev Az\u0259rbaycan Televiziyas\u0131nda (AZTV) ba\u015f redaktor, \u201cCDB Bank\u201d v\u0259 \u201cG\u00fcnay Bank\u201dda Marketinq v\u0259 \u0130ctimaiyy\u0259tl\u0259 \u0259laq\u0259l\u0259r departamentl\u0259rind\u0259 direktor, Maliyy\u0259 Bazarlar\u0131na N\u0259zar\u0259t Palatas\u0131n\u0131n m\u0259tbuat katibi v\u0259zif\u0259l\u0259rind\u0259 \u00e7al\u0131\u015f\u0131b.Unikal.org<\/p>\n","protected":false},"author":2,"featured_media":117583,"comment_status":"closed","ping_status":"closed","sticky":false,"template":"","format":"standard","meta":{"om_disable_all_campaigns":false,"_monsterinsights_skip_tracking":false,"_monsterinsights_sitenote_active":false,"_monsterinsights_sitenote_note":"","_monsterinsights_sitenote_category":0},"categories":[1],"tags":[],"aioseo_notices":[],"gutentor_comment":0,"rttpg_featured_image_url":{"full":["https:\/\/arantv.az\/wp-content\/uploads\/2020\/01\/1578898174_elsen.jpg",640,360,false],"landscape":["https:\/\/arantv.az\/wp-content\/uploads\/2020\/01\/1578898174_elsen.jpg",640,360,false],"portraits":["https:\/\/arantv.az\/wp-content\/uploads\/2020\/01\/1578898174_elsen.jpg",640,360,false],"thumbnail":["https:\/\/arantv.az\/wp-content\/uploads\/2020\/01\/1578898174_elsen-150x150.jpg",150,150,true],"medium":["https:\/\/arantv.az\/wp-content\/uploads\/2020\/01\/1578898174_elsen-300x169.jpg",300,169,true],"large":["https:\/\/arantv.az\/wp-content\/uploads\/2020\/01\/1578898174_elsen.jpg",640,360,false],"1536x1536":["https:\/\/arantv.az\/wp-content\/uploads\/2020\/01\/1578898174_elsen.jpg",640,360,false],"2048x2048":["https:\/\/arantv.az\/wp-content\/uploads\/2020\/01\/1578898174_elsen.jpg",640,360,false],"post-thumbnail":["https:\/\/arantv.az\/wp-content\/uploads\/2020\/01\/1578898174_elsen-240x172.jpg",240,172,true],"advps-thumb-one":["https:\/\/arantv.az\/wp-content\/uploads\/2020\/01\/1578898174_elsen.jpg",640,360,false]},"rttpg_author":{"display_name":"V\u00fcsal Rafiqo\u011flu","author_link":"https:\/\/arantv.az\/?author=2"},"rttpg_comment":0,"rttpg_category":"<a href=\"https:\/\/arantv.az\/?cat=1\" rel=\"category\">C\u0259miyy\u0259t<\/a>","rttpg_excerpt":"\u018fm\u0259k v\u0259 \u018fhalinin Sosial M\u00fcdafi\u0259si Nazirliyind\u0259 yeni t\u0259yinat olub. ARANTV.AZ x\u0259b\u0259r verir ki, El\u015f\u0259n Allahverdiyev Nazirliyin tabeliyind\u0259ki DOST (Dayan\u0131ql\u0131 v\u0259 Operativ Sosial T\u0259minat) Agentliyinin V\u0259t\u0259nda\u015f m\u00fcraci\u0259tl\u0259ri il\u0259 i\u015f \u015f\u00f6b\u0259sinin m\u00fcdiri v\u0259zif\u0259sin\u0259 t\u0259yinat al\u0131b. M\u0259lumat\u0131 Nazirliyin \u0130ctimaiyy\u0259tl\u0259 \u018flaq\u0259l\u0259r v\u0259 Kommunikasiya \u015f\u00f6b\u0259sinin m\u00fcdiri Fazil Tal\u0131bov t\u0259sdiql\u0259yib. Qeyd ed\u0259k ki, daha \u0259vv\u0259l El\u015f\u0259n Allahverdiyev Az\u0259rbaycan Televiziyas\u0131nda (AZTV) ba\u015f&hellip;","_links":{"self":[{"href":"https:\/\/arantv.az\/index.php?rest_route=\/wp\/v2\/posts\/117582"}],"collection":[{"href":"https:\/\/arantv.az\/index.php?rest_route=\/wp\/v2\/posts"}],"about":[{"href":"https:\/\/arantv.az\/index.php?rest_route=\/wp\/v2\/types\/post"}],"author":[{"embeddable":true,"href":"https:\/\/arantv.az\/index.php?rest_route=\/wp\/v2\/users\/2"}],"replies":[{"embeddable":true,"href":"https:\/\/arantv.az\/index.php?rest_route=%2Fwp%2Fv2%2Fcomments&post=117582"}],"version-history":[{"count":0,"href":"https:\/\/arantv.az\/index.php?rest_route=\/wp\/v2\/posts\/117582\/revisions"}],"wp:featuredmedia":[{"embeddable":true,"href":"https:\/\/arantv.az\/index.php?rest_route=\/wp\/v2\/media\/117583"}],"wp:attachment":[{"href":"https:\/\/arantv.az\/index.php?rest_route=%2Fwp%2Fv2%2Fmedia&parent=117582"}],"wp:term":[{"taxonomy":"category","embeddable":true,"href":"https:\/\/arantv.az\/index.php?rest_route=%2Fwp%2Fv2%2Fcategories&post=117582"},{"taxonomy":"post_tag","embeddable":true,"href":"https:\/\/arantv.az\/index.php?rest_route=%2Fwp%2Fv2%2Ftags&post=117582"}],"curies":[{"name":"wp","href":"https:\/\/api.w.org\/{rel}","templated":true}]}}