{"id":117598,"date":"2020-01-13T10:01:31","date_gmt":"2020-01-13T07:01:31","guid":{"rendered":"http:\/\/arantv.az\/?p=117598"},"modified":"2020-01-13T10:01:31","modified_gmt":"2020-01-13T07:01:31","slug":"yankauskas-az%c9%99rbaycanla-ai-arasinda-enerji-%c9%99m%c9%99kdasligi-c%c9%99nub-qaz-d%c9%99hlizi-c%c9%99rciv%c9%99sind%c9%99n-k%c9%99nara-cixir","status":"publish","type":"post","link":"https:\/\/arantv.az\/?p=117598","title":{"rendered":"Yankauskas: &#8220;Az\u0259rbaycanla A\u0130 aras\u0131nda enerji \u0259m\u0259kda\u015fl\u0131\u011f\u0131 \u201cC\u0259nub Qaz D\u0259hlizi\u201d \u00e7\u0259r\u00e7iv\u0259sind\u0259n k\u0259nara \u00e7\u0131x\u0131r&#8221;"},"content":{"rendered":"<blockquote><p><em><strong>Az\u0259rbaycanla Avropa \u0130ttifaq\u0131 (A\u0130) aras\u0131nda enerji sah\u0259sind\u0259 \u0259m\u0259kda\u015fl\u0131q &#8220;C\u0259nub Qaz D\u0259hlizi&#8221; layih\u0259si \u00e7\u0259r\u00e7iv\u0259sind\u0259n k\u0259nara \u00e7\u0131x\u0131r.<\/strong><\/em><\/p><\/blockquote>\n<p><strong>ARANTV.AZ<\/strong> bildirir ki, bunu\u00a0<a href=\"http:\/\/az.trend.az\/\" target=\"_blank\" rel=\"noopener\">Trend<\/a>-\u0259\u00a0A\u0130-nin Az\u0259rbaycandak\u0131 n\u00fcmay\u0259nd\u0259liyinin r\u0259hb\u0259ri Kestutis Yankauskas deyib.<\/p>\n<p>O bildirib ki, t\u0259r\u0259fl\u0259r aras\u0131nda irimiqyasl\u0131 olmayan v\u0259 vacib \u0259h\u0259miyy\u0259t da\u015f\u0131yan dig\u0259r layih\u0259l\u0259r d\u0259 m\u00f6vcuddur.<\/p>\n<p>&#8220;C\u0259nub Qaz D\u0259hlizi&#8221;nd\u0259n dan\u0131\u015fan K.Yankauskas bildirib ki, bu layih\u0259 Az\u0259rbaycanla A\u0130-ni fiziki olaraq birl\u0259\u015fdir\u0259c\u0259k:<\/p>\n<p>&#8220;Bu, h\u0259m Az\u0259rbaycana, h\u0259m d\u0259 A\u0130-y\u0259 qar\u015f\u0131l\u0131ql\u0131 s\u0259m\u0259r\u0259 g\u0259tir\u0259c\u0259k \u0259lam\u0259tdar layih\u0259dir. Az\u0259rbaycan \u00fc\u00e7\u00fcn bu, avropal\u0131 m\u00fc\u015ft\u0259ril\u0259rd\u0259n stabil g\u0259lir, Avropa \u0130ttifaq\u0131 \u00fc\u00e7\u00fcns\u0259 yeni m\u0259nb\u0259d\u0259n yeni t\u0259dar\u00fck mar\u015frutu dem\u0259kdir. Bu, h\u0259m d\u0259 \u015fax\u0259l\u0259ndirm\u0259y\u0259 v\u0259 daha geni\u015f se\u00e7im imkan\u0131na, bel\u0259likl\u0259, daha b\u00f6y\u00fck r\u0259qab\u0259t\u0259 v\u0259 istehlak\u00e7\u0131lar \u00fc\u00e7\u00fcn daha uy\u011fun g\u0259tirib \u00e7\u0131xaracaq&#8221;.<\/p>\n<p>O xat\u0131rlad\u0131b ki, 2019-cu ild\u0259 T\u00fcrkiy\u0259-Yunan\u0131stan s\u0259rh\u0259dind\u0259 Trans-Anadolu qaz k\u0259m\u0259ri (TANAP) il\u0259 Trans-Adriatik qaz k\u0259m\u0259rinin (TAP) birl\u0259\u015fm\u0259 sah\u0259sinin a\u00e7\u0131l\u0131\u015f\u0131 olub:<\/p>\n<p>&#8220;Biz TAP-\u0131n bu il tam ba\u015fa \u00e7ataca\u011f\u0131n\u0131 g\u00f6zl\u0259yirik. 2020-ci il &#8220;C\u0259nub Qaz D\u0259hlizi&#8221;nin sonu deyil, ba\u015flan\u011f\u0131c\u0131n\u0131 ifad\u0259 ed\u0259c\u0259k. Yunan\u0131stan-Bolqar\u0131stan interkonnektoru (IGB) v\u0259 qaz k\u0259m\u0259rinin Q\u0259rbi Balkanlarad\u0259k uzad\u0131lmas\u0131 imkan\u0131 say\u0259sind\u0259 bizim enerji \u0259m\u0259kda\u015fl\u0131\u011f\u0131m\u0131z\u0131n m\u00f6hk\u0259ml\u0259ndirilm\u0259si imkanlar\u0131 m\u00f6vcuddur. B\u00f6y\u00fck t\u0259l\u0259bat &#8220;C\u0259nub Qaz D\u0259hlizi&#8221; vasit\u0259sil\u0259 t\u0259dar\u00fck\u00fcn artmas\u0131n\u0131 bildir\u0259c\u0259k ki, bu da Az\u0259rbaycan\u0131n v\u0259 b\u0259lk\u0259 d\u0259 T\u00fcrm\u0259nistan\u0131n X\u0259z\u0259r d\u0259nizind\u0259ki yataqlar\u0131ndan t\u0259min olunacaq&#8221;.<\/p>\n","protected":false},"excerpt":{"rendered":"<p>Az\u0259rbaycanla Avropa \u0130ttifaq\u0131 (A\u0130) aras\u0131nda enerji sah\u0259sind\u0259 \u0259m\u0259kda\u015fl\u0131q &#8220;C\u0259nub Qaz D\u0259hlizi&#8221; layih\u0259si \u00e7\u0259r\u00e7iv\u0259sind\u0259n k\u0259nara \u00e7\u0131x\u0131r. ARANTV.AZ bildirir ki, bunu\u00a0Trend-\u0259\u00a0A\u0130-nin Az\u0259rbaycandak\u0131 n\u00fcmay\u0259nd\u0259liyinin r\u0259hb\u0259ri Kestutis Yankauskas deyib. O bildirib ki, t\u0259r\u0259fl\u0259r aras\u0131nda irimiqyasl\u0131 olmayan v\u0259 vacib \u0259h\u0259miyy\u0259t da\u015f\u0131yan dig\u0259r layih\u0259l\u0259r d\u0259 m\u00f6vcuddur. &#8220;C\u0259nub Qaz D\u0259hlizi&#8221;nd\u0259n dan\u0131\u015fan K.Yankauskas bildirib ki, bu layih\u0259 Az\u0259rbaycanla A\u0130-ni fiziki olaraq birl\u0259\u015fdir\u0259c\u0259k: &#8220;Bu, h\u0259m Az\u0259rbaycana, h\u0259m d\u0259 A\u0130-y\u0259 qar\u015f\u0131l\u0131ql\u0131 s\u0259m\u0259r\u0259 g\u0259tir\u0259c\u0259k \u0259lam\u0259tdar layih\u0259dir. Az\u0259rbaycan \u00fc\u00e7\u00fcn bu, avropal\u0131 m\u00fc\u015ft\u0259ril\u0259rd\u0259n stabil g\u0259lir, Avropa \u0130ttifaq\u0131 \u00fc\u00e7\u00fcns\u0259 yeni m\u0259nb\u0259d\u0259n yeni t\u0259dar\u00fck mar\u015frutu dem\u0259kdir. Bu, h\u0259m d\u0259 \u015fax\u0259l\u0259ndirm\u0259y\u0259 v\u0259 daha geni\u015f se\u00e7im imkan\u0131na,&hellip;<\/p>\n","protected":false},"author":2,"featured_media":117599,"comment_status":"closed","ping_status":"closed","sticky":false,"template":"","format":"standard","meta":{"om_disable_all_campaigns":false,"_monsterinsights_skip_tracking":false,"_monsterinsights_sitenote_active":false,"_monsterinsights_sitenote_note":"","_monsterinsights_sitenote_category":0},"categories":[19],"tags":[],"aioseo_notices":[],"gutentor_comment":0,"rttpg_featured_image_url":{"full":["https:\/\/arantv.az\/wp-content\/uploads\/2020\/01\/795832-1.jpg",800,600,false],"landscape":["https:\/\/arantv.az\/wp-content\/uploads\/2020\/01\/795832-1.jpg",800,600,false],"portraits":["https:\/\/arantv.az\/wp-content\/uploads\/2020\/01\/795832-1.jpg",800,600,false],"thumbnail":["https:\/\/arantv.az\/wp-content\/uploads\/2020\/01\/795832-1-150x150.jpg",150,150,true],"medium":["https:\/\/arantv.az\/wp-content\/uploads\/2020\/01\/795832-1-300x225.jpg",300,225,true],"large":["https:\/\/arantv.az\/wp-content\/uploads\/2020\/01\/795832-1.jpg",640,480,false],"1536x1536":["https:\/\/arantv.az\/wp-content\/uploads\/2020\/01\/795832-1.jpg",800,600,false],"2048x2048":["https:\/\/arantv.az\/wp-content\/uploads\/2020\/01\/795832-1.jpg",800,600,false],"post-thumbnail":["https:\/\/arantv.az\/wp-content\/uploads\/2020\/01\/795832-1-240x172.jpg",240,172,true],"advps-thumb-one":["https:\/\/arantv.az\/wp-content\/uploads\/2020\/01\/795832-1.jpg",800,600,false]},"rttpg_author":{"display_name":"V\u00fcsal Rafiqo\u011flu","author_link":"https:\/\/arantv.az\/?author=2"},"rttpg_comment":0,"rttpg_category":"<a href=\"https:\/\/arantv.az\/?cat=19\" rel=\"category\">G\u00fcnd\u0259m<\/a>","rttpg_excerpt":"Az\u0259rbaycanla Avropa \u0130ttifaq\u0131 (A\u0130) aras\u0131nda enerji sah\u0259sind\u0259 \u0259m\u0259kda\u015fl\u0131q &#8220;C\u0259nub Qaz D\u0259hlizi&#8221; layih\u0259si \u00e7\u0259r\u00e7iv\u0259sind\u0259n k\u0259nara \u00e7\u0131x\u0131r. ARANTV.AZ bildirir ki, bunu\u00a0Trend-\u0259\u00a0A\u0130-nin Az\u0259rbaycandak\u0131 n\u00fcmay\u0259nd\u0259liyinin r\u0259hb\u0259ri Kestutis Yankauskas deyib. O bildirib ki, t\u0259r\u0259fl\u0259r aras\u0131nda irimiqyasl\u0131 olmayan v\u0259 vacib \u0259h\u0259miyy\u0259t da\u015f\u0131yan dig\u0259r layih\u0259l\u0259r d\u0259 m\u00f6vcuddur. &#8220;C\u0259nub Qaz D\u0259hlizi&#8221;nd\u0259n dan\u0131\u015fan K.Yankauskas bildirib ki, bu layih\u0259 Az\u0259rbaycanla A\u0130-ni fiziki olaraq birl\u0259\u015fdir\u0259c\u0259k: &#8220;Bu,&hellip;","_links":{"self":[{"href":"https:\/\/arantv.az\/index.php?rest_route=\/wp\/v2\/posts\/117598"}],"collection":[{"href":"https:\/\/arantv.az\/index.php?rest_route=\/wp\/v2\/posts"}],"about":[{"href":"https:\/\/arantv.az\/index.php?rest_route=\/wp\/v2\/types\/post"}],"author":[{"embeddable":true,"href":"https:\/\/arantv.az\/index.php?rest_route=\/wp\/v2\/users\/2"}],"replies":[{"embeddable":true,"href":"https:\/\/arantv.az\/index.php?rest_route=%2Fwp%2Fv2%2Fcomments&post=117598"}],"version-history":[{"count":0,"href":"https:\/\/arantv.az\/index.php?rest_route=\/wp\/v2\/posts\/117598\/revisions"}],"wp:featuredmedia":[{"embeddable":true,"href":"https:\/\/arantv.az\/index.php?rest_route=\/wp\/v2\/media\/117599"}],"wp:attachment":[{"href":"https:\/\/arantv.az\/index.php?rest_route=%2Fwp%2Fv2%2Fmedia&parent=117598"}],"wp:term":[{"taxonomy":"category","embeddable":true,"href":"https:\/\/arantv.az\/index.php?rest_route=%2Fwp%2Fv2%2Fcategories&post=117598"},{"taxonomy":"post_tag","embeddable":true,"href":"https:\/\/arantv.az\/index.php?rest_route=%2Fwp%2Fv2%2Ftags&post=117598"}],"curies":[{"name":"wp","href":"https:\/\/api.w.org\/{rel}","templated":true}]}}