{"id":117602,"date":"2020-01-13T10:03:03","date_gmt":"2020-01-13T07:03:03","guid":{"rendered":"http:\/\/arantv.az\/?p=117602"},"modified":"2020-01-13T10:03:03","modified_gmt":"2020-01-13T07:03:03","slug":"%c9%99rdogan-verilisd%c9%99ki-lal-qizi-ankaraya-d%c9%99v%c9%99t-etdi-video","status":"publish","type":"post","link":"https:\/\/arantv.az\/?p=117602","title":{"rendered":"\u018frdo\u011fan verili\u015fd\u0259ki lal q\u0131z\u0131 Ankaraya d\u0259v\u0259t etdi &#8211; V\u0130DEO"},"content":{"rendered":"<p>T\u00fcrkiy\u0259nin ATV kanal\u0131nda yay\u0131mlanan &#8220;Kim milyon\u00e7u olmaq ist\u0259yir?&#8221; verili\u015fin\u0259 dam\u011fa vuran i\u015ftirak\u00e7\u0131s\u0131 \u00dcmm\u00fc G\u00fcls\u00fcm Genci \u00f6lk\u0259 Prezidenti R\u0259c\u0259b Tayyib \u018frdo\u011fan Ankaraya d\u0259v\u0259t edib.<\/p>\n<p><b>ARANTV.AZ\u00a0<\/b>\u00a0ax\u015fam.az-a istinad\u0259n bildirir ki, 4 ya\u015f\u0131nda ik\u0259n ke\u00e7irdiyi x\u0259st\u0259liy\u0259 g\u00f6r\u0259 dan\u0131\u015fa bilm\u0259y\u0259n 27 ya\u015fl\u0131 g\u0259nc verili\u015fd\u0259 suallara yaz\u0131 l\u00f6vh\u0259si vasit\u0259sil\u0259 cavab verib. \u00d6lk\u0259d\u0259 g\u00fcnd\u0259m\u0259 \u00e7evril\u0259n bu hadis\u0259 \u018frdo\u011fan\u0131n da diqq\u0259tind\u0259n yay\u0131nmay\u0131b. D\u00f6vl\u0259t ba\u015f\u00e7\u0131s\u0131 G\u00fcls\u00fcml\u0259 sosial media \u00fcz\u0259rind\u0259n canl\u0131 yay\u0131mda g\u00f6r\u00fc\u015f\u00fcb.<\/p>\n<p>\u00d6lk\u0259 r\u0259hb\u0259ri il\u0259 s\u0259mimi s\u00f6hb\u0259td\u0259 q\u0131z yen\u0259 dem\u0259k ist\u0259dikl\u0259rini yaz\u0131 l\u00f6vh\u0259sin\u0259 yazaraq prezident\u0259 g\u00f6st\u0259rib. \u018frdo\u011fan is\u0259 Genc\u0259 g\u0259l\u0259c\u0259k h\u0259yat\u0131nda u\u011furlar arzulayaraq, onu v\u0259 ail\u0259sini Ankara d\u0259v\u0259t edib.<\/p>\n<p>Qeyd ed\u0259k ki, \u00dcmm\u00fc G\u00fclsem ad\u0131\u00e7\u0259kil\u0259n proqramda apard\u0131\u011f\u0131 m\u00fcbariz\u0259 n\u0259tic\u0259sind\u0259 125 min TL (36 min AZN) qazan\u0131b.<\/p>\n<div class=\"embed-responsive embed-responsive-16by9\"><iframe loading=\"lazy\" id=\"nmqembedid\" class=\"embed-responsive-item\" title=\"video player\" src=\"https:\/\/izle.az\/embed\/SymxtTQ0NzcAAA~~\" width=\"600\" height=\"340\" frameborder=\"0\" scrolling=\"no\" allowfullscreen=\"allowfullscreen\" data-mce-fragment=\"1\"><\/iframe><\/div>\n<p>&nbsp;<\/p>\n","protected":false},"excerpt":{"rendered":"<p>T\u00fcrkiy\u0259nin ATV kanal\u0131nda yay\u0131mlanan &#8220;Kim milyon\u00e7u olmaq ist\u0259yir?&#8221; verili\u015fin\u0259 dam\u011fa vuran i\u015ftirak\u00e7\u0131s\u0131 \u00dcmm\u00fc G\u00fcls\u00fcm Genci \u00f6lk\u0259 Prezidenti R\u0259c\u0259b Tayyib \u018frdo\u011fan Ankaraya d\u0259v\u0259t edib. ARANTV.AZ\u00a0\u00a0ax\u015fam.az-a istinad\u0259n bildirir ki, 4 ya\u015f\u0131nda ik\u0259n ke\u00e7irdiyi x\u0259st\u0259liy\u0259 g\u00f6r\u0259 dan\u0131\u015fa bilm\u0259y\u0259n 27 ya\u015fl\u0131 g\u0259nc verili\u015fd\u0259 suallara yaz\u0131 l\u00f6vh\u0259si vasit\u0259sil\u0259 cavab verib. \u00d6lk\u0259d\u0259 g\u00fcnd\u0259m\u0259 \u00e7evril\u0259n bu hadis\u0259 \u018frdo\u011fan\u0131n da diqq\u0259tind\u0259n yay\u0131nmay\u0131b. D\u00f6vl\u0259t ba\u015f\u00e7\u0131s\u0131 G\u00fcls\u00fcml\u0259 sosial media \u00fcz\u0259rind\u0259n canl\u0131 yay\u0131mda g\u00f6r\u00fc\u015f\u00fcb. \u00d6lk\u0259 r\u0259hb\u0259ri il\u0259 s\u0259mimi s\u00f6hb\u0259td\u0259 q\u0131z yen\u0259 dem\u0259k ist\u0259dikl\u0259rini yaz\u0131 l\u00f6vh\u0259sin\u0259 yazaraq prezident\u0259 g\u00f6st\u0259rib. \u018frdo\u011fan is\u0259 Genc\u0259 g\u0259l\u0259c\u0259k h\u0259yat\u0131nda u\u011furlar arzulayaraq, onu v\u0259 ail\u0259sini Ankara d\u0259v\u0259t edib.&hellip;<\/p>\n","protected":false},"author":2,"featured_media":117603,"comment_status":"closed","ping_status":"closed","sticky":false,"template":"","format":"standard","meta":{"om_disable_all_campaigns":false,"_monsterinsights_skip_tracking":false,"_monsterinsights_sitenote_active":false,"_monsterinsights_sitenote_note":"","_monsterinsights_sitenote_category":0},"categories":[7],"tags":[],"aioseo_notices":[],"gutentor_comment":0,"rttpg_featured_image_url":{"full":["https:\/\/arantv.az\/wp-content\/uploads\/2020\/01\/817399.jpg",649,487,false],"landscape":["https:\/\/arantv.az\/wp-content\/uploads\/2020\/01\/817399.jpg",649,487,false],"portraits":["https:\/\/arantv.az\/wp-content\/uploads\/2020\/01\/817399.jpg",649,487,false],"thumbnail":["https:\/\/arantv.az\/wp-content\/uploads\/2020\/01\/817399-150x150.jpg",150,150,true],"medium":["https:\/\/arantv.az\/wp-content\/uploads\/2020\/01\/817399-300x225.jpg",300,225,true],"large":["https:\/\/arantv.az\/wp-content\/uploads\/2020\/01\/817399.jpg",640,480,false],"1536x1536":["https:\/\/arantv.az\/wp-content\/uploads\/2020\/01\/817399.jpg",649,487,false],"2048x2048":["https:\/\/arantv.az\/wp-content\/uploads\/2020\/01\/817399.jpg",649,487,false],"post-thumbnail":["https:\/\/arantv.az\/wp-content\/uploads\/2020\/01\/817399-240x172.jpg",240,172,true],"advps-thumb-one":["https:\/\/arantv.az\/wp-content\/uploads\/2020\/01\/817399.jpg",649,487,false]},"rttpg_author":{"display_name":"V\u00fcsal Rafiqo\u011flu","author_link":"https:\/\/arantv.az\/?author=2"},"rttpg_comment":0,"rttpg_category":"<a href=\"https:\/\/arantv.az\/?cat=7\" rel=\"category\">D\u00fcnya<\/a>","rttpg_excerpt":"T\u00fcrkiy\u0259nin ATV kanal\u0131nda yay\u0131mlanan &#8220;Kim milyon\u00e7u olmaq ist\u0259yir?&#8221; verili\u015fin\u0259 dam\u011fa vuran i\u015ftirak\u00e7\u0131s\u0131 \u00dcmm\u00fc G\u00fcls\u00fcm Genci \u00f6lk\u0259 Prezidenti R\u0259c\u0259b Tayyib \u018frdo\u011fan Ankaraya d\u0259v\u0259t edib. ARANTV.AZ\u00a0\u00a0ax\u015fam.az-a istinad\u0259n bildirir ki, 4 ya\u015f\u0131nda ik\u0259n ke\u00e7irdiyi x\u0259st\u0259liy\u0259 g\u00f6r\u0259 dan\u0131\u015fa bilm\u0259y\u0259n 27 ya\u015fl\u0131 g\u0259nc verili\u015fd\u0259 suallara yaz\u0131 l\u00f6vh\u0259si vasit\u0259sil\u0259 cavab verib. \u00d6lk\u0259d\u0259 g\u00fcnd\u0259m\u0259 \u00e7evril\u0259n bu hadis\u0259 \u018frdo\u011fan\u0131n da diqq\u0259tind\u0259n yay\u0131nmay\u0131b. D\u00f6vl\u0259t&hellip;","_links":{"self":[{"href":"https:\/\/arantv.az\/index.php?rest_route=\/wp\/v2\/posts\/117602"}],"collection":[{"href":"https:\/\/arantv.az\/index.php?rest_route=\/wp\/v2\/posts"}],"about":[{"href":"https:\/\/arantv.az\/index.php?rest_route=\/wp\/v2\/types\/post"}],"author":[{"embeddable":true,"href":"https:\/\/arantv.az\/index.php?rest_route=\/wp\/v2\/users\/2"}],"replies":[{"embeddable":true,"href":"https:\/\/arantv.az\/index.php?rest_route=%2Fwp%2Fv2%2Fcomments&post=117602"}],"version-history":[{"count":0,"href":"https:\/\/arantv.az\/index.php?rest_route=\/wp\/v2\/posts\/117602\/revisions"}],"wp:featuredmedia":[{"embeddable":true,"href":"https:\/\/arantv.az\/index.php?rest_route=\/wp\/v2\/media\/117603"}],"wp:attachment":[{"href":"https:\/\/arantv.az\/index.php?rest_route=%2Fwp%2Fv2%2Fmedia&parent=117602"}],"wp:term":[{"taxonomy":"category","embeddable":true,"href":"https:\/\/arantv.az\/index.php?rest_route=%2Fwp%2Fv2%2Fcategories&post=117602"},{"taxonomy":"post_tag","embeddable":true,"href":"https:\/\/arantv.az\/index.php?rest_route=%2Fwp%2Fv2%2Ftags&post=117602"}],"curies":[{"name":"wp","href":"https:\/\/api.w.org\/{rel}","templated":true}]}}