{"id":117654,"date":"2020-01-13T11:00:10","date_gmt":"2020-01-13T08:00:10","guid":{"rendered":"http:\/\/arantv.az\/?p=117654"},"modified":"2020-01-13T11:00:10","modified_gmt":"2020-01-13T08:00:10","slug":"kollegiya-s%c9%99dri-deputatlarin-ozl%c9%99rini-mill%c9%99t-v%c9%99kili-adlandirmasina-etiraz-etdi","status":"publish","type":"post","link":"https:\/\/arantv.az\/?p=117654","title":{"rendered":"Kollegiya s\u0259dri deputatlar\u0131n \u00f6zl\u0259rini \u201cmill\u0259t v\u0259kili\u201d adland\u0131rmas\u0131na etiraz etdi"},"content":{"rendered":"<p>V\u0259kill\u0259r Kollegiyas\u0131n\u0131n s\u0259dri Anar Ba\u011f\u0131rov deputatlara \u201cmill\u0259t v\u0259kili\u201d deyilm\u0259sin\u0259 etiraz edib.<\/p>\n<p><b>ARANTV.AZ<\/b>-\u0131n x\u0259b\u0259rin\u0259 g\u00f6r\u0259, A.Ba\u011f\u0131rov qanunvericiliy\u0259 \u0259sas\u0259n kiml\u0259rin \u00f6zl\u0259rini v\u0259kil adland\u0131ra bilm\u0259sin\u0259 ayd\u0131nl\u0131q g\u0259tirib.<\/p>\n<p>O bildirib ki, Az\u0259rbaycanda yaln\u0131z v\u0259kill\u0259r m\u00fcdd\u0259tsiz se\u00e7ilir.<\/p>\n<div id=\"AdviadNativeVideo0\" class=\"AdviadNativeVideo\"><\/div>\n<p>\u201cV\u0259kill\u0259rimiz insanlar\u0131n h\u00fcquq v\u0259 azadl\u0131qlar\u0131n\u0131 pe\u015f\u0259karcas\u0131na m\u00fcdafi\u0259 edirl\u0259r. Ona g\u00f6r\u0259 d\u0259 qanunvericiliy\u0259 g\u00f6r\u0259 istisnas\u0131z v\u0259 m\u00fcst\u0259sna olaraq yaln\u0131z v\u0259 yaln\u0131z V\u0259kill\u0259r Kollegiyas\u0131n\u0131n \u00fczvl\u0259ri v\u0259kil adlan\u0131r, bu m\u00fcq\u0259dd\u0259s ad yaln\u0131z onlara aiddir\u201d, &#8211; dey\u0259 A.Ba\u011f\u0131rov bildirib.<\/p>\n<p>O daha sonra \u0259lav\u0259 edib:<\/p>\n<p>\u201cHe\u00e7 kim incim\u0259sin, ancaq \u0259sl v\u0259kill\u0259rin kimliyi qanunla m\u00fc\u0259yy\u0259n olunub. Parlamentin se\u00e7il\u0259n \u00fczvl\u0259ri qanunla deputat adlan\u0131rlar, onlara dair qanunvericilikd\u0259 v\u0259kil s\u00f6z\u00fc i\u015fl\u0259dilmir v\u0259 bunu h\u0259r k\u0259s d\u0259rk etm\u0259lidir.<\/p>\n<p>Bel\u0259likl\u0259, \u0259sl mill\u0259t v\u0259kill\u0259rini tan\u0131y\u0131n. \u00d6z\u00fcn\u00fc v\u0259kil adland\u0131rmaq ist\u0259y\u0259n V\u0259kill\u0259r Kollegiyas\u0131na \u00fczv se\u00e7ilsin\u201d.<\/p>\n<p>Qeyd ed\u0259k ki, n\u0259 Konstitusiyada, n\u0259 \u201cDeputat statusu haqq\u0131nda\u201d qanunda, n\u0259 \u201cMilli M\u0259clisin deputat\u0131n\u0131n etik davran\u0131\u015f qaydalar\u0131 haqq\u0131nda\u201d qanunda, n\u0259 d\u0259 Milli M\u0259clisin Daxili Nizamnam\u0259sind\u0259 \u201cmill\u0259t v\u0259kili\u201d s\u00f6z\u00fc i\u015fl\u0259dilir.\u00a0Oxu.Az<\/p>\n","protected":false},"excerpt":{"rendered":"<p>V\u0259kill\u0259r Kollegiyas\u0131n\u0131n s\u0259dri Anar Ba\u011f\u0131rov deputatlara \u201cmill\u0259t v\u0259kili\u201d deyilm\u0259sin\u0259 etiraz edib. ARANTV.AZ-\u0131n x\u0259b\u0259rin\u0259 g\u00f6r\u0259, A.Ba\u011f\u0131rov qanunvericiliy\u0259 \u0259sas\u0259n kiml\u0259rin \u00f6zl\u0259rini v\u0259kil adland\u0131ra bilm\u0259sin\u0259 ayd\u0131nl\u0131q g\u0259tirib. O bildirib ki, Az\u0259rbaycanda yaln\u0131z v\u0259kill\u0259r m\u00fcdd\u0259tsiz se\u00e7ilir. \u201cV\u0259kill\u0259rimiz insanlar\u0131n h\u00fcquq v\u0259 azadl\u0131qlar\u0131n\u0131 pe\u015f\u0259karcas\u0131na m\u00fcdafi\u0259 edirl\u0259r. Ona g\u00f6r\u0259 d\u0259 qanunvericiliy\u0259 g\u00f6r\u0259 istisnas\u0131z v\u0259 m\u00fcst\u0259sna olaraq yaln\u0131z v\u0259 yaln\u0131z V\u0259kill\u0259r Kollegiyas\u0131n\u0131n \u00fczvl\u0259ri v\u0259kil adlan\u0131r, bu m\u00fcq\u0259dd\u0259s ad yaln\u0131z onlara aiddir\u201d, &#8211; dey\u0259 A.Ba\u011f\u0131rov bildirib. O daha sonra \u0259lav\u0259 edib: \u201cHe\u00e7 kim incim\u0259sin, ancaq \u0259sl v\u0259kill\u0259rin kimliyi qanunla m\u00fc\u0259yy\u0259n olunub. Parlamentin se\u00e7il\u0259n \u00fczvl\u0259ri qanunla deputat adlan\u0131rlar, onlara dair&hellip;<\/p>\n","protected":false},"author":2,"featured_media":117655,"comment_status":"closed","ping_status":"closed","sticky":false,"template":"","format":"standard","meta":{"om_disable_all_campaigns":false,"_monsterinsights_skip_tracking":false,"_monsterinsights_sitenote_active":false,"_monsterinsights_sitenote_note":"","_monsterinsights_sitenote_category":0},"categories":[19],"tags":[],"aioseo_notices":[],"gutentor_comment":0,"rttpg_featured_image_url":{"full":["https:\/\/arantv.az\/wp-content\/uploads\/2020\/01\/615cf0d8f77c504.jpg",620,412,false],"landscape":["https:\/\/arantv.az\/wp-content\/uploads\/2020\/01\/615cf0d8f77c504.jpg",620,412,false],"portraits":["https:\/\/arantv.az\/wp-content\/uploads\/2020\/01\/615cf0d8f77c504.jpg",620,412,false],"thumbnail":["https:\/\/arantv.az\/wp-content\/uploads\/2020\/01\/615cf0d8f77c504-150x150.jpg",150,150,true],"medium":["https:\/\/arantv.az\/wp-content\/uploads\/2020\/01\/615cf0d8f77c504-300x199.jpg",300,199,true],"large":["https:\/\/arantv.az\/wp-content\/uploads\/2020\/01\/615cf0d8f77c504.jpg",620,412,false],"1536x1536":["https:\/\/arantv.az\/wp-content\/uploads\/2020\/01\/615cf0d8f77c504.jpg",620,412,false],"2048x2048":["https:\/\/arantv.az\/wp-content\/uploads\/2020\/01\/615cf0d8f77c504.jpg",620,412,false],"post-thumbnail":["https:\/\/arantv.az\/wp-content\/uploads\/2020\/01\/615cf0d8f77c504-240x172.jpg",240,172,true],"advps-thumb-one":["https:\/\/arantv.az\/wp-content\/uploads\/2020\/01\/615cf0d8f77c504.jpg",620,412,false]},"rttpg_author":{"display_name":"V\u00fcsal Rafiqo\u011flu","author_link":"https:\/\/arantv.az\/?author=2"},"rttpg_comment":0,"rttpg_category":"<a href=\"https:\/\/arantv.az\/?cat=19\" rel=\"category\">G\u00fcnd\u0259m<\/a>","rttpg_excerpt":"V\u0259kill\u0259r Kollegiyas\u0131n\u0131n s\u0259dri Anar Ba\u011f\u0131rov deputatlara \u201cmill\u0259t v\u0259kili\u201d deyilm\u0259sin\u0259 etiraz edib. ARANTV.AZ-\u0131n x\u0259b\u0259rin\u0259 g\u00f6r\u0259, A.Ba\u011f\u0131rov qanunvericiliy\u0259 \u0259sas\u0259n kiml\u0259rin \u00f6zl\u0259rini v\u0259kil adland\u0131ra bilm\u0259sin\u0259 ayd\u0131nl\u0131q g\u0259tirib. O bildirib ki, Az\u0259rbaycanda yaln\u0131z v\u0259kill\u0259r m\u00fcdd\u0259tsiz se\u00e7ilir. \u201cV\u0259kill\u0259rimiz insanlar\u0131n h\u00fcquq v\u0259 azadl\u0131qlar\u0131n\u0131 pe\u015f\u0259karcas\u0131na m\u00fcdafi\u0259 edirl\u0259r. Ona g\u00f6r\u0259 d\u0259 qanunvericiliy\u0259 g\u00f6r\u0259 istisnas\u0131z v\u0259 m\u00fcst\u0259sna olaraq yaln\u0131z v\u0259 yaln\u0131z V\u0259kill\u0259r Kollegiyas\u0131n\u0131n \u00fczvl\u0259ri&hellip;","_links":{"self":[{"href":"https:\/\/arantv.az\/index.php?rest_route=\/wp\/v2\/posts\/117654"}],"collection":[{"href":"https:\/\/arantv.az\/index.php?rest_route=\/wp\/v2\/posts"}],"about":[{"href":"https:\/\/arantv.az\/index.php?rest_route=\/wp\/v2\/types\/post"}],"author":[{"embeddable":true,"href":"https:\/\/arantv.az\/index.php?rest_route=\/wp\/v2\/users\/2"}],"replies":[{"embeddable":true,"href":"https:\/\/arantv.az\/index.php?rest_route=%2Fwp%2Fv2%2Fcomments&post=117654"}],"version-history":[{"count":0,"href":"https:\/\/arantv.az\/index.php?rest_route=\/wp\/v2\/posts\/117654\/revisions"}],"wp:featuredmedia":[{"embeddable":true,"href":"https:\/\/arantv.az\/index.php?rest_route=\/wp\/v2\/media\/117655"}],"wp:attachment":[{"href":"https:\/\/arantv.az\/index.php?rest_route=%2Fwp%2Fv2%2Fmedia&parent=117654"}],"wp:term":[{"taxonomy":"category","embeddable":true,"href":"https:\/\/arantv.az\/index.php?rest_route=%2Fwp%2Fv2%2Fcategories&post=117654"},{"taxonomy":"post_tag","embeddable":true,"href":"https:\/\/arantv.az\/index.php?rest_route=%2Fwp%2Fv2%2Ftags&post=117654"}],"curies":[{"name":"wp","href":"https:\/\/api.w.org\/{rel}","templated":true}]}}