{"id":117760,"date":"2020-01-13T13:03:40","date_gmt":"2020-01-13T10:03:40","guid":{"rendered":"http:\/\/arantv.az\/?p=117760"},"modified":"2020-01-13T13:03:40","modified_gmt":"2020-01-13T10:03:40","slug":"canli-yayimda-turkiy%c9%99li-nazirin-burnundan-qan-acildi-video","status":"publish","type":"post","link":"https:\/\/arantv.az\/?p=117760","title":{"rendered":"Canl\u0131 yay\u0131mda t\u00fcrkiy\u0259li nazirin burnundan qan a\u00e7\u0131ld\u0131 &#8211; V\u0130DEO"},"content":{"rendered":"<p>T\u00fcrkiy\u0259d\u0259 Daxili \u0130\u015fl\u0259r naziri\u00a0S\u00fcleyman Soylunun burnundan canl\u0131 yay\u0131mda qan a\u00e7\u0131l\u0131b.<\/p>\n<p>Bu bar\u0259d\u0259 \u201cS\u00f6zc\u00fc\u201d kadrlar yay\u0131mlay\u0131b.<\/p>\n<p>Bildirilir ki, hadis\u0259 T\u00fcrkiy\u0259d\u0259 T\u0259bii F\u0259lak\u0259t v\u0259 F\u00f6vq\u0259lad\u0259 V\u0259ziyy\u0259t \u0130dar\u0259sinin \u201c\u0130dlib\u0259 Yard\u0131m Kampaniyas\u0131\u201d konfrans\u0131 zaman\u0131 ba\u015f verib.<\/p>\n<p>T\u0259dbir zaman\u0131 nazir \u00f6z\u00fcn\u00fc pis hiss edib. Onun burnundan qan a\u00e7\u0131landa is\u0259 yay\u0131m dayan\u0131b.<\/p>\n<div><iframe loading=\"lazy\" src=\"https:\/\/player.baku.tv\/embed\/12899\" width=\"560\" height=\"315\" frameborder=\"0\" allowfullscreen=\"allowfullscreen\" data-mce-fragment=\"1\"><\/iframe><\/div>\n<p>Haz\u0131rda onun v\u0259ziyy\u0259tinin normalla\u015fd\u0131\u011f\u0131 bildirilir.<\/p>\n","protected":false},"excerpt":{"rendered":"<p>T\u00fcrkiy\u0259d\u0259 Daxili \u0130\u015fl\u0259r naziri\u00a0S\u00fcleyman Soylunun burnundan canl\u0131 yay\u0131mda qan a\u00e7\u0131l\u0131b. Bu bar\u0259d\u0259 \u201cS\u00f6zc\u00fc\u201d kadrlar yay\u0131mlay\u0131b. Bildirilir ki, hadis\u0259 T\u00fcrkiy\u0259d\u0259 T\u0259bii F\u0259lak\u0259t v\u0259 F\u00f6vq\u0259lad\u0259 V\u0259ziyy\u0259t \u0130dar\u0259sinin \u201c\u0130dlib\u0259 Yard\u0131m Kampaniyas\u0131\u201d konfrans\u0131 zaman\u0131 ba\u015f verib. T\u0259dbir zaman\u0131 nazir \u00f6z\u00fcn\u00fc pis hiss edib. Onun burnundan qan a\u00e7\u0131landa is\u0259 yay\u0131m dayan\u0131b. Haz\u0131rda onun v\u0259ziyy\u0259tinin normalla\u015fd\u0131\u011f\u0131 bildirilir.<\/p>\n","protected":false},"author":2,"featured_media":117761,"comment_status":"closed","ping_status":"closed","sticky":false,"template":"","format":"standard","meta":{"om_disable_all_campaigns":false,"_monsterinsights_skip_tracking":false,"_monsterinsights_sitenote_active":false,"_monsterinsights_sitenote_note":"","_monsterinsights_sitenote_category":0},"categories":[7],"tags":[],"aioseo_notices":[],"gutentor_comment":0,"rttpg_featured_image_url":{"full":["https:\/\/arantv.az\/wp-content\/uploads\/2020\/01\/354050.jpg",620,354,false],"landscape":["https:\/\/arantv.az\/wp-content\/uploads\/2020\/01\/354050.jpg",620,354,false],"portraits":["https:\/\/arantv.az\/wp-content\/uploads\/2020\/01\/354050.jpg",620,354,false],"thumbnail":["https:\/\/arantv.az\/wp-content\/uploads\/2020\/01\/354050-150x150.jpg",150,150,true],"medium":["https:\/\/arantv.az\/wp-content\/uploads\/2020\/01\/354050-300x171.jpg",300,171,true],"large":["https:\/\/arantv.az\/wp-content\/uploads\/2020\/01\/354050.jpg",620,354,false],"1536x1536":["https:\/\/arantv.az\/wp-content\/uploads\/2020\/01\/354050.jpg",620,354,false],"2048x2048":["https:\/\/arantv.az\/wp-content\/uploads\/2020\/01\/354050.jpg",620,354,false],"post-thumbnail":["https:\/\/arantv.az\/wp-content\/uploads\/2020\/01\/354050-240x172.jpg",240,172,true],"advps-thumb-one":["https:\/\/arantv.az\/wp-content\/uploads\/2020\/01\/354050.jpg",620,354,false]},"rttpg_author":{"display_name":"V\u00fcsal Rafiqo\u011flu","author_link":"https:\/\/arantv.az\/?author=2"},"rttpg_comment":0,"rttpg_category":"<a href=\"https:\/\/arantv.az\/?cat=7\" rel=\"category\">D\u00fcnya<\/a>","rttpg_excerpt":"T\u00fcrkiy\u0259d\u0259 Daxili \u0130\u015fl\u0259r naziri\u00a0S\u00fcleyman Soylunun burnundan canl\u0131 yay\u0131mda qan a\u00e7\u0131l\u0131b. Bu bar\u0259d\u0259 \u201cS\u00f6zc\u00fc\u201d kadrlar yay\u0131mlay\u0131b. Bildirilir ki, hadis\u0259 T\u00fcrkiy\u0259d\u0259 T\u0259bii F\u0259lak\u0259t v\u0259 F\u00f6vq\u0259lad\u0259 V\u0259ziyy\u0259t \u0130dar\u0259sinin \u201c\u0130dlib\u0259 Yard\u0131m Kampaniyas\u0131\u201d konfrans\u0131 zaman\u0131 ba\u015f verib. T\u0259dbir zaman\u0131 nazir \u00f6z\u00fcn\u00fc pis hiss edib. Onun burnundan qan a\u00e7\u0131landa is\u0259 yay\u0131m dayan\u0131b. Haz\u0131rda onun v\u0259ziyy\u0259tinin normalla\u015fd\u0131\u011f\u0131 bildirilir.","_links":{"self":[{"href":"https:\/\/arantv.az\/index.php?rest_route=\/wp\/v2\/posts\/117760"}],"collection":[{"href":"https:\/\/arantv.az\/index.php?rest_route=\/wp\/v2\/posts"}],"about":[{"href":"https:\/\/arantv.az\/index.php?rest_route=\/wp\/v2\/types\/post"}],"author":[{"embeddable":true,"href":"https:\/\/arantv.az\/index.php?rest_route=\/wp\/v2\/users\/2"}],"replies":[{"embeddable":true,"href":"https:\/\/arantv.az\/index.php?rest_route=%2Fwp%2Fv2%2Fcomments&post=117760"}],"version-history":[{"count":0,"href":"https:\/\/arantv.az\/index.php?rest_route=\/wp\/v2\/posts\/117760\/revisions"}],"wp:featuredmedia":[{"embeddable":true,"href":"https:\/\/arantv.az\/index.php?rest_route=\/wp\/v2\/media\/117761"}],"wp:attachment":[{"href":"https:\/\/arantv.az\/index.php?rest_route=%2Fwp%2Fv2%2Fmedia&parent=117760"}],"wp:term":[{"taxonomy":"category","embeddable":true,"href":"https:\/\/arantv.az\/index.php?rest_route=%2Fwp%2Fv2%2Fcategories&post=117760"},{"taxonomy":"post_tag","embeddable":true,"href":"https:\/\/arantv.az\/index.php?rest_route=%2Fwp%2Fv2%2Ftags&post=117760"}],"curies":[{"name":"wp","href":"https:\/\/api.w.org\/{rel}","templated":true}]}}