{"id":117949,"date":"2020-01-14T08:10:03","date_gmt":"2020-01-14T05:10:03","guid":{"rendered":"http:\/\/arantv.az\/?p=117949"},"modified":"2020-01-14T08:10:03","modified_gmt":"2020-01-14T05:10:03","slug":"ilham-%c9%99liyev-az%c9%99rbaycan-ali-liqada-erm%c9%99nistan-is%c9%99-ucuncu-liqadadir","status":"publish","type":"post","link":"https:\/\/arantv.az\/?p=117949","title":{"rendered":"\u0130lham \u018fliyev: \u201cAz\u0259rbaycan ali liqada, Erm\u0259nistan is\u0259 \u00fc\u00e7\u00fcnc\u00fc liqadad\u0131r\u201d"},"content":{"rendered":"<p>\u00d6t\u0259n g\u00fcn Az\u0259rbaycan Respublikas\u0131n\u0131n Prezidenti \u0130lham \u018fliyevin yan\u0131nda 2019-cu ilin yekunlar\u0131na h\u0259sr olunmu\u015f m\u00fc\u015favir\u0259 ke\u00e7irilib.<\/p>\n<p><strong>ARANTV.AZ<\/strong> x\u0259b\u0259r verir ki, d\u00f6vl\u0259timizin ba\u015f\u00e7\u0131s\u0131 sonda yekun nitqi il\u0259 \u00e7\u0131x\u0131\u015f edib. O, \u00e7\u0131x\u0131\u015f\u0131nda Az\u0259rbaycan\u0131n d\u00fcnya \u0259h\u0259miyy\u0259tli n\u0259h\u0259ng layih\u0259l\u0259r icra etdiyind\u0259n s\u00f6z a\u00e7\u0131b:<\/p>\n<p>\u201cBu layih\u0259l\u0259r\u00a0aras\u0131nda Bak\u0131-Novorossiysk, Bak\u0131-Supsa, Bak\u0131-Tbilisi-Ceyhan neft k\u0259m\u0259rl\u0259ri, Bak\u0131-Tbilisi-\u018frzurum, TANAP qaz k\u0259m\u0259rl\u0259ri var. C\u0259nub Qaz D\u0259hlizi bu il istismara veril\u0259c\u0259k. Bak\u0131-Tbilisi-Qars d\u0259mir yolu istifad\u0259y\u0259 verilib v\u0259 bu yol vasit\u0259sil\u0259 y\u00fckda\u015f\u0131malar\u0131n h\u0259cmi ild\u0259n-il\u0259 art\u0131r. Bak\u0131-Tbilisi-Qars \u015e\u0259rq-Q\u0259rb n\u0259qliyyat d\u0259hlizinin t\u0259rkib hiss\u0259sidir. Biz bu layih\u0259ni qon\u015fu \u00f6lk\u0259l\u0259rl\u0259 &#8211; T\u00fcrkiy\u0259 v\u0259 G\u00fcrc\u00fcstan il\u0259 u\u011furla icra etdik. Dig\u0259r qon\u015fular\u0131m\u0131zla &#8211; Rusiya v\u0259 \u0130ran il\u0259 \u015eimal-C\u0259nub n\u0259qliyyat d\u0259hlizi \u00fczr\u0259 i\u015fl\u0259r u\u011furla gedir v\u0259 dem\u0259k olar ki, bu d\u0259hliz f\u0259aliyy\u0259t g\u00f6st\u0259rir. Sad\u0259c\u0259 olaraq, bu d\u0259hlizi daha da s\u0259m\u0259r\u0259li etm\u0259k \u00fc\u00e7\u00fcn n\u00f6vb\u0259ti add\u0131mlar at\u0131l\u0131r\u201d.<\/p>\n<p>\u0130lham \u018fliyev \u00e7\u0131x\u0131\u015f\u0131nda qeyd edib ki, bu\u00a0n\u0259h\u0259ng enerji v\u0259 n\u0259qliyyat layih\u0259l\u0259ri Erm\u0259nistandan yan ke\u00e7ib:<\/p>\n<p>\u201cBu, bizim qon\u015fular\u0131m\u0131zd\u0131r, eyni zamanda, Rusiya istisna olmaqla, Erm\u0259nistan\u0131n da qon\u015fular\u0131d\u0131r. Y\u0259ni, biz qon\u015fularla dostluq, \u0259m\u0259kda\u015fl\u0131q, s\u0259mimiyy\u0259t \u0259sas\u0131nda m\u00fcnasib\u0259tl\u0259ri qurmu\u015fuq v\u0259 m\u0259hz buna g\u00f6r\u0259 bu layih\u0259l\u0259r\u0259 nail olmu\u015fuq. Erm\u0259nistan is\u0259 \u0259srl\u0259rboyu qon\u015fulara xor g\u00f6zl\u0259 bax\u0131r, qon\u015fulardan n\u0259s\u0259 qoparmaq ist\u0259yir, onlar\u0131n torpa\u011f\u0131na iddia edir, tarixi saxtala\u015fd\u0131r\u0131r, tarixi abid\u0259l\u0259ri saxtala\u015fd\u0131r\u0131r v\u0259 \u00f6z\u00fcn\u00fcnk\u00fcl\u0259\u015fdirm\u0259y\u0259 c\u0259hd edir. F\u0259rq bundan ibar\u0259tdir.<\/p>\n<p>Erm\u0259nistan\u0131 bu enerji v\u0259 n\u0259qliyyat layih\u0259l\u0259rind\u0259n biz t\u0259crid etmi\u015fik v\u0259 bunu he\u00e7 vaxt gizl\u0259tm\u0259mi\u015fik. M\u0259n h\u0259l\u0259 bir ne\u00e7\u0259 il bundan \u0259vv\u0259l demi\u015fdim ki, biz Erm\u0259nistan\u0131 regionda bizim i\u015ftirak\u0131m\u0131zla realla\u015fd\u0131r\u0131lan b\u00fct\u00fcn \u00f6n\u0259mli layih\u0259l\u0259rd\u0259n t\u0259crid ed\u0259c\u0259yik v\u0259 biz buna nail olduq, h\u0259mi\u015f\u0259 oldu\u011fu kimi s\u00f6z\u00fcm\u00fcz\u0259 sadiq qald\u0131q\u201d.<\/p>\n<p>Prezident qeyd edib ki, Erm\u0259nistan\u0131\u00a0siyasi, iqtisadi, investisiya, enerji v\u0259 n\u0259qliyyat dalan\u0131 adland\u0131r\u0131b:<\/p>\n<p>\u201cTorpaqlar\u0131m\u0131zdan \u00e7\u0131xmayana q\u0259d\u0259r bu v\u0259ziyy\u0259t bel\u0259 d\u0259 qalacaq. Bel\u0259likl\u0259, Erm\u0259nistan r\u0259hb\u0259rliyi n\u00f6vb\u0259ti d\u0259f\u0259 saxta m\u0259lumat \u0259sas\u0131nda Erm\u0259nistan\u0131 Az\u0259rbaycanla m\u00fcqayis\u0259 etm\u0259k ist\u0259s\u0259, yax\u015f\u0131 fikirl\u0259\u015fsin. \u00c7\u00fcnki idman dili il\u0259 des\u0259k, Az\u0259rbaycan ali liqada, Erm\u0259nistan is\u0259 \u00fc\u00e7\u00fcnc\u00fc liqadad\u0131r v\u0259 getdikc\u0259 bu f\u0259rq daha da b\u00f6y\u00fcy\u0259c\u0259k.<\/p>\n<p>Bilirsiniz, \u0259vv\u0259ll\u0259r m\u0259n Az\u0259rbaycan\u0131 he\u00e7 bir \u00f6lk\u0259 il\u0259 he\u00e7 vaxt m\u00fcqayis\u0259 etm\u0259mi\u015f\u0259m. Biz i\u015fimizi kimis\u0259 qabaqlamaq \u00fc\u00e7\u00fcn g\u00f6rm\u00fcr\u00fck. Biz i\u015fimizi Az\u0259rbaycan xalq\u0131, d\u00f6vl\u0259ti namin\u0259 g\u00f6r\u00fcr\u00fck, sad\u0259c\u0259 olaraq, Erm\u0259nistan\u0131n n\u00f6vb\u0259ti yalanlar\u0131n\u0131 if\u015fa etm\u0259k \u00fc\u00e7\u00fcn m\u0259cbur olub, bu m\u00fcqayis\u0259li t\u0259hlili siz\u0259 v\u0259 Az\u0259rbaycan xalq\u0131na t\u0259qdim etdim. \u00d6z\u00fc d\u0259 m\u0259nim g\u0259tirdiyim r\u0259q\u0259ml\u0259r h\u0259qiq\u0259ti \u0259ks etdirir, Erm\u0259nistan\u0131n g\u0259tirdiyi r\u0259q\u0259ml\u0259r n\u00f6vb\u0259ti \u0259fsan\u0259dir, n\u00f6vb\u0259ti yaland\u0131r\u201d.AZ\u018fRTAC<\/p>\n","protected":false},"excerpt":{"rendered":"<p>\u00d6t\u0259n g\u00fcn Az\u0259rbaycan Respublikas\u0131n\u0131n Prezidenti \u0130lham \u018fliyevin yan\u0131nda 2019-cu ilin yekunlar\u0131na h\u0259sr olunmu\u015f m\u00fc\u015favir\u0259 ke\u00e7irilib. ARANTV.AZ x\u0259b\u0259r verir ki, d\u00f6vl\u0259timizin ba\u015f\u00e7\u0131s\u0131 sonda yekun nitqi il\u0259 \u00e7\u0131x\u0131\u015f edib. O, \u00e7\u0131x\u0131\u015f\u0131nda Az\u0259rbaycan\u0131n d\u00fcnya \u0259h\u0259miyy\u0259tli n\u0259h\u0259ng layih\u0259l\u0259r icra etdiyind\u0259n s\u00f6z a\u00e7\u0131b: \u201cBu layih\u0259l\u0259r\u00a0aras\u0131nda Bak\u0131-Novorossiysk, Bak\u0131-Supsa, Bak\u0131-Tbilisi-Ceyhan neft k\u0259m\u0259rl\u0259ri, Bak\u0131-Tbilisi-\u018frzurum, TANAP qaz k\u0259m\u0259rl\u0259ri var. C\u0259nub Qaz D\u0259hlizi bu il istismara veril\u0259c\u0259k. Bak\u0131-Tbilisi-Qars d\u0259mir yolu istifad\u0259y\u0259 verilib v\u0259 bu yol vasit\u0259sil\u0259 y\u00fckda\u015f\u0131malar\u0131n h\u0259cmi ild\u0259n-il\u0259 art\u0131r. Bak\u0131-Tbilisi-Qars \u015e\u0259rq-Q\u0259rb n\u0259qliyyat d\u0259hlizinin t\u0259rkib hiss\u0259sidir. Biz bu layih\u0259ni qon\u015fu \u00f6lk\u0259l\u0259rl\u0259 &#8211; T\u00fcrkiy\u0259 v\u0259 G\u00fcrc\u00fcstan il\u0259 u\u011furla icra etdik. Dig\u0259r&hellip;<\/p>\n","protected":false},"author":2,"featured_media":117950,"comment_status":"closed","ping_status":"closed","sticky":false,"template":"","format":"standard","meta":{"om_disable_all_campaigns":false,"_monsterinsights_skip_tracking":false,"_monsterinsights_sitenote_active":false,"_monsterinsights_sitenote_note":"","_monsterinsights_sitenote_category":0},"categories":[4],"tags":[],"aioseo_notices":[],"gutentor_comment":0,"rttpg_featured_image_url":{"full":["https:\/\/arantv.az\/wp-content\/uploads\/2020\/01\/111.jpg",620,363,false],"landscape":["https:\/\/arantv.az\/wp-content\/uploads\/2020\/01\/111.jpg",620,363,false],"portraits":["https:\/\/arantv.az\/wp-content\/uploads\/2020\/01\/111.jpg",620,363,false],"thumbnail":["https:\/\/arantv.az\/wp-content\/uploads\/2020\/01\/111-150x150.jpg",150,150,true],"medium":["https:\/\/arantv.az\/wp-content\/uploads\/2020\/01\/111-300x176.jpg",300,176,true],"large":["https:\/\/arantv.az\/wp-content\/uploads\/2020\/01\/111.jpg",620,363,false],"1536x1536":["https:\/\/arantv.az\/wp-content\/uploads\/2020\/01\/111.jpg",620,363,false],"2048x2048":["https:\/\/arantv.az\/wp-content\/uploads\/2020\/01\/111.jpg",620,363,false],"post-thumbnail":["https:\/\/arantv.az\/wp-content\/uploads\/2020\/01\/111-240x172.jpg",240,172,true],"advps-thumb-one":["https:\/\/arantv.az\/wp-content\/uploads\/2020\/01\/111.jpg",620,363,false]},"rttpg_author":{"display_name":"V\u00fcsal Rafiqo\u011flu","author_link":"https:\/\/arantv.az\/?author=2"},"rttpg_comment":0,"rttpg_category":"<a href=\"https:\/\/arantv.az\/?cat=4\" rel=\"category\">Siyas\u0259t<\/a>","rttpg_excerpt":"\u00d6t\u0259n g\u00fcn Az\u0259rbaycan Respublikas\u0131n\u0131n Prezidenti \u0130lham \u018fliyevin yan\u0131nda 2019-cu ilin yekunlar\u0131na h\u0259sr olunmu\u015f m\u00fc\u015favir\u0259 ke\u00e7irilib. ARANTV.AZ x\u0259b\u0259r verir ki, d\u00f6vl\u0259timizin ba\u015f\u00e7\u0131s\u0131 sonda yekun nitqi il\u0259 \u00e7\u0131x\u0131\u015f edib. O, \u00e7\u0131x\u0131\u015f\u0131nda Az\u0259rbaycan\u0131n d\u00fcnya \u0259h\u0259miyy\u0259tli n\u0259h\u0259ng layih\u0259l\u0259r icra etdiyind\u0259n s\u00f6z a\u00e7\u0131b: \u201cBu layih\u0259l\u0259r\u00a0aras\u0131nda Bak\u0131-Novorossiysk, Bak\u0131-Supsa, Bak\u0131-Tbilisi-Ceyhan neft k\u0259m\u0259rl\u0259ri, Bak\u0131-Tbilisi-\u018frzurum, TANAP qaz k\u0259m\u0259rl\u0259ri var. C\u0259nub Qaz D\u0259hlizi bu il&hellip;","_links":{"self":[{"href":"https:\/\/arantv.az\/index.php?rest_route=\/wp\/v2\/posts\/117949"}],"collection":[{"href":"https:\/\/arantv.az\/index.php?rest_route=\/wp\/v2\/posts"}],"about":[{"href":"https:\/\/arantv.az\/index.php?rest_route=\/wp\/v2\/types\/post"}],"author":[{"embeddable":true,"href":"https:\/\/arantv.az\/index.php?rest_route=\/wp\/v2\/users\/2"}],"replies":[{"embeddable":true,"href":"https:\/\/arantv.az\/index.php?rest_route=%2Fwp%2Fv2%2Fcomments&post=117949"}],"version-history":[{"count":0,"href":"https:\/\/arantv.az\/index.php?rest_route=\/wp\/v2\/posts\/117949\/revisions"}],"wp:featuredmedia":[{"embeddable":true,"href":"https:\/\/arantv.az\/index.php?rest_route=\/wp\/v2\/media\/117950"}],"wp:attachment":[{"href":"https:\/\/arantv.az\/index.php?rest_route=%2Fwp%2Fv2%2Fmedia&parent=117949"}],"wp:term":[{"taxonomy":"category","embeddable":true,"href":"https:\/\/arantv.az\/index.php?rest_route=%2Fwp%2Fv2%2Fcategories&post=117949"},{"taxonomy":"post_tag","embeddable":true,"href":"https:\/\/arantv.az\/index.php?rest_route=%2Fwp%2Fv2%2Ftags&post=117949"}],"curies":[{"name":"wp","href":"https:\/\/api.w.org\/{rel}","templated":true}]}}