{"id":117969,"date":"2020-01-14T08:23:16","date_gmt":"2020-01-14T05:23:16","guid":{"rendered":"http:\/\/arantv.az\/?p=117969"},"modified":"2020-01-14T08:23:16","modified_gmt":"2020-01-14T05:23:16","slug":"bakida-faci%c9%99-yuk-avtomobili-yasli-kisinin-b%c9%99d%c9%99nini-hiss%c9%99l%c9%99r%c9%99-ayirdi","status":"publish","type":"post","link":"https:\/\/arantv.az\/?p=117969","title":{"rendered":"Bak\u0131da FAC\u0130\u018f: Y\u00fck avtomobili ya\u015fl\u0131 ki\u015finin b\u0259d\u0259nini hiss\u0259l\u0259r\u0259 ay\u0131rd\u0131"},"content":{"rendered":"<p><strong>Bak\u0131da \u00f6l\u00fcml\u0259 n\u0259tic\u0259l\u0259n\u0259n b\u0259db\u0259xt hadis\u0259 ba\u015f verib.<\/strong><\/p>\n<p><b>ARANTV.AZ\u00a0<\/b>x\u0259b\u0259r verir ki, hadis\u0259 X\u0259z\u0259r rayonunun Bin\u0259 q\u0259s\u0259b\u0259sind\u0259 qeyd\u0259 al\u0131n\u0131b.<\/p>\n<p>Bel\u0259 ki, q\u0259s\u0259b\u0259d\u0259 yerl\u0259\u015f\u0259n \u201cR\u0259\u015fad\u201d yanacaqdoldurma m\u0259nt\u0259q\u0259sin\u0259 yanacaq g\u0259tir\u0259n y\u00fck avtomobili Buzovna q\u0259s\u0259b\u0259 sakini, 1973-c\u00fc il t\u0259v\u0259ll\u00fcdl\u00fc A\u011fayev Mayil A\u011f\u0259li o\u011flunun \u00fcz\u0259rind\u0259n ke\u00e7ib.<\/p>\n<p>N\u0259tic\u0259d\u0259 A. Mayilin b\u0259d\u0259ni hiss\u0259l\u0259r\u0259 ayr\u0131l\u0131b.<\/p>\n<p>Meyit aidiyyat\u0131 \u00fczr\u0259 t\u0259hvil verilib. Faktla ba\u011fl\u0131 ara\u015fd\u0131rma apar\u0131l\u0131r.\/\/Report.az<\/p>\n","protected":false},"excerpt":{"rendered":"<p>Bak\u0131da \u00f6l\u00fcml\u0259 n\u0259tic\u0259l\u0259n\u0259n b\u0259db\u0259xt hadis\u0259 ba\u015f verib. ARANTV.AZ\u00a0x\u0259b\u0259r verir ki, hadis\u0259 X\u0259z\u0259r rayonunun Bin\u0259 q\u0259s\u0259b\u0259sind\u0259 qeyd\u0259 al\u0131n\u0131b. Bel\u0259 ki, q\u0259s\u0259b\u0259d\u0259 yerl\u0259\u015f\u0259n \u201cR\u0259\u015fad\u201d yanacaqdoldurma m\u0259nt\u0259q\u0259sin\u0259 yanacaq g\u0259tir\u0259n y\u00fck avtomobili Buzovna q\u0259s\u0259b\u0259 sakini, 1973-c\u00fc il t\u0259v\u0259ll\u00fcdl\u00fc A\u011fayev Mayil A\u011f\u0259li o\u011flunun \u00fcz\u0259rind\u0259n ke\u00e7ib. N\u0259tic\u0259d\u0259 A. Mayilin b\u0259d\u0259ni hiss\u0259l\u0259r\u0259 ayr\u0131l\u0131b. Meyit aidiyyat\u0131 \u00fczr\u0259 t\u0259hvil verilib. Faktla ba\u011fl\u0131 ara\u015fd\u0131rma apar\u0131l\u0131r.\/\/Report.az<\/p>\n","protected":false},"author":2,"featured_media":117970,"comment_status":"closed","ping_status":"closed","sticky":false,"template":"","format":"standard","meta":{"om_disable_all_campaigns":false,"_monsterinsights_skip_tracking":false,"_monsterinsights_sitenote_active":false,"_monsterinsights_sitenote_note":"","_monsterinsights_sitenote_category":0},"categories":[5],"tags":[],"aioseo_notices":[],"gutentor_comment":0,"rttpg_featured_image_url":{"full":["https:\/\/arantv.az\/wp-content\/uploads\/2020\/01\/f34d2cc8-d927-4c90-beb0-1fd7e561d47b.jpg",800,450,false],"landscape":["https:\/\/arantv.az\/wp-content\/uploads\/2020\/01\/f34d2cc8-d927-4c90-beb0-1fd7e561d47b.jpg",800,450,false],"portraits":["https:\/\/arantv.az\/wp-content\/uploads\/2020\/01\/f34d2cc8-d927-4c90-beb0-1fd7e561d47b.jpg",800,450,false],"thumbnail":["https:\/\/arantv.az\/wp-content\/uploads\/2020\/01\/f34d2cc8-d927-4c90-beb0-1fd7e561d47b-150x150.jpg",150,150,true],"medium":["https:\/\/arantv.az\/wp-content\/uploads\/2020\/01\/f34d2cc8-d927-4c90-beb0-1fd7e561d47b-300x169.jpg",300,169,true],"large":["https:\/\/arantv.az\/wp-content\/uploads\/2020\/01\/f34d2cc8-d927-4c90-beb0-1fd7e561d47b.jpg",640,360,false],"1536x1536":["https:\/\/arantv.az\/wp-content\/uploads\/2020\/01\/f34d2cc8-d927-4c90-beb0-1fd7e561d47b.jpg",800,450,false],"2048x2048":["https:\/\/arantv.az\/wp-content\/uploads\/2020\/01\/f34d2cc8-d927-4c90-beb0-1fd7e561d47b.jpg",800,450,false],"post-thumbnail":["https:\/\/arantv.az\/wp-content\/uploads\/2020\/01\/f34d2cc8-d927-4c90-beb0-1fd7e561d47b-240x172.jpg",240,172,true],"advps-thumb-one":["https:\/\/arantv.az\/wp-content\/uploads\/2020\/01\/f34d2cc8-d927-4c90-beb0-1fd7e561d47b.jpg",800,450,false]},"rttpg_author":{"display_name":"V\u00fcsal Rafiqo\u011flu","author_link":"https:\/\/arantv.az\/?author=2"},"rttpg_comment":0,"rttpg_category":"<a href=\"https:\/\/arantv.az\/?cat=5\" rel=\"category\">Hadis\u0259<\/a>","rttpg_excerpt":"Bak\u0131da \u00f6l\u00fcml\u0259 n\u0259tic\u0259l\u0259n\u0259n b\u0259db\u0259xt hadis\u0259 ba\u015f verib. ARANTV.AZ\u00a0x\u0259b\u0259r verir ki, hadis\u0259 X\u0259z\u0259r rayonunun Bin\u0259 q\u0259s\u0259b\u0259sind\u0259 qeyd\u0259 al\u0131n\u0131b. Bel\u0259 ki, q\u0259s\u0259b\u0259d\u0259 yerl\u0259\u015f\u0259n \u201cR\u0259\u015fad\u201d yanacaqdoldurma m\u0259nt\u0259q\u0259sin\u0259 yanacaq g\u0259tir\u0259n y\u00fck avtomobili Buzovna q\u0259s\u0259b\u0259 sakini, 1973-c\u00fc il t\u0259v\u0259ll\u00fcdl\u00fc A\u011fayev Mayil A\u011f\u0259li o\u011flunun \u00fcz\u0259rind\u0259n ke\u00e7ib. N\u0259tic\u0259d\u0259 A. Mayilin b\u0259d\u0259ni hiss\u0259l\u0259r\u0259 ayr\u0131l\u0131b. Meyit aidiyyat\u0131 \u00fczr\u0259 t\u0259hvil verilib. Faktla ba\u011fl\u0131 ara\u015fd\u0131rma apar\u0131l\u0131r.\/\/Report.az","_links":{"self":[{"href":"https:\/\/arantv.az\/index.php?rest_route=\/wp\/v2\/posts\/117969"}],"collection":[{"href":"https:\/\/arantv.az\/index.php?rest_route=\/wp\/v2\/posts"}],"about":[{"href":"https:\/\/arantv.az\/index.php?rest_route=\/wp\/v2\/types\/post"}],"author":[{"embeddable":true,"href":"https:\/\/arantv.az\/index.php?rest_route=\/wp\/v2\/users\/2"}],"replies":[{"embeddable":true,"href":"https:\/\/arantv.az\/index.php?rest_route=%2Fwp%2Fv2%2Fcomments&post=117969"}],"version-history":[{"count":0,"href":"https:\/\/arantv.az\/index.php?rest_route=\/wp\/v2\/posts\/117969\/revisions"}],"wp:featuredmedia":[{"embeddable":true,"href":"https:\/\/arantv.az\/index.php?rest_route=\/wp\/v2\/media\/117970"}],"wp:attachment":[{"href":"https:\/\/arantv.az\/index.php?rest_route=%2Fwp%2Fv2%2Fmedia&parent=117969"}],"wp:term":[{"taxonomy":"category","embeddable":true,"href":"https:\/\/arantv.az\/index.php?rest_route=%2Fwp%2Fv2%2Fcategories&post=117969"},{"taxonomy":"post_tag","embeddable":true,"href":"https:\/\/arantv.az\/index.php?rest_route=%2Fwp%2Fv2%2Ftags&post=117969"}],"curies":[{"name":"wp","href":"https:\/\/api.w.org\/{rel}","templated":true}]}}