{"id":117977,"date":"2020-01-14T08:26:52","date_gmt":"2020-01-14T05:26:52","guid":{"rendered":"http:\/\/arantv.az\/?p=117977"},"modified":"2020-01-14T08:26:52","modified_gmt":"2020-01-14T05:26:52","slug":"sigortalanmayan-evl%c9%99r%c9%99-gor%c9%99-c%c9%99rim%c9%99-olmayacaq-sad-x%c9%99b%c9%99r","status":"publish","type":"post","link":"https:\/\/arantv.az\/?p=117977","title":{"rendered":"S\u0131\u011fortalanmayan evl\u0259r\u0259 g\u00f6r\u0259 c\u0259rim\u0259 olmayacaq &#8211; \u015eAD X\u018fB\u018fR"},"content":{"rendered":"<p>\u0130cbari S\u0131\u011forta B\u00fcrosunun icra\u00e7\u0131 direktoru R\u0259\u015fad \u018fhm\u0259dov da\u015f\u0131nmaz \u0259mlak\u0131n icbari s\u0131\u011fortas\u0131 il\u0259 ba\u011fl\u0131 suallara ayd\u0131nl\u0131q g\u0259tirib.<\/p>\n<p>&#8220;\u0130TV x\u0259b\u0259r-Yekun&#8221;da m\u0259s\u0259l\u0259y\u0259 m\u00fcnasib\u0259t bildir\u0259n R.\u018fhm\u0259dov bildirib ki, d\u00f6vl\u0259t qeydiyyat\u0131nda olan evl\u0259rin siyah\u0131s\u0131n\u0131n D\u00f6vl\u0259t \u018fmlak Komit\u0259sind\u0259n \u0130cbari S\u0131\u011forta B\u00fcrosuna \u00f6t\u00fcr\u00fclm\u0259si \u00fc\u00e7\u00fcn z\u0259ruri qanunvericilik akt\u0131 yoxdur:<\/p>\n<p>\u201cQanunvericilik \u0259mlak m\u0259s\u0259l\u0259l\u0259ri \u00fczr\u0259 komit\u0259nin biz\u0259 m\u0259lumat\u0131 \u00f6t\u00fcrm\u0259sini n\u0259z\u0259rd\u0259 tutmay\u0131b. Bu s\u0259b\u0259b\u0259 g\u00f6r\u0259 d\u0259 biz h\u0259l\u0259 ki, inteqrasiyan\u0131 h\u0259yata ke\u00e7ir\u0259 bilm\u0259mi\u015fik. Qanunvericiliy\u0259 m\u00fcvafiq d\u0259yi\u015fiklik edildikd\u0259n sonra inteqrasiyan\u0131n h\u0259yata ke\u00e7irilm\u0259si m\u00fcmk\u00fcn olacaq. S\u0131\u011forta \u015f\u0259had\u0259tnam\u0259l\u0259ri elektron olacaq v\u0259 elektron sisteml\u0259rd\u0259 hans\u0131 \u00fcnvanda s\u0131\u011fortan\u0131n olub-olmamas\u0131 m\u00fc\u0259yy\u0259n edil\u0259c\u0259k\u201d.<\/p>\n<div><\/div>\n<p>M\u0259s\u0259l\u0259y\u0259 m\u00fcnasib\u0259t bildir\u0259n iqitisad\u00e7\u0131 Samir \u018fliyev Modern.az-a deyib ki, R\u0259\u015fad \u018fhm\u0259dovun bu a\u00e7\u0131qlamas\u0131 il\u0259 icbari s\u0131\u011forta m\u0259s\u0259l\u0259sin\u0259 xeyli ayd\u0131nl\u0131q g\u0259tirilib:<\/p>\n<p>\u201c\u0130cbari S\u0131\u011forta B\u00fcrosunun (\u0130SB) r\u0259hb\u0259rinin a\u00e7\u0131qlamas\u0131 ajiotaja bir m\u00fcdd\u0259t n\u00f6qt\u0259 qoydu. S\u00f6hb\u0259t ondan gedir ki, d\u00f6vl\u0259t qeydiyyat\u0131nda olan (kup\u00e7al\u0131) evl\u0259rin siyah\u0131s\u0131n\u0131n \u0130SB-nin D\u00f6vl\u0259t \u018fmlak Komit\u0259sind\u0259n (D\u018fK) almas\u0131 \u00fc\u00e7\u00fcn z\u0259ruri qanunvericilk akt\u0131 yoxdur. Y\u0259ni, bu qayda olmay\u0131nca, D\u018fK qeydiyyatl\u0131 ev\u0259rin siyah\u0131s\u0131n\u0131 \u0130SB-y\u0259 \u00f6t\u00fcr\u0259 bilm\u0259z. Bu m\u0259lumat \u00f6t\u00fcr\u00fclm\u0259diyi \u00fc\u00e7\u00fcn kimin evinin s\u0131\u011fortal\u0131, kiminkinin is\u0259 s\u0131\u011fortas\u0131z oldu\u011funu m\u00fc\u0259yy\u0259nl\u0259\u015fdirm\u0259k m\u00fcmk\u00fcn olmayacaq v\u0259 dem\u0259li, c\u0259rim\u0259 d\u0259 olmayacaq. Ona g\u00f6r\u0259 d\u0259 Nazirl\u0259r Kabinetinin m\u00fcvafiq q\u0259rar\u0131 olmadan kimins\u0259 c\u0259rim\u0259l\u0259nm\u0259si real deyil. \u018fslind\u0259 ajiotaja s\u0259b\u0259b Nazirl\u0259r Kabinetinin 21 may 2019-cu il tarixli 354s n\u00f6mr\u0259li S\u0259r\u0259ncam\u0131 il\u0259 t\u0259diq edilmi\u015f \u201cS\u0131\u011forta sektorunun inki\u015faf etdirilm\u0259si \u00fc\u00e7\u00fcn g\u00f6r\u00fclm\u0259li i\u015fl\u0259rl\u0259 ba\u011fl\u0131 T\u0259dbirl\u0259r Plan\u0131\u201d olub. S\u0131\u011forta \u015firk\u0259tl\u0259ri d\u0259 v\u0259ziyy\u0259td\u0259n istifad\u0259 edibl\u0259r\u201d.<\/p>\n<p>S.\u018fliyev qeyd edib ki, \u0259mlak\u0131n s\u0131\u011fortas\u0131n\u0131n icbariliyi aradan qald\u0131r\u0131lmal\u0131, k\u00f6n\u00fcll\u00fc mexanizm\u0259 ke\u00e7ilm\u0259lidir.<\/p>\n<p>\u201c\u018fg\u0259r d\u00f6vl\u0259t icbarilikd\u0259 q\u0259rarl\u0131d\u0131rsa, hans\u0131 ki bunun q\u0259ti \u0259leyhin\u0259y\u0259m, bu halda he\u00e7 olmazsa, 3 ili \u00f6z b\u00fcdc\u0259si hesab\u0131na \u00f6d\u0259m\u0259lidir. Bu il is\u0259 icbari s\u0131\u011forta t\u0259tili olmal\u0131d\u0131r, y\u0259ni c\u0259rim\u0259 m\u0259s\u0259l\u0259si g\u0259l\u0259n ild\u0259n ba\u015flamal\u0131d\u0131r\u201d, &#8211; dey\u0259 iqtisad\u00e7\u0131 bildirib.<\/p>\n<p><iframe loading=\"lazy\" src=\"https:\/\/www.facebook.com\/plugins\/video.php?href=https%3A%2F%2Fwww.facebook.com%2Fictimai.tv%2Fvideos%2F501995500429327%2F&amp;show_text=0&amp;width=560\" width=\"100%\" height=\"350\" frameborder=\"0\" scrolling=\"no\" allowfullscreen=\"allowfullscreen\" data-mce-fragment=\"1\"><\/iframe><\/p>\n<p>&nbsp;<\/p>\n","protected":false},"excerpt":{"rendered":"<p>\u0130cbari S\u0131\u011forta B\u00fcrosunun icra\u00e7\u0131 direktoru R\u0259\u015fad \u018fhm\u0259dov da\u015f\u0131nmaz \u0259mlak\u0131n icbari s\u0131\u011fortas\u0131 il\u0259 ba\u011fl\u0131 suallara ayd\u0131nl\u0131q g\u0259tirib. &#8220;\u0130TV x\u0259b\u0259r-Yekun&#8221;da m\u0259s\u0259l\u0259y\u0259 m\u00fcnasib\u0259t bildir\u0259n R.\u018fhm\u0259dov bildirib ki, d\u00f6vl\u0259t qeydiyyat\u0131nda olan evl\u0259rin siyah\u0131s\u0131n\u0131n D\u00f6vl\u0259t \u018fmlak Komit\u0259sind\u0259n \u0130cbari S\u0131\u011forta B\u00fcrosuna \u00f6t\u00fcr\u00fclm\u0259si \u00fc\u00e7\u00fcn z\u0259ruri qanunvericilik akt\u0131 yoxdur: \u201cQanunvericilik \u0259mlak m\u0259s\u0259l\u0259l\u0259ri \u00fczr\u0259 komit\u0259nin biz\u0259 m\u0259lumat\u0131 \u00f6t\u00fcrm\u0259sini n\u0259z\u0259rd\u0259 tutmay\u0131b. Bu s\u0259b\u0259b\u0259 g\u00f6r\u0259 d\u0259 biz h\u0259l\u0259 ki, inteqrasiyan\u0131 h\u0259yata ke\u00e7ir\u0259 bilm\u0259mi\u015fik. Qanunvericiliy\u0259 m\u00fcvafiq d\u0259yi\u015fiklik edildikd\u0259n sonra inteqrasiyan\u0131n h\u0259yata ke\u00e7irilm\u0259si m\u00fcmk\u00fcn olacaq. S\u0131\u011forta \u015f\u0259had\u0259tnam\u0259l\u0259ri elektron olacaq v\u0259 elektron sisteml\u0259rd\u0259 hans\u0131 \u00fcnvanda s\u0131\u011fortan\u0131n olub-olmamas\u0131 m\u00fc\u0259yy\u0259n edil\u0259c\u0259k\u201d. M\u0259s\u0259l\u0259y\u0259 m\u00fcnasib\u0259t bildir\u0259n iqitisad\u00e7\u0131 Samir&hellip;<\/p>\n","protected":false},"author":2,"featured_media":117978,"comment_status":"closed","ping_status":"closed","sticky":false,"template":"","format":"standard","meta":{"om_disable_all_campaigns":false,"_monsterinsights_skip_tracking":false,"_monsterinsights_sitenote_active":false,"_monsterinsights_sitenote_note":"","_monsterinsights_sitenote_category":0},"categories":[1],"tags":[],"aioseo_notices":[],"gutentor_comment":0,"rttpg_featured_image_url":{"full":["https:\/\/arantv.az\/wp-content\/uploads\/2020\/01\/modern.az_bina_743.jpg",800,600,false],"landscape":["https:\/\/arantv.az\/wp-content\/uploads\/2020\/01\/modern.az_bina_743.jpg",800,600,false],"portraits":["https:\/\/arantv.az\/wp-content\/uploads\/2020\/01\/modern.az_bina_743.jpg",800,600,false],"thumbnail":["https:\/\/arantv.az\/wp-content\/uploads\/2020\/01\/modern.az_bina_743-150x150.jpg",150,150,true],"medium":["https:\/\/arantv.az\/wp-content\/uploads\/2020\/01\/modern.az_bina_743-300x225.jpg",300,225,true],"large":["https:\/\/arantv.az\/wp-content\/uploads\/2020\/01\/modern.az_bina_743.jpg",640,480,false],"1536x1536":["https:\/\/arantv.az\/wp-content\/uploads\/2020\/01\/modern.az_bina_743.jpg",800,600,false],"2048x2048":["https:\/\/arantv.az\/wp-content\/uploads\/2020\/01\/modern.az_bina_743.jpg",800,600,false],"post-thumbnail":["https:\/\/arantv.az\/wp-content\/uploads\/2020\/01\/modern.az_bina_743-240x172.jpg",240,172,true],"advps-thumb-one":["https:\/\/arantv.az\/wp-content\/uploads\/2020\/01\/modern.az_bina_743.jpg",800,600,false]},"rttpg_author":{"display_name":"V\u00fcsal Rafiqo\u011flu","author_link":"https:\/\/arantv.az\/?author=2"},"rttpg_comment":0,"rttpg_category":"<a href=\"https:\/\/arantv.az\/?cat=1\" rel=\"category\">C\u0259miyy\u0259t<\/a>","rttpg_excerpt":"\u0130cbari S\u0131\u011forta B\u00fcrosunun icra\u00e7\u0131 direktoru R\u0259\u015fad \u018fhm\u0259dov da\u015f\u0131nmaz \u0259mlak\u0131n icbari s\u0131\u011fortas\u0131 il\u0259 ba\u011fl\u0131 suallara ayd\u0131nl\u0131q g\u0259tirib. &#8220;\u0130TV x\u0259b\u0259r-Yekun&#8221;da m\u0259s\u0259l\u0259y\u0259 m\u00fcnasib\u0259t bildir\u0259n R.\u018fhm\u0259dov bildirib ki, d\u00f6vl\u0259t qeydiyyat\u0131nda olan evl\u0259rin siyah\u0131s\u0131n\u0131n D\u00f6vl\u0259t \u018fmlak Komit\u0259sind\u0259n \u0130cbari S\u0131\u011forta B\u00fcrosuna \u00f6t\u00fcr\u00fclm\u0259si \u00fc\u00e7\u00fcn z\u0259ruri qanunvericilik akt\u0131 yoxdur: \u201cQanunvericilik \u0259mlak m\u0259s\u0259l\u0259l\u0259ri \u00fczr\u0259 komit\u0259nin biz\u0259 m\u0259lumat\u0131 \u00f6t\u00fcrm\u0259sini n\u0259z\u0259rd\u0259 tutmay\u0131b. Bu s\u0259b\u0259b\u0259 g\u00f6r\u0259 d\u0259&hellip;","_links":{"self":[{"href":"https:\/\/arantv.az\/index.php?rest_route=\/wp\/v2\/posts\/117977"}],"collection":[{"href":"https:\/\/arantv.az\/index.php?rest_route=\/wp\/v2\/posts"}],"about":[{"href":"https:\/\/arantv.az\/index.php?rest_route=\/wp\/v2\/types\/post"}],"author":[{"embeddable":true,"href":"https:\/\/arantv.az\/index.php?rest_route=\/wp\/v2\/users\/2"}],"replies":[{"embeddable":true,"href":"https:\/\/arantv.az\/index.php?rest_route=%2Fwp%2Fv2%2Fcomments&post=117977"}],"version-history":[{"count":0,"href":"https:\/\/arantv.az\/index.php?rest_route=\/wp\/v2\/posts\/117977\/revisions"}],"wp:featuredmedia":[{"embeddable":true,"href":"https:\/\/arantv.az\/index.php?rest_route=\/wp\/v2\/media\/117978"}],"wp:attachment":[{"href":"https:\/\/arantv.az\/index.php?rest_route=%2Fwp%2Fv2%2Fmedia&parent=117977"}],"wp:term":[{"taxonomy":"category","embeddable":true,"href":"https:\/\/arantv.az\/index.php?rest_route=%2Fwp%2Fv2%2Fcategories&post=117977"},{"taxonomy":"post_tag","embeddable":true,"href":"https:\/\/arantv.az\/index.php?rest_route=%2Fwp%2Fv2%2Ftags&post=117977"}],"curies":[{"name":"wp","href":"https:\/\/api.w.org\/{rel}","templated":true}]}}