{"id":117981,"date":"2020-01-14T08:28:25","date_gmt":"2020-01-14T05:28:25","guid":{"rendered":"http:\/\/arantv.az\/?p=117981"},"modified":"2020-01-14T08:28:25","modified_gmt":"2020-01-14T05:28:25","slug":"mehriban-%c9%99liyeva-xosb%c9%99xt-yusifzad%c9%99ni-t%c9%99brik-etdi","status":"publish","type":"post","link":"https:\/\/arantv.az\/?p=117981","title":{"rendered":"Mehriban \u018fliyeva Xo\u015fb\u0259xt Yusifzad\u0259ni t\u0259brik etdi"},"content":{"rendered":"<div class=\"spot\">Birinci vitse-prezident Mehriban \u018fliyeva r\u0259smi \u0130nstaqram s\u0259hif\u0259sind\u0259 Az\u0259rbaycan Respublikas\u0131 D\u00f6vl\u0259t Neft \u015eirk\u0259tinin birinci vitse-prezidenti, akademik Xo\u015fb\u0259xt Yusifzad\u0259nin 90 illiyi m\u00fcnasib\u0259til\u0259 payla\u015f\u0131m edib.<\/div>\n<p><strong>ARANTV.AZ<\/strong> x\u0259b\u0259r verir ki, payla\u015f\u0131mda deyilir:<\/p>\n<p>&#8220;Bu g\u00fcn Az\u0259rbaycan Respublikas\u0131 D\u00f6vl\u0259t Neft \u015eirk\u0259tinin birinci vitse-prezidenti, akademik Xo\u015fb\u0259xt Yusifzad\u0259nin 90 ya\u015f\u0131 tamam olur. Xo\u015fb\u0259xt m\u00fc\u0259llim Az\u0259rbaycan\u0131n neft salnam\u0259sin\u0259 parlaq s\u0259hif\u0259l\u0259r yazm\u0131\u015f canl\u0131 \u0259fsan\u0259dir. O, \u0259sl Az\u0259rbaycan ziyal\u0131s\u0131 kimi \u015f\u0259xsi keyfiyy\u0259tl\u0259ri, biliyi, z\u0259ngin t\u0259cr\u00fcb\u0259si, elmi v\u0259 \u0259m\u0259li f\u0259aliyy\u0259ti il\u0259 b\u00fct\u00fcn xalq\u0131m\u0131z\u0131n s\u0259mimi sevgi v\u0259 h\u00f6rm\u0259tini qazanm\u0131\u015fd\u0131r.<\/p>\n<p>Bu \u0259lam\u0259tdar g\u00fcnd\u0259 Xo\u015fb\u0259xt m\u00fc\u0259llimi 90 illik yubileyi v\u0259 Az\u0259rbaycan Respublikas\u0131n\u0131n \u0259n y\u00fcks\u0259k d\u00f6vl\u0259t t\u0259ltifi olan &#8220;Heyd\u0259r \u018fliyev&#8221; ordeni il\u0259 t\u0259ltif edilm\u0259si m\u00fcnasib\u0259til\u0259 s\u0259mimi-q\u0259lbd\u0259n t\u0259brik edir, ona m\u00f6hk\u0259m cansa\u011fl\u0131\u011f\u0131 dil\u0259yir v\u0259 \u0259n xo\u015f arzular\u0131m\u0131 \u00e7atd\u0131r\u0131ram!&#8221;.&#8221;\u00d6lk\u0259.Az&#8221;<\/p>\n","protected":false},"excerpt":{"rendered":"<p>Birinci vitse-prezident Mehriban \u018fliyeva r\u0259smi \u0130nstaqram s\u0259hif\u0259sind\u0259 Az\u0259rbaycan Respublikas\u0131 D\u00f6vl\u0259t Neft \u015eirk\u0259tinin birinci vitse-prezidenti, akademik Xo\u015fb\u0259xt Yusifzad\u0259nin 90 illiyi m\u00fcnasib\u0259til\u0259 payla\u015f\u0131m edib. ARANTV.AZ x\u0259b\u0259r verir ki, payla\u015f\u0131mda deyilir: &#8220;Bu g\u00fcn Az\u0259rbaycan Respublikas\u0131 D\u00f6vl\u0259t Neft \u015eirk\u0259tinin birinci vitse-prezidenti, akademik Xo\u015fb\u0259xt Yusifzad\u0259nin 90 ya\u015f\u0131 tamam olur. Xo\u015fb\u0259xt m\u00fc\u0259llim Az\u0259rbaycan\u0131n neft salnam\u0259sin\u0259 parlaq s\u0259hif\u0259l\u0259r yazm\u0131\u015f canl\u0131 \u0259fsan\u0259dir. O, \u0259sl Az\u0259rbaycan ziyal\u0131s\u0131 kimi \u015f\u0259xsi keyfiyy\u0259tl\u0259ri, biliyi, z\u0259ngin t\u0259cr\u00fcb\u0259si, elmi v\u0259 \u0259m\u0259li f\u0259aliyy\u0259ti il\u0259 b\u00fct\u00fcn xalq\u0131m\u0131z\u0131n s\u0259mimi sevgi v\u0259 h\u00f6rm\u0259tini qazanm\u0131\u015fd\u0131r. Bu \u0259lam\u0259tdar g\u00fcnd\u0259 Xo\u015fb\u0259xt m\u00fc\u0259llimi 90 illik yubileyi v\u0259 Az\u0259rbaycan Respublikas\u0131n\u0131n \u0259n y\u00fcks\u0259k d\u00f6vl\u0259t&hellip;<\/p>\n","protected":false},"author":2,"featured_media":117982,"comment_status":"closed","ping_status":"closed","sticky":false,"template":"","format":"standard","meta":{"om_disable_all_campaigns":false,"_monsterinsights_skip_tracking":false,"_monsterinsights_sitenote_active":false,"_monsterinsights_sitenote_note":"","_monsterinsights_sitenote_category":0},"categories":[4],"tags":[],"aioseo_notices":[],"gutentor_comment":0,"rttpg_featured_image_url":{"full":["https:\/\/arantv.az\/wp-content\/uploads\/2020\/01\/mehribaneliyeva.jpg",620,375,false],"landscape":["https:\/\/arantv.az\/wp-content\/uploads\/2020\/01\/mehribaneliyeva.jpg",620,375,false],"portraits":["https:\/\/arantv.az\/wp-content\/uploads\/2020\/01\/mehribaneliyeva.jpg",620,375,false],"thumbnail":["https:\/\/arantv.az\/wp-content\/uploads\/2020\/01\/mehribaneliyeva-150x150.jpg",150,150,true],"medium":["https:\/\/arantv.az\/wp-content\/uploads\/2020\/01\/mehribaneliyeva-300x181.jpg",300,181,true],"large":["https:\/\/arantv.az\/wp-content\/uploads\/2020\/01\/mehribaneliyeva.jpg",620,375,false],"1536x1536":["https:\/\/arantv.az\/wp-content\/uploads\/2020\/01\/mehribaneliyeva.jpg",620,375,false],"2048x2048":["https:\/\/arantv.az\/wp-content\/uploads\/2020\/01\/mehribaneliyeva.jpg",620,375,false],"post-thumbnail":["https:\/\/arantv.az\/wp-content\/uploads\/2020\/01\/mehribaneliyeva-240x172.jpg",240,172,true],"advps-thumb-one":["https:\/\/arantv.az\/wp-content\/uploads\/2020\/01\/mehribaneliyeva.jpg",620,375,false]},"rttpg_author":{"display_name":"V\u00fcsal Rafiqo\u011flu","author_link":"https:\/\/arantv.az\/?author=2"},"rttpg_comment":0,"rttpg_category":"<a href=\"https:\/\/arantv.az\/?cat=4\" rel=\"category\">Siyas\u0259t<\/a>","rttpg_excerpt":"Birinci vitse-prezident Mehriban \u018fliyeva r\u0259smi \u0130nstaqram s\u0259hif\u0259sind\u0259 Az\u0259rbaycan Respublikas\u0131 D\u00f6vl\u0259t Neft \u015eirk\u0259tinin birinci vitse-prezidenti, akademik Xo\u015fb\u0259xt Yusifzad\u0259nin 90 illiyi m\u00fcnasib\u0259til\u0259 payla\u015f\u0131m edib. ARANTV.AZ x\u0259b\u0259r verir ki, payla\u015f\u0131mda deyilir: &#8220;Bu g\u00fcn Az\u0259rbaycan Respublikas\u0131 D\u00f6vl\u0259t Neft \u015eirk\u0259tinin birinci vitse-prezidenti, akademik Xo\u015fb\u0259xt Yusifzad\u0259nin 90 ya\u015f\u0131 tamam olur. Xo\u015fb\u0259xt m\u00fc\u0259llim Az\u0259rbaycan\u0131n neft salnam\u0259sin\u0259 parlaq s\u0259hif\u0259l\u0259r yazm\u0131\u015f canl\u0131 \u0259fsan\u0259dir. O,&hellip;","_links":{"self":[{"href":"https:\/\/arantv.az\/index.php?rest_route=\/wp\/v2\/posts\/117981"}],"collection":[{"href":"https:\/\/arantv.az\/index.php?rest_route=\/wp\/v2\/posts"}],"about":[{"href":"https:\/\/arantv.az\/index.php?rest_route=\/wp\/v2\/types\/post"}],"author":[{"embeddable":true,"href":"https:\/\/arantv.az\/index.php?rest_route=\/wp\/v2\/users\/2"}],"replies":[{"embeddable":true,"href":"https:\/\/arantv.az\/index.php?rest_route=%2Fwp%2Fv2%2Fcomments&post=117981"}],"version-history":[{"count":0,"href":"https:\/\/arantv.az\/index.php?rest_route=\/wp\/v2\/posts\/117981\/revisions"}],"wp:featuredmedia":[{"embeddable":true,"href":"https:\/\/arantv.az\/index.php?rest_route=\/wp\/v2\/media\/117982"}],"wp:attachment":[{"href":"https:\/\/arantv.az\/index.php?rest_route=%2Fwp%2Fv2%2Fmedia&parent=117981"}],"wp:term":[{"taxonomy":"category","embeddable":true,"href":"https:\/\/arantv.az\/index.php?rest_route=%2Fwp%2Fv2%2Fcategories&post=117981"},{"taxonomy":"post_tag","embeddable":true,"href":"https:\/\/arantv.az\/index.php?rest_route=%2Fwp%2Fv2%2Ftags&post=117981"}],"curies":[{"name":"wp","href":"https:\/\/api.w.org\/{rel}","templated":true}]}}