{"id":118067,"date":"2020-01-14T10:31:54","date_gmt":"2020-01-14T07:31:54","guid":{"rendered":"http:\/\/arantv.az\/?p=118067"},"modified":"2020-01-14T10:31:54","modified_gmt":"2020-01-14T07:31:54","slug":"irandan-t%c9%99zminat-t%c9%99l%c9%99bi-tehran-m%c9%99suliyy%c9%99ti-uz%c9%99rin%c9%99-goturm%c9%99lidir","status":"publish","type":"post","link":"https:\/\/arantv.az\/?p=118067","title":{"rendered":"\u0130randan t\u0259zminat t\u0259l\u0259bi: \u201cTehran m\u0259suliyy\u0259ti \u00fcz\u0259rin\u0259 g\u00f6t\u00fcrm\u0259lidir\u201d"},"content":{"rendered":"<p>\u0130sve\u00e7 \u0130ran t\u0259r\u0259find\u0259n s\u0259hv\u0259n vuruldu\u011fu a\u00e7\u0131qlanan Ukrayna\u00a0t\u0259yyar\u0259sind\u0259 \u00f6l\u0259n v\u0259t\u0259nda\u015flar\u0131 \u00fc\u00e7\u00fcn t\u0259zminat ist\u0259yib.<\/p>\n<p>\u201cHaberGlobal\u201d\u0131n m\u0259lumat\u0131na g\u00f6r\u0259, bu bar\u0259d\u0259 \u0130sve\u00e7in Xarici \u0130\u015fl\u0259r naziri Ann Linde \u201cTwitter\u201d hesab\u0131nda yaz\u0131b.<\/p>\n<div id=\"AdviadNativeVideo0\" class=\"AdviadNativeVideo\"><\/div>\n<p>X\u0130N r\u0259hb\u0259ri \u0130ran\u0131n Stokholmdak\u0131 s\u0259firi Seyid R\u0259sul M\u00fchacirin Tehran yax\u0131nl\u0131\u011f\u0131nda q\u0259zaya u\u011frayan Ukrayna t\u0259yyar\u0259si il\u0259 ba\u011fl\u0131 m\u00fczakir\u0259 \u00fc\u00e7\u00fcn nazirliy\u0259 \u00e7a\u011f\u0131r\u0131ld\u0131\u011f\u0131n\u0131 a\u00e7\u0131qlay\u0131b.<\/p>\n<p>\u201cS\u0259fir\u0259 q\u0259zan\u0131 ara\u015fd\u0131rmaq \u00fc\u00e7\u00fcn \u0259m\u0259kda\u015fl\u0131q t\u0259klif edildi. S\u00fcr\u0259t v\u0259 \u015f\u0259ffafl\u0131q, eyni zamanda, \u00f6lk\u0259mizin z\u0259r\u0259r\u00e7\u0259kmi\u015f v\u0259t\u0259nda\u015flar\u0131n\u0131n qohumlar\u0131n\u0131n a\u011fr\u0131lar\u0131n\u0131n az da olsa, \u0259v\u0259zini \u00e7\u0131xmaq \u00fc\u00e7\u00fcn (\u0130ran t\u0259r\u0259find\u0259n) m\u0259suliyy\u0259ti \u00fcz\u0259rin\u0259 g\u00f6t\u00fcrm\u0259k t\u0259l\u0259b edildi. \u0130ndi b\u00fct\u00fcn diqq\u0259timiz ya\u015fayanlara k\u00f6m\u0259k etm\u0259y\u0259 y\u00f6n\u0259lib\u201d, &#8211; Ann Linde bildirib.<\/p>\n","protected":false},"excerpt":{"rendered":"<p>\u0130sve\u00e7 \u0130ran t\u0259r\u0259find\u0259n s\u0259hv\u0259n vuruldu\u011fu a\u00e7\u0131qlanan Ukrayna\u00a0t\u0259yyar\u0259sind\u0259 \u00f6l\u0259n v\u0259t\u0259nda\u015flar\u0131 \u00fc\u00e7\u00fcn t\u0259zminat ist\u0259yib. \u201cHaberGlobal\u201d\u0131n m\u0259lumat\u0131na g\u00f6r\u0259, bu bar\u0259d\u0259 \u0130sve\u00e7in Xarici \u0130\u015fl\u0259r naziri Ann Linde \u201cTwitter\u201d hesab\u0131nda yaz\u0131b. X\u0130N r\u0259hb\u0259ri \u0130ran\u0131n Stokholmdak\u0131 s\u0259firi Seyid R\u0259sul M\u00fchacirin Tehran yax\u0131nl\u0131\u011f\u0131nda q\u0259zaya u\u011frayan Ukrayna t\u0259yyar\u0259si il\u0259 ba\u011fl\u0131 m\u00fczakir\u0259 \u00fc\u00e7\u00fcn nazirliy\u0259 \u00e7a\u011f\u0131r\u0131ld\u0131\u011f\u0131n\u0131 a\u00e7\u0131qlay\u0131b. \u201cS\u0259fir\u0259 q\u0259zan\u0131 ara\u015fd\u0131rmaq \u00fc\u00e7\u00fcn \u0259m\u0259kda\u015fl\u0131q t\u0259klif edildi. S\u00fcr\u0259t v\u0259 \u015f\u0259ffafl\u0131q, eyni zamanda, \u00f6lk\u0259mizin z\u0259r\u0259r\u00e7\u0259kmi\u015f v\u0259t\u0259nda\u015flar\u0131n\u0131n qohumlar\u0131n\u0131n a\u011fr\u0131lar\u0131n\u0131n az da olsa, \u0259v\u0259zini \u00e7\u0131xmaq \u00fc\u00e7\u00fcn (\u0130ran t\u0259r\u0259find\u0259n) m\u0259suliyy\u0259ti \u00fcz\u0259rin\u0259 g\u00f6t\u00fcrm\u0259k t\u0259l\u0259b edildi. \u0130ndi b\u00fct\u00fcn diqq\u0259timiz ya\u015fayanlara k\u00f6m\u0259k etm\u0259y\u0259 y\u00f6n\u0259lib\u201d, &#8211; Ann Linde bildirib.<\/p>\n","protected":false},"author":2,"featured_media":118068,"comment_status":"closed","ping_status":"closed","sticky":false,"template":"","format":"standard","meta":{"om_disable_all_campaigns":false,"_monsterinsights_skip_tracking":false,"_monsterinsights_sitenote_active":false,"_monsterinsights_sitenote_note":"","_monsterinsights_sitenote_category":0},"categories":[7],"tags":[],"aioseo_notices":[],"gutentor_comment":0,"rttpg_featured_image_url":{"full":["https:\/\/arantv.az\/wp-content\/uploads\/2020\/01\/alla.jpg",620,348,false],"landscape":["https:\/\/arantv.az\/wp-content\/uploads\/2020\/01\/alla.jpg",620,348,false],"portraits":["https:\/\/arantv.az\/wp-content\/uploads\/2020\/01\/alla.jpg",620,348,false],"thumbnail":["https:\/\/arantv.az\/wp-content\/uploads\/2020\/01\/alla-150x150.jpg",150,150,true],"medium":["https:\/\/arantv.az\/wp-content\/uploads\/2020\/01\/alla-300x168.jpg",300,168,true],"large":["https:\/\/arantv.az\/wp-content\/uploads\/2020\/01\/alla.jpg",620,348,false],"1536x1536":["https:\/\/arantv.az\/wp-content\/uploads\/2020\/01\/alla.jpg",620,348,false],"2048x2048":["https:\/\/arantv.az\/wp-content\/uploads\/2020\/01\/alla.jpg",620,348,false],"post-thumbnail":["https:\/\/arantv.az\/wp-content\/uploads\/2020\/01\/alla-240x172.jpg",240,172,true],"advps-thumb-one":["https:\/\/arantv.az\/wp-content\/uploads\/2020\/01\/alla.jpg",620,348,false]},"rttpg_author":{"display_name":"V\u00fcsal Rafiqo\u011flu","author_link":"https:\/\/arantv.az\/?author=2"},"rttpg_comment":0,"rttpg_category":"<a href=\"https:\/\/arantv.az\/?cat=7\" rel=\"category\">D\u00fcnya<\/a>","rttpg_excerpt":"\u0130sve\u00e7 \u0130ran t\u0259r\u0259find\u0259n s\u0259hv\u0259n vuruldu\u011fu a\u00e7\u0131qlanan Ukrayna\u00a0t\u0259yyar\u0259sind\u0259 \u00f6l\u0259n v\u0259t\u0259nda\u015flar\u0131 \u00fc\u00e7\u00fcn t\u0259zminat ist\u0259yib. \u201cHaberGlobal\u201d\u0131n m\u0259lumat\u0131na g\u00f6r\u0259, bu bar\u0259d\u0259 \u0130sve\u00e7in Xarici \u0130\u015fl\u0259r naziri Ann Linde \u201cTwitter\u201d hesab\u0131nda yaz\u0131b. X\u0130N r\u0259hb\u0259ri \u0130ran\u0131n Stokholmdak\u0131 s\u0259firi Seyid R\u0259sul M\u00fchacirin Tehran yax\u0131nl\u0131\u011f\u0131nda q\u0259zaya u\u011frayan Ukrayna t\u0259yyar\u0259si il\u0259 ba\u011fl\u0131 m\u00fczakir\u0259 \u00fc\u00e7\u00fcn nazirliy\u0259 \u00e7a\u011f\u0131r\u0131ld\u0131\u011f\u0131n\u0131 a\u00e7\u0131qlay\u0131b. \u201cS\u0259fir\u0259 q\u0259zan\u0131 ara\u015fd\u0131rmaq \u00fc\u00e7\u00fcn \u0259m\u0259kda\u015fl\u0131q t\u0259klif edildi. S\u00fcr\u0259t&hellip;","_links":{"self":[{"href":"https:\/\/arantv.az\/index.php?rest_route=\/wp\/v2\/posts\/118067"}],"collection":[{"href":"https:\/\/arantv.az\/index.php?rest_route=\/wp\/v2\/posts"}],"about":[{"href":"https:\/\/arantv.az\/index.php?rest_route=\/wp\/v2\/types\/post"}],"author":[{"embeddable":true,"href":"https:\/\/arantv.az\/index.php?rest_route=\/wp\/v2\/users\/2"}],"replies":[{"embeddable":true,"href":"https:\/\/arantv.az\/index.php?rest_route=%2Fwp%2Fv2%2Fcomments&post=118067"}],"version-history":[{"count":0,"href":"https:\/\/arantv.az\/index.php?rest_route=\/wp\/v2\/posts\/118067\/revisions"}],"wp:featuredmedia":[{"embeddable":true,"href":"https:\/\/arantv.az\/index.php?rest_route=\/wp\/v2\/media\/118068"}],"wp:attachment":[{"href":"https:\/\/arantv.az\/index.php?rest_route=%2Fwp%2Fv2%2Fmedia&parent=118067"}],"wp:term":[{"taxonomy":"category","embeddable":true,"href":"https:\/\/arantv.az\/index.php?rest_route=%2Fwp%2Fv2%2Fcategories&post=118067"},{"taxonomy":"post_tag","embeddable":true,"href":"https:\/\/arantv.az\/index.php?rest_route=%2Fwp%2Fv2%2Ftags&post=118067"}],"curies":[{"name":"wp","href":"https:\/\/api.w.org\/{rel}","templated":true}]}}