{"id":118079,"date":"2020-01-14T10:35:10","date_gmt":"2020-01-14T07:35:10","guid":{"rendered":"http:\/\/arantv.az\/?p=118079"},"modified":"2020-01-14T10:35:10","modified_gmt":"2020-01-14T07:35:10","slug":"az%c9%99rbaycanda-demokratik-secki-muhitinin-formalasmasi-huquqi-dovl%c9%99t-quruculugunun-%c9%99sas-prinsipl%c9%99rind%c9%99n-biridir-vuqar-r%c9%99himzad%c9%99","status":"publish","type":"post","link":"https:\/\/arantv.az\/?p=118079","title":{"rendered":"&#8220;Az\u0259rbaycanda demokratik se\u00e7ki m\u00fchitinin formala\u015fmas\u0131 h\u00fcquqi d\u00f6vl\u0259t quruculu\u011funun \u0259sas prinsipl\u0259rind\u0259n biridir&#8221; &#8211; V\u00fcqar R\u0259himzad\u0259"},"content":{"rendered":"<blockquote><p><em><strong>Fevral\u0131n 9-da Az\u0259rbaycan Respublikas\u0131 Milli M\u0259clisin\u0259 ke\u00e7iril\u0259c\u0259k se\u00e7kil\u0259r\u0259 haz\u0131rl\u0131q m\u00f6vcud qanunvericiliy\u0259 uy\u011fun, tam \u015f\u0259ffaf formada h\u0259yata ke\u00e7irilir.<\/strong><\/em><\/p><\/blockquote>\n<p><strong>ARANTV.AZ<\/strong>\u00a0\u00a0<a href=\"https:\/\/az.trend.az\/\" target=\"_blank\" rel=\"noopener\">Trend<\/a>-\u0259 istinad\u0259n x\u0259b\u0259r verir ki, bu fikirl\u0259ri secki-2020.az sayt\u0131na Yeni Az\u0259rbaycan Partiyas\u0131 (YAP) Siyasi \u015euras\u0131n\u0131n \u00fczv\u00fc, &#8220;\u0130ki sahil&#8221; q\u0259zetinin ba\u015f redaktoru V\u00fcqar R\u0259himzad\u0259 deyib.<\/p>\n<p>M\u00fcst\u0259qillik ill\u0259rind\u0259 Az\u0259rbaycan\u0131n z\u0259ngin se\u00e7ki t\u0259cr\u00fcb\u0259sinin formala\u015fd\u0131\u011f\u0131n\u0131 bildir\u0259n ba\u015f redaktor bildirib: &#8220;Az\u0259rbaycanda demokratik se\u00e7ki m\u00fchitinin formala\u015fmas\u0131 h\u00fcquqi d\u00f6vl\u0259t quruculu\u011funun \u0259sas prinsipl\u0259rind\u0259n biridir. \u0130ndiy\u0259 q\u0259d\u0259r ke\u00e7iril\u0259n prezident, parlament v\u0259 b\u0259l\u0259diyy\u0259 se\u00e7kil\u0259rind\u0259 formala\u015fm\u0131\u015f z\u0259ngin se\u00e7ki t\u0259cr\u00fcb\u0259si art\u0131q beyn\u0259lxalq miqyasda da n\u00fcmun\u0259 kimi q\u0259bul olunur. Bu t\u0259cr\u00fcb\u0259 h\u0259r se\u00e7kid\u0259n-se\u00e7kiy\u0259 daha da t\u0259kmill\u0259\u015fir v\u0259 b\u00fct\u00fcn bunlar n\u00fcfuzlu beyn\u0259lxalq t\u0259\u015fkilatlar\u0131n hesabatlar\u0131nda \u00f6z \u0259ksini tap\u0131r&#8221;.<\/p>\n<p>V.R\u0259himzad\u0259 qeyd edib ki, Az\u0259rbaycanda innovativ texnologiyalar \u0259sas\u0131nda d\u00f6vl\u0259t idar\u0259\u00e7iliyinin t\u0259kmill\u0259\u015fm\u0259si istiqam\u0259tind\u0259 m\u00fch\u00fcm islahatlar h\u0259yata ke\u00e7irilir: &#8220;H\u0259m\u00e7inin d\u00f6vl\u0259timizin ba\u015f\u00e7\u0131s\u0131n\u0131n r\u0259hb\u0259rliyi il\u0259 m\u00fcxt\u0259lif sah\u0259l\u0259rd\u0259 ciddi islahatlar apar\u0131l\u0131r. Bu proses \u00f6lk\u0259mizin inki\u015faf\u0131n\u0131 daha da s\u00fcr\u0259tl\u0259ndirm\u0259y\u0259, insanlar\u0131n rifah hal\u0131n\u0131n daha da yax\u015f\u0131la\u015fmas\u0131na xidm\u0259t edir. At\u0131lan add\u0131mlar n\u0259tic\u0259sind\u0259 Az\u0259rbaycan\u0131n d\u00fcnyan\u0131n \u0259n islahat\u00e7\u0131 \u00f6lk\u0259l\u0259ri s\u0131ras\u0131nda ilk pill\u0259l\u0259r\u0259 y\u00fcks\u0259lm\u0259si d\u0259 t\u0259sad\u00fcfi deyil. M\u00f6vcud v\u0259ziyy\u0259t t\u0259bii olaraq, se\u00e7ki m\u00fchitin\u0259 d\u0259 m\u00fcsb\u0259t t\u0259sir edir. X\u00fcsusil\u0259 sabitlik, h\u00fcquqi d\u00f6vl\u0259t quruculu\u011fu se\u00e7kil\u0259rin azad, \u015f\u0259ffaf ke\u00e7irilm\u0259sini t\u0259min ed\u0259n ba\u015fl\u0131ca amill\u0259rd\u0259ndir&#8221;.<\/p>\n<p>Ba\u015f redaktor se\u00e7ki prosesind\u0259 texnoloji yenilikl\u0259rin t\u0259tbiq edilm\u0259sinin \u015f\u0259ffaf se\u00e7kil\u0259rin ke\u00e7irilm\u0259sinin t\u0259min olunmas\u0131 istiqam\u0259tind\u0259 m\u00fch\u00fcm add\u0131m oldu\u011funu ifad\u0259 edib.<\/p>\n<p>O vur\u011fulay\u0131b ki, m\u00f6vcud se\u00e7ki m\u00fchiti v\u0259 qanunvericilik parlament se\u00e7kil\u0259rinin tam \u015f\u0259ffaf v\u0259 demokratik prinsipl\u0259r\u0259 uy\u011fun ke\u00e7iril\u0259c\u0259yini dem\u0259y\u0259 \u0259sas verir.<\/p>\n","protected":false},"excerpt":{"rendered":"<p>Fevral\u0131n 9-da Az\u0259rbaycan Respublikas\u0131 Milli M\u0259clisin\u0259 ke\u00e7iril\u0259c\u0259k se\u00e7kil\u0259r\u0259 haz\u0131rl\u0131q m\u00f6vcud qanunvericiliy\u0259 uy\u011fun, tam \u015f\u0259ffaf formada h\u0259yata ke\u00e7irilir. ARANTV.AZ\u00a0\u00a0Trend-\u0259 istinad\u0259n x\u0259b\u0259r verir ki, bu fikirl\u0259ri secki-2020.az sayt\u0131na Yeni Az\u0259rbaycan Partiyas\u0131 (YAP) Siyasi \u015euras\u0131n\u0131n \u00fczv\u00fc, &#8220;\u0130ki sahil&#8221; q\u0259zetinin ba\u015f redaktoru V\u00fcqar R\u0259himzad\u0259 deyib. M\u00fcst\u0259qillik ill\u0259rind\u0259 Az\u0259rbaycan\u0131n z\u0259ngin se\u00e7ki t\u0259cr\u00fcb\u0259sinin formala\u015fd\u0131\u011f\u0131n\u0131 bildir\u0259n ba\u015f redaktor bildirib: &#8220;Az\u0259rbaycanda demokratik se\u00e7ki m\u00fchitinin formala\u015fmas\u0131 h\u00fcquqi d\u00f6vl\u0259t quruculu\u011funun \u0259sas prinsipl\u0259rind\u0259n biridir. \u0130ndiy\u0259 q\u0259d\u0259r ke\u00e7iril\u0259n prezident, parlament v\u0259 b\u0259l\u0259diyy\u0259 se\u00e7kil\u0259rind\u0259 formala\u015fm\u0131\u015f z\u0259ngin se\u00e7ki t\u0259cr\u00fcb\u0259si art\u0131q beyn\u0259lxalq miqyasda da n\u00fcmun\u0259 kimi q\u0259bul olunur. Bu t\u0259cr\u00fcb\u0259 h\u0259r se\u00e7kid\u0259n-se\u00e7kiy\u0259 daha da t\u0259kmill\u0259\u015fir&hellip;<\/p>\n","protected":false},"author":2,"featured_media":118080,"comment_status":"closed","ping_status":"closed","sticky":false,"template":"","format":"standard","meta":{"om_disable_all_campaigns":false,"_monsterinsights_skip_tracking":false,"_monsterinsights_sitenote_active":false,"_monsterinsights_sitenote_note":"","_monsterinsights_sitenote_category":0},"categories":[19],"tags":[],"aioseo_notices":[],"gutentor_comment":0,"rttpg_featured_image_url":{"full":["https:\/\/arantv.az\/wp-content\/uploads\/2020\/01\/817677.jpg",800,600,false],"landscape":["https:\/\/arantv.az\/wp-content\/uploads\/2020\/01\/817677.jpg",800,600,false],"portraits":["https:\/\/arantv.az\/wp-content\/uploads\/2020\/01\/817677.jpg",800,600,false],"thumbnail":["https:\/\/arantv.az\/wp-content\/uploads\/2020\/01\/817677-150x150.jpg",150,150,true],"medium":["https:\/\/arantv.az\/wp-content\/uploads\/2020\/01\/817677-300x225.jpg",300,225,true],"large":["https:\/\/arantv.az\/wp-content\/uploads\/2020\/01\/817677.jpg",640,480,false],"1536x1536":["https:\/\/arantv.az\/wp-content\/uploads\/2020\/01\/817677.jpg",800,600,false],"2048x2048":["https:\/\/arantv.az\/wp-content\/uploads\/2020\/01\/817677.jpg",800,600,false],"post-thumbnail":["https:\/\/arantv.az\/wp-content\/uploads\/2020\/01\/817677-240x172.jpg",240,172,true],"advps-thumb-one":["https:\/\/arantv.az\/wp-content\/uploads\/2020\/01\/817677.jpg",800,600,false]},"rttpg_author":{"display_name":"V\u00fcsal Rafiqo\u011flu","author_link":"https:\/\/arantv.az\/?author=2"},"rttpg_comment":0,"rttpg_category":"<a href=\"https:\/\/arantv.az\/?cat=19\" rel=\"category\">G\u00fcnd\u0259m<\/a>","rttpg_excerpt":"Fevral\u0131n 9-da Az\u0259rbaycan Respublikas\u0131 Milli M\u0259clisin\u0259 ke\u00e7iril\u0259c\u0259k se\u00e7kil\u0259r\u0259 haz\u0131rl\u0131q m\u00f6vcud qanunvericiliy\u0259 uy\u011fun, tam \u015f\u0259ffaf formada h\u0259yata ke\u00e7irilir. ARANTV.AZ\u00a0\u00a0Trend-\u0259 istinad\u0259n x\u0259b\u0259r verir ki, bu fikirl\u0259ri secki-2020.az sayt\u0131na Yeni Az\u0259rbaycan Partiyas\u0131 (YAP) Siyasi \u015euras\u0131n\u0131n \u00fczv\u00fc, &#8220;\u0130ki sahil&#8221; q\u0259zetinin ba\u015f redaktoru V\u00fcqar R\u0259himzad\u0259 deyib. M\u00fcst\u0259qillik ill\u0259rind\u0259 Az\u0259rbaycan\u0131n z\u0259ngin se\u00e7ki t\u0259cr\u00fcb\u0259sinin formala\u015fd\u0131\u011f\u0131n\u0131 bildir\u0259n ba\u015f redaktor bildirib: &#8220;Az\u0259rbaycanda demokratik se\u00e7ki&hellip;","_links":{"self":[{"href":"https:\/\/arantv.az\/index.php?rest_route=\/wp\/v2\/posts\/118079"}],"collection":[{"href":"https:\/\/arantv.az\/index.php?rest_route=\/wp\/v2\/posts"}],"about":[{"href":"https:\/\/arantv.az\/index.php?rest_route=\/wp\/v2\/types\/post"}],"author":[{"embeddable":true,"href":"https:\/\/arantv.az\/index.php?rest_route=\/wp\/v2\/users\/2"}],"replies":[{"embeddable":true,"href":"https:\/\/arantv.az\/index.php?rest_route=%2Fwp%2Fv2%2Fcomments&post=118079"}],"version-history":[{"count":0,"href":"https:\/\/arantv.az\/index.php?rest_route=\/wp\/v2\/posts\/118079\/revisions"}],"wp:featuredmedia":[{"embeddable":true,"href":"https:\/\/arantv.az\/index.php?rest_route=\/wp\/v2\/media\/118080"}],"wp:attachment":[{"href":"https:\/\/arantv.az\/index.php?rest_route=%2Fwp%2Fv2%2Fmedia&parent=118079"}],"wp:term":[{"taxonomy":"category","embeddable":true,"href":"https:\/\/arantv.az\/index.php?rest_route=%2Fwp%2Fv2%2Fcategories&post=118079"},{"taxonomy":"post_tag","embeddable":true,"href":"https:\/\/arantv.az\/index.php?rest_route=%2Fwp%2Fv2%2Ftags&post=118079"}],"curies":[{"name":"wp","href":"https:\/\/api.w.org\/{rel}","templated":true}]}}