{"id":118091,"date":"2020-01-14T10:40:10","date_gmt":"2020-01-14T07:40:10","guid":{"rendered":"http:\/\/arantv.az\/?p=118091"},"modified":"2020-01-14T10:40:10","modified_gmt":"2020-01-14T07:40:10","slug":"az%c9%99rbaycanda-s%c9%99hid-adi-il%c9%99-d%c9%99fn-edildi-40-gun-sonra-ortaya-cixdi-video","status":"publish","type":"post","link":"https:\/\/arantv.az\/?p=118091","title":{"rendered":"Az\u0259rbaycanda \u015f\u0259hid ad\u0131 il\u0259 &#8220;d\u0259fn edildi&#8221;, 40 g\u00fcn sonra ortaya \u00e7\u0131xd\u0131 &#8211; V\u0130DEO"},"content":{"rendered":"<p>\u0130smay\u0131ll\u0131 rayonunda maraql\u0131 hadis\u0259 ya\u015fan\u0131b.<\/p>\n<p><b>ARANTV.AZ\u00a0<\/b>X\u0259z\u0259r TV-y\u0259 istinadla x\u0259b\u0259r verir ki, 1992-ci ild\u0259 Qaraba\u011f d\u00f6y\u00fc\u015fl\u0259rind\u0259 i\u015ftirak ed\u0259n \u015e\u0259byan k\u0259nd sakini, 48 ya\u015fl\u0131 Z\u00f6hrab H\u0259mz\u0259yevin \u015f\u0259hid olmas\u0131 x\u0259b\u0259ri g\u0259lib.<\/p>\n<div id=\"AdviadNativeVideo0\" class=\"AdviadNativeVideo\"><\/div>\n<p>Meyit tan\u0131nmaz halda oldu\u011fundan onu h\u0259min \u015f\u0259xsin meyiti kimi q\u0259bul edib v\u0259 d\u0259fnini h\u0259yata ke\u00e7iribl\u0259r. Ancaq \u00fcz\u0259rind\u0259n 40 g\u00fcn ke\u00e7dikd\u0259n sonra Z\u00f6hrab H\u0259mz\u0259yev \u00f6z\u00fc k\u0259nd\u0259 qay\u0131d\u0131b v\u0259 i\u015fin \u00fcst\u00fc a\u00e7\u0131l\u0131b.<\/p>\n<p>Z\u00f6hrab H\u0259mz\u0259yev 1992-ci ild\u0259 Qaraba\u011fda ged\u0259n d\u00f6y\u00fc\u015fl\u0259rind\u0259 i\u015ftirak edib. O, d\u00f6y\u00fc\u015fd\u0259 olan vaxt k\u0259ndd\u0259 valideynl\u0259rin\u0259 x\u0259b\u0259r g\u0259lib ki, Z\u00f6hrab \u015f\u0259hid olub. K\u0259nd\u0259 g\u0259tiril\u0259n bir meyit Z\u00f6hrab\u0131n meyiti kimi q\u0259bul olunub v\u0259 \u015f\u0259hid kimi rayonda \u015f\u0259hidl\u0259r m\u0259zarl\u0131\u011f\u0131nda d\u0259fn edilib. Z\u00f6hrab\u0131n \u00f6z\u00fcn\u00fcn d\u0259 bundan rayona qay\u0131danda x\u0259b\u0259ri olub.<\/p>\n<p>O, qarda\u015f\u0131 il\u0259 birg\u0259 k\u0259nd\u0259 qay\u0131d\u0131b. Bu vaxt ail\u0259si onun 40 m\u0259rasimin\u0259 haz\u0131rla\u015f\u0131rm\u0131\u015f. Onu g\u00f6r\u0259n ail\u0259 \u00fczvl\u0259ri v\u0259 k\u0259nd sakinl\u0259ri \u015foka d\u00fc\u015f\u00fcbl\u0259r.<br \/>\nK\u0259nd sakinl\u0259ri deyirl\u0259r ki, meyit g\u0259l\u0259nd\u0259 tan\u0131nmaz v\u0259ziyy\u0259td\u0259 olub. \u00dcz nahiy\u0259sind\u0259n Z\u00f6hraba ox\u015fad\u0131\u011f\u0131ndan el\u0259 d\u0259 q\u0259bul olunub.<\/p>\n<p>Sonradan h\u0259min m\u0259zar\u0131n ba\u015fda\u015f\u0131ndan Z\u00f6hrab\u0131n ad\u0131 g\u00f6t\u00fcr\u00fcl\u00fcb. D\u0259fn olunan\u0131n kimliyi bilinm\u0259diyind\u0259n \u00fcz\u0259rin\u0259 &#8220;Nam\u0259lum \u0259sg\u0259r&#8221; yaz\u0131l\u0131b.<\/p>\n<div class=\"embed-responsive embed-responsive-16by9\"><iframe loading=\"lazy\" id=\"nmqembedid\" class=\"embed-responsive-item\" title=\"video player\" src=\"https:\/\/izle.az\/embed\/09fPzS9L1Uus0k_NTUpN0U_1yy8qyfKsKHHz8fZ2zi7w9kkKNqy0KPOxTC2qcrYo8Q419DYMLfOvsgwLqAKyQ1LcApIzTYyKQ0IMfOIdvZzDgiudcsrL89OKA6MCdXQA\" width=\"600\" height=\"340\" frameborder=\"0\" scrolling=\"no\" allowfullscreen=\"allowfullscreen\" data-mce-fragment=\"1\"><\/iframe><\/div>\n<div class=\"datespan clearfix\"><\/div>\n","protected":false},"excerpt":{"rendered":"<p>\u0130smay\u0131ll\u0131 rayonunda maraql\u0131 hadis\u0259 ya\u015fan\u0131b. ARANTV.AZ\u00a0X\u0259z\u0259r TV-y\u0259 istinadla x\u0259b\u0259r verir ki, 1992-ci ild\u0259 Qaraba\u011f d\u00f6y\u00fc\u015fl\u0259rind\u0259 i\u015ftirak ed\u0259n \u015e\u0259byan k\u0259nd sakini, 48 ya\u015fl\u0131 Z\u00f6hrab H\u0259mz\u0259yevin \u015f\u0259hid olmas\u0131 x\u0259b\u0259ri g\u0259lib. Meyit tan\u0131nmaz halda oldu\u011fundan onu h\u0259min \u015f\u0259xsin meyiti kimi q\u0259bul edib v\u0259 d\u0259fnini h\u0259yata ke\u00e7iribl\u0259r. Ancaq \u00fcz\u0259rind\u0259n 40 g\u00fcn ke\u00e7dikd\u0259n sonra Z\u00f6hrab H\u0259mz\u0259yev \u00f6z\u00fc k\u0259nd\u0259 qay\u0131d\u0131b v\u0259 i\u015fin \u00fcst\u00fc a\u00e7\u0131l\u0131b. Z\u00f6hrab H\u0259mz\u0259yev 1992-ci ild\u0259 Qaraba\u011fda ged\u0259n d\u00f6y\u00fc\u015fl\u0259rind\u0259 i\u015ftirak edib. O, d\u00f6y\u00fc\u015fd\u0259 olan vaxt k\u0259ndd\u0259 valideynl\u0259rin\u0259 x\u0259b\u0259r g\u0259lib ki, Z\u00f6hrab \u015f\u0259hid olub. K\u0259nd\u0259 g\u0259tiril\u0259n bir meyit Z\u00f6hrab\u0131n meyiti kimi q\u0259bul olunub v\u0259 \u015f\u0259hid&hellip;<\/p>\n","protected":false},"author":2,"featured_media":118092,"comment_status":"closed","ping_status":"closed","sticky":false,"template":"","format":"standard","meta":{"om_disable_all_campaigns":false,"_monsterinsights_skip_tracking":false,"_monsterinsights_sitenote_active":false,"_monsterinsights_sitenote_note":"","_monsterinsights_sitenote_category":0},"categories":[1],"tags":[],"aioseo_notices":[],"gutentor_comment":0,"rttpg_featured_image_url":{"full":["https:\/\/arantv.az\/wp-content\/uploads\/2020\/01\/1578977527_1578975486_esger.jpg",549,391,false],"landscape":["https:\/\/arantv.az\/wp-content\/uploads\/2020\/01\/1578977527_1578975486_esger.jpg",549,391,false],"portraits":["https:\/\/arantv.az\/wp-content\/uploads\/2020\/01\/1578977527_1578975486_esger.jpg",549,391,false],"thumbnail":["https:\/\/arantv.az\/wp-content\/uploads\/2020\/01\/1578977527_1578975486_esger-150x150.jpg",150,150,true],"medium":["https:\/\/arantv.az\/wp-content\/uploads\/2020\/01\/1578977527_1578975486_esger-300x214.jpg",300,214,true],"large":["https:\/\/arantv.az\/wp-content\/uploads\/2020\/01\/1578977527_1578975486_esger.jpg",549,391,false],"1536x1536":["https:\/\/arantv.az\/wp-content\/uploads\/2020\/01\/1578977527_1578975486_esger.jpg",549,391,false],"2048x2048":["https:\/\/arantv.az\/wp-content\/uploads\/2020\/01\/1578977527_1578975486_esger.jpg",549,391,false],"post-thumbnail":["https:\/\/arantv.az\/wp-content\/uploads\/2020\/01\/1578977527_1578975486_esger-240x172.jpg",240,172,true],"advps-thumb-one":["https:\/\/arantv.az\/wp-content\/uploads\/2020\/01\/1578977527_1578975486_esger.jpg",549,391,false]},"rttpg_author":{"display_name":"V\u00fcsal Rafiqo\u011flu","author_link":"https:\/\/arantv.az\/?author=2"},"rttpg_comment":0,"rttpg_category":"<a href=\"https:\/\/arantv.az\/?cat=1\" rel=\"category\">C\u0259miyy\u0259t<\/a>","rttpg_excerpt":"\u0130smay\u0131ll\u0131 rayonunda maraql\u0131 hadis\u0259 ya\u015fan\u0131b. ARANTV.AZ\u00a0X\u0259z\u0259r TV-y\u0259 istinadla x\u0259b\u0259r verir ki, 1992-ci ild\u0259 Qaraba\u011f d\u00f6y\u00fc\u015fl\u0259rind\u0259 i\u015ftirak ed\u0259n \u015e\u0259byan k\u0259nd sakini, 48 ya\u015fl\u0131 Z\u00f6hrab H\u0259mz\u0259yevin \u015f\u0259hid olmas\u0131 x\u0259b\u0259ri g\u0259lib. Meyit tan\u0131nmaz halda oldu\u011fundan onu h\u0259min \u015f\u0259xsin meyiti kimi q\u0259bul edib v\u0259 d\u0259fnini h\u0259yata ke\u00e7iribl\u0259r. Ancaq \u00fcz\u0259rind\u0259n 40 g\u00fcn ke\u00e7dikd\u0259n sonra Z\u00f6hrab H\u0259mz\u0259yev \u00f6z\u00fc k\u0259nd\u0259 qay\u0131d\u0131b v\u0259&hellip;","_links":{"self":[{"href":"https:\/\/arantv.az\/index.php?rest_route=\/wp\/v2\/posts\/118091"}],"collection":[{"href":"https:\/\/arantv.az\/index.php?rest_route=\/wp\/v2\/posts"}],"about":[{"href":"https:\/\/arantv.az\/index.php?rest_route=\/wp\/v2\/types\/post"}],"author":[{"embeddable":true,"href":"https:\/\/arantv.az\/index.php?rest_route=\/wp\/v2\/users\/2"}],"replies":[{"embeddable":true,"href":"https:\/\/arantv.az\/index.php?rest_route=%2Fwp%2Fv2%2Fcomments&post=118091"}],"version-history":[{"count":0,"href":"https:\/\/arantv.az\/index.php?rest_route=\/wp\/v2\/posts\/118091\/revisions"}],"wp:featuredmedia":[{"embeddable":true,"href":"https:\/\/arantv.az\/index.php?rest_route=\/wp\/v2\/media\/118092"}],"wp:attachment":[{"href":"https:\/\/arantv.az\/index.php?rest_route=%2Fwp%2Fv2%2Fmedia&parent=118091"}],"wp:term":[{"taxonomy":"category","embeddable":true,"href":"https:\/\/arantv.az\/index.php?rest_route=%2Fwp%2Fv2%2Fcategories&post=118091"},{"taxonomy":"post_tag","embeddable":true,"href":"https:\/\/arantv.az\/index.php?rest_route=%2Fwp%2Fv2%2Ftags&post=118091"}],"curies":[{"name":"wp","href":"https:\/\/api.w.org\/{rel}","templated":true}]}}