{"id":118097,"date":"2020-01-14T10:49:17","date_gmt":"2020-01-14T07:49:17","guid":{"rendered":"http:\/\/arantv.az\/?p=118097"},"modified":"2020-01-14T10:49:17","modified_gmt":"2020-01-14T07:49:17","slug":"qar-ucqunu-16-n%c9%99f%c9%99rin-h%c9%99yatina-son-qoydu-coxlu-sayda-itkin-dus%c9%99n-var","status":"publish","type":"post","link":"https:\/\/arantv.az\/?p=118097","title":{"rendered":"Qar u\u00e7qunu 16 n\u0259f\u0259rin h\u0259yat\u0131na son qoydu: \u00c7oxlu sayda itkin d\u00fc\u015f\u0259n var"},"content":{"rendered":"<p>K\u0259\u015fmirin Pakistan\u0131n n\u0259zar\u0259tind\u0259 olan hiss\u0259sind\u0259 qar u\u00e7qunu n\u0259tic\u0259sind\u0259 az\u0131 16 n\u0259f\u0259r\u00a0h\u0259lak olub.<\/p>\n<p>X\u0259b\u0259ri \u00c7inin \u201cSinxua\u201d agentliyi yay\u0131b.<\/p>\n<div id=\"AdviadNativeVideo0\" class=\"AdviadNativeVideo\"><\/div>\n<p>M\u00fcz\u0259ff\u0259rabad \u015f\u0259h\u0259rinin r\u0259hb\u0259ri \u0130mtiaz \u018fhm\u0259d daha 10 n\u0259f\u0259rin itkin d\u00fc\u015fd\u00fcy\u00fcn\u00fc s\u00f6yl\u0259yib. H\u0259lak olan v\u0259 itkin d\u00fc\u015f\u0259nl\u0259r aras\u0131nda m\u0259kt\u0259blil\u0259r d\u0259 var.<\/p>\n<p>\u015e\u0259h\u0259r r\u0259smisi qar u\u00e7qunu, torpaq s\u00fcr\u00fc\u015fm\u0259si v\u0259 leysan ya\u011f\u0131\u015flar\u0131 n\u0259tic\u0259sind\u0259 bina v\u0259 h\u0259y\u0259t evl\u0259rin\u0259 ciddi ziyan d\u0259ydiyini bildirib.<\/p>\n<p>Qeyd ed\u0259k ki, t\u0259kc\u0259 \u00f6t\u0259n g\u00fcn \u00f6lk\u0259y\u0259 ya\u011fan g\u00fccl\u00fc ya\u011f\u0131\u015f v\u0259 qar n\u0259tic\u0259sind\u0259 26 n\u0259f\u0259r h\u0259yat\u0131n\u0131 itirib.<\/p>\n","protected":false},"excerpt":{"rendered":"<p>K\u0259\u015fmirin Pakistan\u0131n n\u0259zar\u0259tind\u0259 olan hiss\u0259sind\u0259 qar u\u00e7qunu n\u0259tic\u0259sind\u0259 az\u0131 16 n\u0259f\u0259r\u00a0h\u0259lak olub. X\u0259b\u0259ri \u00c7inin \u201cSinxua\u201d agentliyi yay\u0131b. M\u00fcz\u0259ff\u0259rabad \u015f\u0259h\u0259rinin r\u0259hb\u0259ri \u0130mtiaz \u018fhm\u0259d daha 10 n\u0259f\u0259rin itkin d\u00fc\u015fd\u00fcy\u00fcn\u00fc s\u00f6yl\u0259yib. H\u0259lak olan v\u0259 itkin d\u00fc\u015f\u0259nl\u0259r aras\u0131nda m\u0259kt\u0259blil\u0259r d\u0259 var. \u015e\u0259h\u0259r r\u0259smisi qar u\u00e7qunu, torpaq s\u00fcr\u00fc\u015fm\u0259si v\u0259 leysan ya\u011f\u0131\u015flar\u0131 n\u0259tic\u0259sind\u0259 bina v\u0259 h\u0259y\u0259t evl\u0259rin\u0259 ciddi ziyan d\u0259ydiyini bildirib. Qeyd ed\u0259k ki, t\u0259kc\u0259 \u00f6t\u0259n g\u00fcn \u00f6lk\u0259y\u0259 ya\u011fan g\u00fccl\u00fc ya\u011f\u0131\u015f v\u0259 qar n\u0259tic\u0259sind\u0259 26 n\u0259f\u0259r h\u0259yat\u0131n\u0131 itirib.<\/p>\n","protected":false},"author":2,"featured_media":118098,"comment_status":"closed","ping_status":"closed","sticky":false,"template":"","format":"standard","meta":{"om_disable_all_campaigns":false,"_monsterinsights_skip_tracking":false,"_monsterinsights_sitenote_active":false,"_monsterinsights_sitenote_note":"","_monsterinsights_sitenote_category":0},"categories":[7],"tags":[],"aioseo_notices":[],"gutentor_comment":0,"rttpg_featured_image_url":{"full":["https:\/\/arantv.az\/wp-content\/uploads\/2020\/01\/1578981961596_9kV1xmcs.jpg",620,372,false],"landscape":["https:\/\/arantv.az\/wp-content\/uploads\/2020\/01\/1578981961596_9kV1xmcs.jpg",620,372,false],"portraits":["https:\/\/arantv.az\/wp-content\/uploads\/2020\/01\/1578981961596_9kV1xmcs.jpg",620,372,false],"thumbnail":["https:\/\/arantv.az\/wp-content\/uploads\/2020\/01\/1578981961596_9kV1xmcs-150x150.jpg",150,150,true],"medium":["https:\/\/arantv.az\/wp-content\/uploads\/2020\/01\/1578981961596_9kV1xmcs-300x180.jpg",300,180,true],"large":["https:\/\/arantv.az\/wp-content\/uploads\/2020\/01\/1578981961596_9kV1xmcs.jpg",620,372,false],"1536x1536":["https:\/\/arantv.az\/wp-content\/uploads\/2020\/01\/1578981961596_9kV1xmcs.jpg",620,372,false],"2048x2048":["https:\/\/arantv.az\/wp-content\/uploads\/2020\/01\/1578981961596_9kV1xmcs.jpg",620,372,false],"post-thumbnail":["https:\/\/arantv.az\/wp-content\/uploads\/2020\/01\/1578981961596_9kV1xmcs-240x172.jpg",240,172,true],"advps-thumb-one":["https:\/\/arantv.az\/wp-content\/uploads\/2020\/01\/1578981961596_9kV1xmcs.jpg",620,372,false]},"rttpg_author":{"display_name":"V\u00fcsal Rafiqo\u011flu","author_link":"https:\/\/arantv.az\/?author=2"},"rttpg_comment":0,"rttpg_category":"<a href=\"https:\/\/arantv.az\/?cat=7\" rel=\"category\">D\u00fcnya<\/a>","rttpg_excerpt":"K\u0259\u015fmirin Pakistan\u0131n n\u0259zar\u0259tind\u0259 olan hiss\u0259sind\u0259 qar u\u00e7qunu n\u0259tic\u0259sind\u0259 az\u0131 16 n\u0259f\u0259r\u00a0h\u0259lak olub. X\u0259b\u0259ri \u00c7inin \u201cSinxua\u201d agentliyi yay\u0131b. M\u00fcz\u0259ff\u0259rabad \u015f\u0259h\u0259rinin r\u0259hb\u0259ri \u0130mtiaz \u018fhm\u0259d daha 10 n\u0259f\u0259rin itkin d\u00fc\u015fd\u00fcy\u00fcn\u00fc s\u00f6yl\u0259yib. H\u0259lak olan v\u0259 itkin d\u00fc\u015f\u0259nl\u0259r aras\u0131nda m\u0259kt\u0259blil\u0259r d\u0259 var. \u015e\u0259h\u0259r r\u0259smisi qar u\u00e7qunu, torpaq s\u00fcr\u00fc\u015fm\u0259si v\u0259 leysan ya\u011f\u0131\u015flar\u0131 n\u0259tic\u0259sind\u0259 bina v\u0259 h\u0259y\u0259t evl\u0259rin\u0259 ciddi ziyan d\u0259ydiyini bildirib.&hellip;","_links":{"self":[{"href":"https:\/\/arantv.az\/index.php?rest_route=\/wp\/v2\/posts\/118097"}],"collection":[{"href":"https:\/\/arantv.az\/index.php?rest_route=\/wp\/v2\/posts"}],"about":[{"href":"https:\/\/arantv.az\/index.php?rest_route=\/wp\/v2\/types\/post"}],"author":[{"embeddable":true,"href":"https:\/\/arantv.az\/index.php?rest_route=\/wp\/v2\/users\/2"}],"replies":[{"embeddable":true,"href":"https:\/\/arantv.az\/index.php?rest_route=%2Fwp%2Fv2%2Fcomments&post=118097"}],"version-history":[{"count":0,"href":"https:\/\/arantv.az\/index.php?rest_route=\/wp\/v2\/posts\/118097\/revisions"}],"wp:featuredmedia":[{"embeddable":true,"href":"https:\/\/arantv.az\/index.php?rest_route=\/wp\/v2\/media\/118098"}],"wp:attachment":[{"href":"https:\/\/arantv.az\/index.php?rest_route=%2Fwp%2Fv2%2Fmedia&parent=118097"}],"wp:term":[{"taxonomy":"category","embeddable":true,"href":"https:\/\/arantv.az\/index.php?rest_route=%2Fwp%2Fv2%2Fcategories&post=118097"},{"taxonomy":"post_tag","embeddable":true,"href":"https:\/\/arantv.az\/index.php?rest_route=%2Fwp%2Fv2%2Ftags&post=118097"}],"curies":[{"name":"wp","href":"https:\/\/api.w.org\/{rel}","templated":true}]}}