{"id":118109,"date":"2020-01-14T10:54:01","date_gmt":"2020-01-14T07:54:01","guid":{"rendered":"http:\/\/arantv.az\/?p=118109"},"modified":"2020-01-14T10:54:01","modified_gmt":"2020-01-14T07:54:01","slug":"2020-ci-ild%c9%99-az%c9%99rbaycan-qazinin-bolqaristana-n%c9%99qli-uzr%c9%99-planlar-aciqlanib","status":"publish","type":"post","link":"https:\/\/arantv.az\/?p=118109","title":{"rendered":"2020-ci ild\u0259 Az\u0259rbaycan qaz\u0131n\u0131n Bolqar\u0131stana n\u0259qli \u00fczr\u0259 planlar a\u00e7\u0131qlan\u0131b"},"content":{"rendered":"<p><strong>Az\u0259rbaycan qaz\u0131n\u0131n Bolqar\u0131stana n\u0259qlini n\u0259z\u0259rd\u0259 tutan Yunan\u0131stan-Bolqar\u0131stan interkonnektorunun (IGB) layih\u0259l\u0259ndirilm\u0259si, tikintisi v\u0259 sat\u0131nalmalar \u00fczr\u0259 podrat\u00e7\u0131s\u0131 olan Yunan\u0131stan\u0131n AVAX SA \u015firk\u0259ti layih\u0259nin realla\u015fd\u0131r\u0131lmas\u0131 zaman\u0131 yaranan ist\u0259nil\u0259n l\u0259ngim\u0259nin qar\u015f\u0131s\u0131n\u0131 alacaq.<\/strong><\/p>\n<p><strong>ARANTV.AZ\u00a0<\/strong> x\u0259b\u0259r verir ki,\u00a0<a href=\"https:\/\/az.trend.az\/\" target=\"_blank\" rel=\"noopener\">Trend<\/a>\u00a0bu bar\u0259d\u0259 Bolqar\u0131stan\u0131n Energetika Nazirliyin\u0259 istinad\u0259n m\u0259lumat verir.<\/p>\n<p>Qeyd olunur ki, IGB-nin tikintisinin gedi\u015fat\u0131 Bolqar\u0131stan\u0131n Energetika naziri Temenujka Petrova, el\u0259c\u0259 d\u0259 ICGB AD v\u0259 AVAX SA \u015firk\u0259tl\u0259rinin n\u00fcmay\u0259nd\u0259l\u0259rinin i\u015ftirak\u0131 il\u0259 m\u00fczakir\u0259 olunub.<\/p>\n<p>AVAX SA \u015firk\u0259tl\u0259rinin n\u00fcmay\u0259nd\u0259si bildirib ki, interkonnektorun tikintisi y\u00fcks\u0259k standartlara uy\u011fun davam edir v\u0259 m\u00fcqavil\u0259d\u0259 qeyd edil\u0259n vaxtda ba\u015fa \u00e7atacaq: &#8220;2020-ci il yanvar\u0131n sonunad\u0259k Bolqar\u0131stan v\u0259 Yunan\u0131stan \u0259razil\u0259rind\u0259 boru k\u0259m\u0259rinin b\u00fct\u00fcn mar\u015frutu boyunca i\u015f\u00e7i sah\u0259l\u0259rd\u0259 m\u00fcv\u0259qq\u0259ti qur\u011fular\u0131n tikintisi ba\u015fa \u00e7atmal\u0131d\u0131r&#8221;.<\/p>\n<p>Podrat\u00e7\u0131 qeyd edib ki, tikinti c\u0259dv\u0259lin\u0259 uy\u011fun olaraq borular\u0131n m\u0259rh\u0259l\u0259li t\u0259dar\u00fck plan\u0131 haz\u0131rlan\u0131r v\u0259 onlar\u0131n saxlanmas\u0131 \u00fc\u00e7\u00fcn m\u00fcv\u0259qq\u0259ti sah\u0259l\u0259r ayr\u0131l\u0131r.<\/p>\n<div>\n<div id=\"AdviadNativeVideo0\" class=\"AdviadNativeVideo\"><\/div>\n<\/div>\n<p>Nazir T. Petkova bildirib ki, IGB t\u0259kc\u0259 Yunan\u0131stan v\u0259 Bolqar\u0131stan \u00fc\u00e7\u00fcn deyil, h\u0259m d\u0259 b\u00fct\u00fcn C\u0259nub-\u015e\u0259rqi Avropa \u00fc\u00e7\u00fcn strateji layih\u0259dir. Onun s\u00f6zl\u0259rin\u0259 g\u00f6r\u0259, layih\u0259 qaz t\u0259chizat\u0131 m\u0259nb\u0259l\u0259rini \u015fax\u0259l\u0259ndirm\u0259y\u0259 imkan ver\u0259c\u0259k.<\/p>\n<p>T.Petkova vur\u011fulay\u0131b ki, Energetika Nazirliyi layih\u0259nin vaxt\u0131nda, Trans-Adriatik Boru K\u0259m\u0259ri (TAP) il\u0259 eyni vaxtda ba\u015fa \u00e7atmas\u0131 \u00fc\u00e7\u00fcn k\u00f6m\u0259k g\u00f6st\u0259rm\u0259y\u0259 haz\u0131rd\u0131r.<\/p>\n","protected":false},"excerpt":{"rendered":"<p>Az\u0259rbaycan qaz\u0131n\u0131n Bolqar\u0131stana n\u0259qlini n\u0259z\u0259rd\u0259 tutan Yunan\u0131stan-Bolqar\u0131stan interkonnektorunun (IGB) layih\u0259l\u0259ndirilm\u0259si, tikintisi v\u0259 sat\u0131nalmalar \u00fczr\u0259 podrat\u00e7\u0131s\u0131 olan Yunan\u0131stan\u0131n AVAX SA \u015firk\u0259ti layih\u0259nin realla\u015fd\u0131r\u0131lmas\u0131 zaman\u0131 yaranan ist\u0259nil\u0259n l\u0259ngim\u0259nin qar\u015f\u0131s\u0131n\u0131 alacaq. ARANTV.AZ\u00a0 x\u0259b\u0259r verir ki,\u00a0Trend\u00a0bu bar\u0259d\u0259 Bolqar\u0131stan\u0131n Energetika Nazirliyin\u0259 istinad\u0259n m\u0259lumat verir. Qeyd olunur ki, IGB-nin tikintisinin gedi\u015fat\u0131 Bolqar\u0131stan\u0131n Energetika naziri Temenujka Petrova, el\u0259c\u0259 d\u0259 ICGB AD v\u0259 AVAX SA \u015firk\u0259tl\u0259rinin n\u00fcmay\u0259nd\u0259l\u0259rinin i\u015ftirak\u0131 il\u0259 m\u00fczakir\u0259 olunub. AVAX SA \u015firk\u0259tl\u0259rinin n\u00fcmay\u0259nd\u0259si bildirib ki, interkonnektorun tikintisi y\u00fcks\u0259k standartlara uy\u011fun davam edir v\u0259 m\u00fcqavil\u0259d\u0259 qeyd edil\u0259n vaxtda ba\u015fa \u00e7atacaq: &#8220;2020-ci il yanvar\u0131n sonunad\u0259k Bolqar\u0131stan v\u0259 Yunan\u0131stan&hellip;<\/p>\n","protected":false},"author":2,"featured_media":118110,"comment_status":"closed","ping_status":"closed","sticky":false,"template":"","format":"standard","meta":{"om_disable_all_campaigns":false,"_monsterinsights_skip_tracking":false,"_monsterinsights_sitenote_active":false,"_monsterinsights_sitenote_note":"","_monsterinsights_sitenote_category":0},"categories":[19],"tags":[],"aioseo_notices":[],"gutentor_comment":0,"rttpg_featured_image_url":{"full":["https:\/\/arantv.az\/wp-content\/uploads\/2020\/01\/817689.jpg",800,600,false],"landscape":["https:\/\/arantv.az\/wp-content\/uploads\/2020\/01\/817689.jpg",800,600,false],"portraits":["https:\/\/arantv.az\/wp-content\/uploads\/2020\/01\/817689.jpg",800,600,false],"thumbnail":["https:\/\/arantv.az\/wp-content\/uploads\/2020\/01\/817689-150x150.jpg",150,150,true],"medium":["https:\/\/arantv.az\/wp-content\/uploads\/2020\/01\/817689-300x225.jpg",300,225,true],"large":["https:\/\/arantv.az\/wp-content\/uploads\/2020\/01\/817689.jpg",640,480,false],"1536x1536":["https:\/\/arantv.az\/wp-content\/uploads\/2020\/01\/817689.jpg",800,600,false],"2048x2048":["https:\/\/arantv.az\/wp-content\/uploads\/2020\/01\/817689.jpg",800,600,false],"post-thumbnail":["https:\/\/arantv.az\/wp-content\/uploads\/2020\/01\/817689-240x172.jpg",240,172,true],"advps-thumb-one":["https:\/\/arantv.az\/wp-content\/uploads\/2020\/01\/817689.jpg",800,600,false]},"rttpg_author":{"display_name":"V\u00fcsal Rafiqo\u011flu","author_link":"https:\/\/arantv.az\/?author=2"},"rttpg_comment":0,"rttpg_category":"<a href=\"https:\/\/arantv.az\/?cat=19\" rel=\"category\">G\u00fcnd\u0259m<\/a>","rttpg_excerpt":"Az\u0259rbaycan qaz\u0131n\u0131n Bolqar\u0131stana n\u0259qlini n\u0259z\u0259rd\u0259 tutan Yunan\u0131stan-Bolqar\u0131stan interkonnektorunun (IGB) layih\u0259l\u0259ndirilm\u0259si, tikintisi v\u0259 sat\u0131nalmalar \u00fczr\u0259 podrat\u00e7\u0131s\u0131 olan Yunan\u0131stan\u0131n AVAX SA \u015firk\u0259ti layih\u0259nin realla\u015fd\u0131r\u0131lmas\u0131 zaman\u0131 yaranan ist\u0259nil\u0259n l\u0259ngim\u0259nin qar\u015f\u0131s\u0131n\u0131 alacaq. ARANTV.AZ\u00a0 x\u0259b\u0259r verir ki,\u00a0Trend\u00a0bu bar\u0259d\u0259 Bolqar\u0131stan\u0131n Energetika Nazirliyin\u0259 istinad\u0259n m\u0259lumat verir. Qeyd olunur ki, IGB-nin tikintisinin gedi\u015fat\u0131 Bolqar\u0131stan\u0131n Energetika naziri Temenujka Petrova, el\u0259c\u0259 d\u0259 ICGB AD v\u0259&hellip;","_links":{"self":[{"href":"https:\/\/arantv.az\/index.php?rest_route=\/wp\/v2\/posts\/118109"}],"collection":[{"href":"https:\/\/arantv.az\/index.php?rest_route=\/wp\/v2\/posts"}],"about":[{"href":"https:\/\/arantv.az\/index.php?rest_route=\/wp\/v2\/types\/post"}],"author":[{"embeddable":true,"href":"https:\/\/arantv.az\/index.php?rest_route=\/wp\/v2\/users\/2"}],"replies":[{"embeddable":true,"href":"https:\/\/arantv.az\/index.php?rest_route=%2Fwp%2Fv2%2Fcomments&post=118109"}],"version-history":[{"count":0,"href":"https:\/\/arantv.az\/index.php?rest_route=\/wp\/v2\/posts\/118109\/revisions"}],"wp:featuredmedia":[{"embeddable":true,"href":"https:\/\/arantv.az\/index.php?rest_route=\/wp\/v2\/media\/118110"}],"wp:attachment":[{"href":"https:\/\/arantv.az\/index.php?rest_route=%2Fwp%2Fv2%2Fmedia&parent=118109"}],"wp:term":[{"taxonomy":"category","embeddable":true,"href":"https:\/\/arantv.az\/index.php?rest_route=%2Fwp%2Fv2%2Fcategories&post=118109"},{"taxonomy":"post_tag","embeddable":true,"href":"https:\/\/arantv.az\/index.php?rest_route=%2Fwp%2Fv2%2Ftags&post=118109"}],"curies":[{"name":"wp","href":"https:\/\/api.w.org\/{rel}","templated":true}]}}