{"id":118537,"date":"2020-01-15T09:45:37","date_gmt":"2020-01-15T06:45:37","guid":{"rendered":"http:\/\/arantv.az\/?p=118537"},"modified":"2020-01-15T09:45:37","modified_gmt":"2020-01-15T06:45:37","slug":"baki-sumqayit-yolunda-%c9%99ks-yola-cixan-surucu-tutuldu-video","status":"publish","type":"post","link":"https:\/\/arantv.az\/?p=118537","title":{"rendered":"Bak\u0131-Sumqay\u0131t yolunda \u0259ks yola \u00e7\u0131xan s\u00fcr\u00fcc\u00fc tutuldu &#8211; V\u0130DEO"},"content":{"rendered":"<p>X\u0259b\u0259r verdiyimiz kimi, yanvar\u0131n 13-d\u0259 \u201cOpel\u201d markal\u0131, 10-VB-212 d\u00f6vl\u0259t n\u00f6mr\u0259 ni\u015fanl\u0131 avtomobil Bak\u0131-Sumqay\u0131t avtomagistral\u0131nda \u0259ks yol \u00e7\u0131xaraq, h\u0259r\u0259k\u0259tin dig\u0259r i\u015ftirak\u00e7\u0131lar\u0131na t\u0259hl\u00fck\u0259\u00a0<a href=\"https:\/\/oxu.az\/society\/355361\" target=\"_blank\" rel=\"noopener\">yarad\u0131b<\/a>.<\/p>\n<p>Bununla ba\u011fl\u0131 Ba\u015f D\u00f6vl\u0259t Yol Polisi \u0130dar\u0259sinin \u015f\u00f6b\u0259 r\u0259isi, polis polkovnik-leytenant\u0131 R\u00fcf\u0259t Quliyev\u00a0Oxu.Az-a a\u00e7\u0131qlama verib.<\/p>\n<p>Onun s\u00f6zl\u0259rin\u0259 g\u00f6r\u0259, Bak\u0131-Sumqay\u0131t avtomagistral\u0131nda \u0259ks yol \u00e7\u0131xaraq, h\u0259r\u0259k\u0259tin dig\u0259r i\u015ftirak\u00e7\u0131lar\u0131na t\u0259hl\u00fck\u0259 yaradan s\u00fcr\u00fcc\u00fc saxlan\u0131l\u0131b.<\/p>\n<div id=\"AdviadNativeVideo0\" class=\"AdviadNativeVideo\"><\/div>\n<p>R.Quliyev bildirib ki, videog\u00f6r\u00fcnt\u00fcl\u0259r\u0259 bax\u0131\u015f ke\u00e7irilib, d\u0259rhal z\u0259ruri t\u0259dbirl\u0259r g\u00f6r\u00fcl\u00fcb:<\/p>\n<p>\u201cOpel\u201d markal\u0131, 10-VB-212 d\u00f6vl\u0259t n\u00f6mr\u0259 ni\u015fanl\u0131 avtomobilin s\u00fcr\u00fcc\u00fcs\u00fc saxlan\u0131l\u0131b. O, Az\u0259rbaycan Respublikas\u0131n\u0131n \u0130nzibati X\u0259talar M\u0259c\u0259ll\u0259sinin 327.4-ci madd\u0259sin\u0259 \u0259sas\u0259n, inzibati m\u0259suliyy\u0259t\u0259 c\u0259lb olunub\u201d.<\/p>\n<div><iframe loading=\"lazy\" src=\"https:\/\/player.baku.tv\/embed\/12924\" width=\"560\" height=\"315\" frameborder=\"0\" allowfullscreen=\"allowfullscreen\" data-mce-fragment=\"1\"><\/iframe><\/div>\n<p>&nbsp;<\/p>\n","protected":false},"excerpt":{"rendered":"<p>X\u0259b\u0259r verdiyimiz kimi, yanvar\u0131n 13-d\u0259 \u201cOpel\u201d markal\u0131, 10-VB-212 d\u00f6vl\u0259t n\u00f6mr\u0259 ni\u015fanl\u0131 avtomobil Bak\u0131-Sumqay\u0131t avtomagistral\u0131nda \u0259ks yol \u00e7\u0131xaraq, h\u0259r\u0259k\u0259tin dig\u0259r i\u015ftirak\u00e7\u0131lar\u0131na t\u0259hl\u00fck\u0259\u00a0yarad\u0131b. Bununla ba\u011fl\u0131 Ba\u015f D\u00f6vl\u0259t Yol Polisi \u0130dar\u0259sinin \u015f\u00f6b\u0259 r\u0259isi, polis polkovnik-leytenant\u0131 R\u00fcf\u0259t Quliyev\u00a0Oxu.Az-a a\u00e7\u0131qlama verib. Onun s\u00f6zl\u0259rin\u0259 g\u00f6r\u0259, Bak\u0131-Sumqay\u0131t avtomagistral\u0131nda \u0259ks yol \u00e7\u0131xaraq, h\u0259r\u0259k\u0259tin dig\u0259r i\u015ftirak\u00e7\u0131lar\u0131na t\u0259hl\u00fck\u0259 yaradan s\u00fcr\u00fcc\u00fc saxlan\u0131l\u0131b. R.Quliyev bildirib ki, videog\u00f6r\u00fcnt\u00fcl\u0259r\u0259 bax\u0131\u015f ke\u00e7irilib, d\u0259rhal z\u0259ruri t\u0259dbirl\u0259r g\u00f6r\u00fcl\u00fcb: \u201cOpel\u201d markal\u0131, 10-VB-212 d\u00f6vl\u0259t n\u00f6mr\u0259 ni\u015fanl\u0131 avtomobilin s\u00fcr\u00fcc\u00fcs\u00fc saxlan\u0131l\u0131b. O, Az\u0259rbaycan Respublikas\u0131n\u0131n \u0130nzibati X\u0259talar M\u0259c\u0259ll\u0259sinin 327.4-ci madd\u0259sin\u0259 \u0259sas\u0259n, inzibati m\u0259suliyy\u0259t\u0259 c\u0259lb olunub\u201d. &nbsp;<\/p>\n","protected":false},"author":2,"featured_media":118538,"comment_status":"closed","ping_status":"closed","sticky":false,"template":"","format":"standard","meta":{"om_disable_all_campaigns":false,"_monsterinsights_skip_tracking":false,"_monsterinsights_sitenote_active":false,"_monsterinsights_sitenote_note":"","_monsterinsights_sitenote_category":0},"categories":[1],"tags":[],"aioseo_notices":[],"gutentor_comment":0,"rttpg_featured_image_url":{"full":["https:\/\/arantv.az\/wp-content\/uploads\/2020\/01\/82948932_527058464820941_3853332254382096384_n-1.jpg",620,349,false],"landscape":["https:\/\/arantv.az\/wp-content\/uploads\/2020\/01\/82948932_527058464820941_3853332254382096384_n-1.jpg",620,349,false],"portraits":["https:\/\/arantv.az\/wp-content\/uploads\/2020\/01\/82948932_527058464820941_3853332254382096384_n-1.jpg",620,349,false],"thumbnail":["https:\/\/arantv.az\/wp-content\/uploads\/2020\/01\/82948932_527058464820941_3853332254382096384_n-1-150x150.jpg",150,150,true],"medium":["https:\/\/arantv.az\/wp-content\/uploads\/2020\/01\/82948932_527058464820941_3853332254382096384_n-1-300x169.jpg",300,169,true],"large":["https:\/\/arantv.az\/wp-content\/uploads\/2020\/01\/82948932_527058464820941_3853332254382096384_n-1.jpg",620,349,false],"1536x1536":["https:\/\/arantv.az\/wp-content\/uploads\/2020\/01\/82948932_527058464820941_3853332254382096384_n-1.jpg",620,349,false],"2048x2048":["https:\/\/arantv.az\/wp-content\/uploads\/2020\/01\/82948932_527058464820941_3853332254382096384_n-1.jpg",620,349,false],"post-thumbnail":["https:\/\/arantv.az\/wp-content\/uploads\/2020\/01\/82948932_527058464820941_3853332254382096384_n-1-240x172.jpg",240,172,true],"advps-thumb-one":["https:\/\/arantv.az\/wp-content\/uploads\/2020\/01\/82948932_527058464820941_3853332254382096384_n-1.jpg",620,349,false]},"rttpg_author":{"display_name":"V\u00fcsal Rafiqo\u011flu","author_link":"https:\/\/arantv.az\/?author=2"},"rttpg_comment":0,"rttpg_category":"<a href=\"https:\/\/arantv.az\/?cat=1\" rel=\"category\">C\u0259miyy\u0259t<\/a>","rttpg_excerpt":"X\u0259b\u0259r verdiyimiz kimi, yanvar\u0131n 13-d\u0259 \u201cOpel\u201d markal\u0131, 10-VB-212 d\u00f6vl\u0259t n\u00f6mr\u0259 ni\u015fanl\u0131 avtomobil Bak\u0131-Sumqay\u0131t avtomagistral\u0131nda \u0259ks yol \u00e7\u0131xaraq, h\u0259r\u0259k\u0259tin dig\u0259r i\u015ftirak\u00e7\u0131lar\u0131na t\u0259hl\u00fck\u0259\u00a0yarad\u0131b. Bununla ba\u011fl\u0131 Ba\u015f D\u00f6vl\u0259t Yol Polisi \u0130dar\u0259sinin \u015f\u00f6b\u0259 r\u0259isi, polis polkovnik-leytenant\u0131 R\u00fcf\u0259t Quliyev\u00a0Oxu.Az-a a\u00e7\u0131qlama verib. Onun s\u00f6zl\u0259rin\u0259 g\u00f6r\u0259, Bak\u0131-Sumqay\u0131t avtomagistral\u0131nda \u0259ks yol \u00e7\u0131xaraq, h\u0259r\u0259k\u0259tin dig\u0259r i\u015ftirak\u00e7\u0131lar\u0131na t\u0259hl\u00fck\u0259 yaradan s\u00fcr\u00fcc\u00fc saxlan\u0131l\u0131b. R.Quliyev bildirib ki, videog\u00f6r\u00fcnt\u00fcl\u0259r\u0259&hellip;","_links":{"self":[{"href":"https:\/\/arantv.az\/index.php?rest_route=\/wp\/v2\/posts\/118537"}],"collection":[{"href":"https:\/\/arantv.az\/index.php?rest_route=\/wp\/v2\/posts"}],"about":[{"href":"https:\/\/arantv.az\/index.php?rest_route=\/wp\/v2\/types\/post"}],"author":[{"embeddable":true,"href":"https:\/\/arantv.az\/index.php?rest_route=\/wp\/v2\/users\/2"}],"replies":[{"embeddable":true,"href":"https:\/\/arantv.az\/index.php?rest_route=%2Fwp%2Fv2%2Fcomments&post=118537"}],"version-history":[{"count":0,"href":"https:\/\/arantv.az\/index.php?rest_route=\/wp\/v2\/posts\/118537\/revisions"}],"wp:featuredmedia":[{"embeddable":true,"href":"https:\/\/arantv.az\/index.php?rest_route=\/wp\/v2\/media\/118538"}],"wp:attachment":[{"href":"https:\/\/arantv.az\/index.php?rest_route=%2Fwp%2Fv2%2Fmedia&parent=118537"}],"wp:term":[{"taxonomy":"category","embeddable":true,"href":"https:\/\/arantv.az\/index.php?rest_route=%2Fwp%2Fv2%2Fcategories&post=118537"},{"taxonomy":"post_tag","embeddable":true,"href":"https:\/\/arantv.az\/index.php?rest_route=%2Fwp%2Fv2%2Ftags&post=118537"}],"curies":[{"name":"wp","href":"https:\/\/api.w.org\/{rel}","templated":true}]}}