{"id":118549,"date":"2020-01-15T09:48:15","date_gmt":"2020-01-15T06:48:15","guid":{"rendered":"http:\/\/arantv.az\/?p=118549"},"modified":"2020-01-15T09:48:15","modified_gmt":"2020-01-15T06:48:15","slug":"basqasinin-cinay%c9%99tin%c9%99-gor%c9%99-30-il-h%c9%99bsd%c9%99-yatdi","status":"publish","type":"post","link":"https:\/\/arantv.az\/?p=118549","title":{"rendered":"Ba\u015fqas\u0131n\u0131n cinay\u0259tin\u0259 g\u00f6r\u0259 30 il h\u0259bsd\u0259 yatd\u0131"},"content":{"rendered":"<p>AB\u015e-da ba\u015fqas\u0131n\u0131n cinay\u0259tin\u0259 g\u00f6r\u0259 30 il h\u0259bsxanada yatm\u0131\u015f t\u0259qsirsiz \u015f\u0259xs\u0259 b\u0259ra\u0259t verilib.<\/p>\n<p>Bu bar\u0259d\u0259 \u201cThe Guardian\u201d\u00a0q\u0259zeti m\u0259lumat yay\u0131b.<\/p>\n<p>Yanvar\u0131n 13-d\u0259 m\u0259hk\u0259m\u0259 1991-ci ild\u0259 veril\u0259n h\u00f6km\u00fc l\u0259\u011fv edib v\u0259 62 ya\u015fl\u0131 m\u0259hkum Serri Tomas\u0131 azadl\u0131\u011fa burax\u0131b.<\/p>\n<div id=\"AdviadNativeVideo0\" class=\"AdviadNativeVideo\"><\/div>\n<p>1987-ci ild\u0259 Mi\u00e7iqan \u015ftat\u0131n\u0131n Detroit \u015f\u0259h\u0259r sakini \u0259rzaq d\u00fckan\u0131 yax\u0131nl\u0131\u011f\u0131nda \u00f6z ma\u015f\u0131n\u0131nda h\u00fccuma m\u0259ruz qald\u0131\u011f\u0131 bar\u0259d\u0259 polis\u0259 \u015fikay\u0259t edib. \u0130ki il sonra z\u0259r\u0259r\u00e7\u0259k\u0259n \u015f\u0259xs Tomas\u0131 g\u00f6r\u00fcb v\u0259 h\u00fcquq-m\u00fchafiz\u0259\u00e7il\u0259r\u0259 h\u0259min h\u00fccum\u00e7unun o oldu\u011funu bildirib.<\/p>\n<p>Polisin kifay\u0259t q\u0259d\u0259r maddi s\u00fcbutlar\u0131 v\u0259 \u015fahid ifad\u0259l\u0259ri olmasa da, h\u00fccum v\u0259 q\u0259tl c\u0259hdin\u0259 g\u00f6r\u0259 Tomas 50 il h\u0259bs c\u0259zas\u0131na m\u0259hkum edilib.<\/p>\n<p>Qeyri-qanuni m\u0259hkum edilmi\u015f \u015f\u0259xsl\u0259rin h\u00fcququnun m\u00fcdafi\u0259si il\u0259 m\u0259\u015f\u011ful olan \u201cThe Innocence Project\u201d qeyri-kommersiya t\u0259\u015fkilat\u0131n\u0131n n\u00fcmay\u0259nd\u0259l\u0259ri 2010-cu ild\u0259 bu i\u015fi ara\u015fd\u0131rma\u011fa ba\u015flay\u0131blar.<\/p>\n<p>H\u00fcquq m\u00fcdafi\u0259\u00e7il\u0259ri dig\u0259r s\u00fcbutlarla yana\u015f\u0131, m\u00fc\u0259yy\u0259n edibl\u0259r ki, z\u0259r\u0259r\u00e7\u0259k\u0259n y\u0131\u011fcam \u201cFord Escort\u201d markal\u0131 avtomobili idar\u0259 edib. 1987-ci ild\u0259 cinay\u0259t t\u00f6r\u0259dildiyi zaman Tomas 190 santimetr boyunda, 115 kiloqram \u00e7\u0259kid\u0259 olub. N\u0259tic\u0259 etibaril\u0259, o, ma\u015f\u0131na asanl\u0131qla girib cinay\u0259t t\u00f6r\u0259d\u0259 bilm\u0259zdi.<\/p>\n<p>Z\u0259r\u0259r\u00e7\u0259k\u0259n art\u0131q v\u0259fat etdiyind\u0259n i\u015f\u0259 yenid\u0259n baxmaq v\u0259 \u0259sl cinay\u0259tkar\u0131 tapmaq m\u00fcmk\u00fcn deyil.<\/p>\n<p>Tomas evin\u0259,\u00a0ail\u0259sin\u0259 qay\u0131da bil\u0259c\u0259yi \u00fc\u00e7\u00fcn \u00e7ox sevinib v\u0259\u00a0h\u00fcquq m\u00fcdafi\u0259\u00e7il\u0259rin\u0259 minn\u0259tdarl\u0131\u011f\u0131n\u0131 bildirib.<\/p>\n<p>H\u00fcquq m\u00fcdafi\u0259\u00e7il\u0259rin s\u00f6zl\u0259rin\u0259 g\u00f6r\u0259, polis h\u0259rt\u0259r\u0259fli ara\u015fd\u0131rma aparsayd\u0131, Tomas he\u00e7 vaxt h\u0259bs olunmazd\u0131.<\/p>\n","protected":false},"excerpt":{"rendered":"<p>AB\u015e-da ba\u015fqas\u0131n\u0131n cinay\u0259tin\u0259 g\u00f6r\u0259 30 il h\u0259bsxanada yatm\u0131\u015f t\u0259qsirsiz \u015f\u0259xs\u0259 b\u0259ra\u0259t verilib. Bu bar\u0259d\u0259 \u201cThe Guardian\u201d\u00a0q\u0259zeti m\u0259lumat yay\u0131b. Yanvar\u0131n 13-d\u0259 m\u0259hk\u0259m\u0259 1991-ci ild\u0259 veril\u0259n h\u00f6km\u00fc l\u0259\u011fv edib v\u0259 62 ya\u015fl\u0131 m\u0259hkum Serri Tomas\u0131 azadl\u0131\u011fa burax\u0131b. 1987-ci ild\u0259 Mi\u00e7iqan \u015ftat\u0131n\u0131n Detroit \u015f\u0259h\u0259r sakini \u0259rzaq d\u00fckan\u0131 yax\u0131nl\u0131\u011f\u0131nda \u00f6z ma\u015f\u0131n\u0131nda h\u00fccuma m\u0259ruz qald\u0131\u011f\u0131 bar\u0259d\u0259 polis\u0259 \u015fikay\u0259t edib. \u0130ki il sonra z\u0259r\u0259r\u00e7\u0259k\u0259n \u015f\u0259xs Tomas\u0131 g\u00f6r\u00fcb v\u0259 h\u00fcquq-m\u00fchafiz\u0259\u00e7il\u0259r\u0259 h\u0259min h\u00fccum\u00e7unun o oldu\u011funu bildirib. Polisin kifay\u0259t q\u0259d\u0259r maddi s\u00fcbutlar\u0131 v\u0259 \u015fahid ifad\u0259l\u0259ri olmasa da, h\u00fccum v\u0259 q\u0259tl c\u0259hdin\u0259 g\u00f6r\u0259 Tomas 50 il h\u0259bs c\u0259zas\u0131na m\u0259hkum edilib.&hellip;<\/p>\n","protected":false},"author":2,"featured_media":118550,"comment_status":"closed","ping_status":"closed","sticky":false,"template":"","format":"standard","meta":{"om_disable_all_campaigns":false,"_monsterinsights_skip_tracking":false,"_monsterinsights_sitenote_active":false,"_monsterinsights_sitenote_note":"","_monsterinsights_sitenote_category":0},"categories":[7],"tags":[],"aioseo_notices":[],"gutentor_comment":0,"rttpg_featured_image_url":{"full":["https:\/\/arantv.az\/wp-content\/uploads\/2020\/01\/4850.jpg",620,372,false],"landscape":["https:\/\/arantv.az\/wp-content\/uploads\/2020\/01\/4850.jpg",620,372,false],"portraits":["https:\/\/arantv.az\/wp-content\/uploads\/2020\/01\/4850.jpg",620,372,false],"thumbnail":["https:\/\/arantv.az\/wp-content\/uploads\/2020\/01\/4850-150x150.jpg",150,150,true],"medium":["https:\/\/arantv.az\/wp-content\/uploads\/2020\/01\/4850-300x180.jpg",300,180,true],"large":["https:\/\/arantv.az\/wp-content\/uploads\/2020\/01\/4850.jpg",620,372,false],"1536x1536":["https:\/\/arantv.az\/wp-content\/uploads\/2020\/01\/4850.jpg",620,372,false],"2048x2048":["https:\/\/arantv.az\/wp-content\/uploads\/2020\/01\/4850.jpg",620,372,false],"post-thumbnail":["https:\/\/arantv.az\/wp-content\/uploads\/2020\/01\/4850-240x172.jpg",240,172,true],"advps-thumb-one":["https:\/\/arantv.az\/wp-content\/uploads\/2020\/01\/4850.jpg",620,372,false]},"rttpg_author":{"display_name":"V\u00fcsal Rafiqo\u011flu","author_link":"https:\/\/arantv.az\/?author=2"},"rttpg_comment":0,"rttpg_category":"<a href=\"https:\/\/arantv.az\/?cat=7\" rel=\"category\">D\u00fcnya<\/a>","rttpg_excerpt":"AB\u015e-da ba\u015fqas\u0131n\u0131n cinay\u0259tin\u0259 g\u00f6r\u0259 30 il h\u0259bsxanada yatm\u0131\u015f t\u0259qsirsiz \u015f\u0259xs\u0259 b\u0259ra\u0259t verilib. Bu bar\u0259d\u0259 \u201cThe Guardian\u201d\u00a0q\u0259zeti m\u0259lumat yay\u0131b. Yanvar\u0131n 13-d\u0259 m\u0259hk\u0259m\u0259 1991-ci ild\u0259 veril\u0259n h\u00f6km\u00fc l\u0259\u011fv edib v\u0259 62 ya\u015fl\u0131 m\u0259hkum Serri Tomas\u0131 azadl\u0131\u011fa burax\u0131b. 1987-ci ild\u0259 Mi\u00e7iqan \u015ftat\u0131n\u0131n Detroit \u015f\u0259h\u0259r sakini \u0259rzaq d\u00fckan\u0131 yax\u0131nl\u0131\u011f\u0131nda \u00f6z ma\u015f\u0131n\u0131nda h\u00fccuma m\u0259ruz qald\u0131\u011f\u0131 bar\u0259d\u0259 polis\u0259 \u015fikay\u0259t edib. \u0130ki&hellip;","_links":{"self":[{"href":"https:\/\/arantv.az\/index.php?rest_route=\/wp\/v2\/posts\/118549"}],"collection":[{"href":"https:\/\/arantv.az\/index.php?rest_route=\/wp\/v2\/posts"}],"about":[{"href":"https:\/\/arantv.az\/index.php?rest_route=\/wp\/v2\/types\/post"}],"author":[{"embeddable":true,"href":"https:\/\/arantv.az\/index.php?rest_route=\/wp\/v2\/users\/2"}],"replies":[{"embeddable":true,"href":"https:\/\/arantv.az\/index.php?rest_route=%2Fwp%2Fv2%2Fcomments&post=118549"}],"version-history":[{"count":0,"href":"https:\/\/arantv.az\/index.php?rest_route=\/wp\/v2\/posts\/118549\/revisions"}],"wp:featuredmedia":[{"embeddable":true,"href":"https:\/\/arantv.az\/index.php?rest_route=\/wp\/v2\/media\/118550"}],"wp:attachment":[{"href":"https:\/\/arantv.az\/index.php?rest_route=%2Fwp%2Fv2%2Fmedia&parent=118549"}],"wp:term":[{"taxonomy":"category","embeddable":true,"href":"https:\/\/arantv.az\/index.php?rest_route=%2Fwp%2Fv2%2Fcategories&post=118549"},{"taxonomy":"post_tag","embeddable":true,"href":"https:\/\/arantv.az\/index.php?rest_route=%2Fwp%2Fv2%2Ftags&post=118549"}],"curies":[{"name":"wp","href":"https:\/\/api.w.org\/{rel}","templated":true}]}}