{"id":118565,"date":"2020-01-15T09:59:33","date_gmt":"2020-01-15T06:59:33","guid":{"rendered":"http:\/\/arantv.az\/?p=118565"},"modified":"2020-01-15T09:59:33","modified_gmt":"2020-01-15T06:59:33","slug":"bakida-ol%c9%99n-3-t%c9%99l%c9%99b%c9%99nin-meyiti-olk%c9%99sin%c9%99-catdirildi","status":"publish","type":"post","link":"https:\/\/arantv.az\/?p=118565","title":{"rendered":"Bak\u0131da \u00f6l\u0259n 3 t\u0259l\u0259b\u0259nin meyiti \u00f6lk\u0259sin\u0259 \u00e7atd\u0131r\u0131ld\u0131"},"content":{"rendered":"<p><strong>Bak\u0131da ba\u015f ver\u0259n yan\u011f\u0131nda \u00f6l\u0259n \u015eri-Lankadan olan \u00fc\u00e7 t\u0259l\u0259b\u0259nin meyiti paytaxt Kolomboya \u00e7atd\u0131r\u0131l\u0131b.<\/strong><\/p>\n<p><strong>ARANTV.AZ\u00a0\u00a0<\/strong>x\u0259b\u0259r verir ki, meyitin apar\u0131lmas\u0131 \u015eri-Lankan\u0131n Tehran v\u0259 Dohadak\u0131 diplomatik n\u00fcmay\u0259nd\u0259likl\u0259rinin vasit\u0259\u00e7iliyi il\u0259 h\u0259yata ke\u00e7irilib.<\/p>\n","protected":false},"excerpt":{"rendered":"<p>Bak\u0131da ba\u015f ver\u0259n yan\u011f\u0131nda \u00f6l\u0259n \u015eri-Lankadan olan \u00fc\u00e7 t\u0259l\u0259b\u0259nin meyiti paytaxt Kolomboya \u00e7atd\u0131r\u0131l\u0131b. ARANTV.AZ\u00a0\u00a0x\u0259b\u0259r verir ki, meyitin apar\u0131lmas\u0131 \u015eri-Lankan\u0131n Tehran v\u0259 Dohadak\u0131 diplomatik n\u00fcmay\u0259nd\u0259likl\u0259rinin vasit\u0259\u00e7iliyi il\u0259 h\u0259yata ke\u00e7irilib.<\/p>\n","protected":false},"author":2,"featured_media":118566,"comment_status":"closed","ping_status":"closed","sticky":false,"template":"","format":"standard","meta":{"om_disable_all_campaigns":false,"_monsterinsights_skip_tracking":false,"_monsterinsights_sitenote_active":false,"_monsterinsights_sitenote_note":"","_monsterinsights_sitenote_category":0},"categories":[5],"tags":[],"aioseo_notices":[],"gutentor_comment":0,"rttpg_featured_image_url":{"full":["https:\/\/arantv.az\/wp-content\/uploads\/2020\/01\/1579070702.fot1_.jpg",600,400,false],"landscape":["https:\/\/arantv.az\/wp-content\/uploads\/2020\/01\/1579070702.fot1_.jpg",600,400,false],"portraits":["https:\/\/arantv.az\/wp-content\/uploads\/2020\/01\/1579070702.fot1_.jpg",600,400,false],"thumbnail":["https:\/\/arantv.az\/wp-content\/uploads\/2020\/01\/1579070702.fot1_-150x150.jpg",150,150,true],"medium":["https:\/\/arantv.az\/wp-content\/uploads\/2020\/01\/1579070702.fot1_-300x200.jpg",300,200,true],"large":["https:\/\/arantv.az\/wp-content\/uploads\/2020\/01\/1579070702.fot1_.jpg",600,400,false],"1536x1536":["https:\/\/arantv.az\/wp-content\/uploads\/2020\/01\/1579070702.fot1_.jpg",600,400,false],"2048x2048":["https:\/\/arantv.az\/wp-content\/uploads\/2020\/01\/1579070702.fot1_.jpg",600,400,false],"post-thumbnail":["https:\/\/arantv.az\/wp-content\/uploads\/2020\/01\/1579070702.fot1_-240x172.jpg",240,172,true],"advps-thumb-one":["https:\/\/arantv.az\/wp-content\/uploads\/2020\/01\/1579070702.fot1_.jpg",600,400,false]},"rttpg_author":{"display_name":"V\u00fcsal Rafiqo\u011flu","author_link":"https:\/\/arantv.az\/?author=2"},"rttpg_comment":0,"rttpg_category":"<a href=\"https:\/\/arantv.az\/?cat=5\" rel=\"category\">Hadis\u0259<\/a>","rttpg_excerpt":"Bak\u0131da ba\u015f ver\u0259n yan\u011f\u0131nda \u00f6l\u0259n \u015eri-Lankadan olan \u00fc\u00e7 t\u0259l\u0259b\u0259nin meyiti paytaxt Kolomboya \u00e7atd\u0131r\u0131l\u0131b. ARANTV.AZ\u00a0\u00a0x\u0259b\u0259r verir ki, meyitin apar\u0131lmas\u0131 \u015eri-Lankan\u0131n Tehran v\u0259 Dohadak\u0131 diplomatik n\u00fcmay\u0259nd\u0259likl\u0259rinin vasit\u0259\u00e7iliyi il\u0259 h\u0259yata ke\u00e7irilib.","_links":{"self":[{"href":"https:\/\/arantv.az\/index.php?rest_route=\/wp\/v2\/posts\/118565"}],"collection":[{"href":"https:\/\/arantv.az\/index.php?rest_route=\/wp\/v2\/posts"}],"about":[{"href":"https:\/\/arantv.az\/index.php?rest_route=\/wp\/v2\/types\/post"}],"author":[{"embeddable":true,"href":"https:\/\/arantv.az\/index.php?rest_route=\/wp\/v2\/users\/2"}],"replies":[{"embeddable":true,"href":"https:\/\/arantv.az\/index.php?rest_route=%2Fwp%2Fv2%2Fcomments&post=118565"}],"version-history":[{"count":0,"href":"https:\/\/arantv.az\/index.php?rest_route=\/wp\/v2\/posts\/118565\/revisions"}],"wp:featuredmedia":[{"embeddable":true,"href":"https:\/\/arantv.az\/index.php?rest_route=\/wp\/v2\/media\/118566"}],"wp:attachment":[{"href":"https:\/\/arantv.az\/index.php?rest_route=%2Fwp%2Fv2%2Fmedia&parent=118565"}],"wp:term":[{"taxonomy":"category","embeddable":true,"href":"https:\/\/arantv.az\/index.php?rest_route=%2Fwp%2Fv2%2Fcategories&post=118565"},{"taxonomy":"post_tag","embeddable":true,"href":"https:\/\/arantv.az\/index.php?rest_route=%2Fwp%2Fv2%2Ftags&post=118565"}],"curies":[{"name":"wp","href":"https:\/\/api.w.org\/{rel}","templated":true}]}}